{"id":12055,"date":"2021-12-20T11:06:05","date_gmt":"2021-12-20T14:06:05","guid":{"rendered":"https:\/\/radiorevelacionfm.cl\/?p=12055"},"modified":"2021-12-20T11:06:05","modified_gmt":"2021-12-20T14:06:05","slug":"salud-lanza-campana-para-fiestas-de-fin-de-ano-no-invites-al-covid","status":"publish","type":"post","link":"https:\/\/radiorevelacionfm.cl\/?p=12055","title":{"rendered":"Salud lanza Campa\u00f1a para fiestas de fin de a\u00f1o \u201cNo invites al COVID\u201d"},"content":{"rendered":"<div class=\"flex_column av_one_full  flex_column_div av-zero-column-padding first  avia-builder-el-0  el_before_av_one_full  avia-builder-el-first  \" style='border-radius:0px; '><div  class='avia-image-container  av-styling-    avia-builder-el-1  avia-builder-el-no-sibling  avia-align-center '  itemprop=\"image\" itemscope=\"itemscope\" itemtype=\"https:\/\/schema.org\/ImageObject\"  ><div class='avia-image-container-inner'><div class='avia-image-overlay-wrap'><img decoding=\"async\" class='wp-image-12056 avia-img-lazy-loading-not-12056 avia_image' src=\"https:\/\/radiorevelacionfm.cl\/wp-content\/uploads\/2021\/12\/campana-no-invites-al-covid2-2_optimized.jpg\" alt='' title='campa\u00f1a-no-invites-al-covid2-2_optimized' height=\"600\" width=\"900\"  itemprop=\"thumbnailUrl\" srcset=\"https:\/\/radiorevelacionfm.cl\/wp-content\/uploads\/2021\/12\/campana-no-invites-al-covid2-2_optimized.jpg 900w, https:\/\/radiorevelacionfm.cl\/wp-content\/uploads\/2021\/12\/campana-no-invites-al-covid2-2_optimized-300x200.jpg 300w, https:\/\/radiorevelacionfm.cl\/wp-content\/uploads\/2021\/12\/campana-no-invites-al-covid2-2_optimized-768x512.jpg 768w, https:\/\/radiorevelacionfm.cl\/wp-content\/uploads\/2021\/12\/campana-no-invites-al-covid2-2_optimized-705x470.jpg 705w, https:\/\/radiorevelacionfm.cl\/wp-content\/uploads\/2021\/12\/campana-no-invites-al-covid2-2_optimized-600x400.jpg 600w\" sizes=\"(max-width: 900px) 100vw, 900px\" \/><\/div><\/div><\/div><\/div><div class=\"flex_column av_one_full  flex_column_div av-zero-column-padding first  avia-builder-el-2  el_after_av_one_full  el_before_av_one_full  column-top-margin\" style='border-radius:0px; '><section class=\"av_textblock_section \"  itemscope=\"itemscope\" itemtype=\"https:\/\/schema.org\/BlogPosting\" itemprop=\"blogPost\" ><div class='avia_textblock  '   itemprop=\"text\" ><p style=\"text-align: center;\"><strong><span style=\"font-size: 18pt;\">Salud lanza Campa\u00f1a para fiestas de fin de a\u00f1o \u201cNo invites al COVID\u201d<\/span><\/strong><\/p>\n<div id=\"gtx-trans\" style=\"position: absolute; left: -50px; top: 4.31534px;\">\n<div class=\"gtx-trans-icon\"><\/div>\n<\/div>\n<\/div><\/section><\/div><div class=\"flex_column av_one_full  flex_column_div av-zero-column-padding first  avia-builder-el-4  el_after_av_one_full  el_before_av_hr  column-top-margin\" style='border-radius:0px; '><section class=\"av_textblock_section \"  itemscope=\"itemscope\" itemtype=\"https:\/\/schema.org\/BlogPosting\" itemprop=\"blogPost\" ><div class='avia_textblock  '   itemprop=\"text\" ><p style=\"text-align: justify;\">La Subsecretaria de Salud P\u00fablica, Mar\u00eda Teresa Valenzuela, dio a conocer hoy el Plan \u201cNo invites al Covid-19\u201d, cuyo objetivo es que las personas se cuiden en Navidad y A\u00f1o Nuevo con el fin de evitar brotes intradomiciliarios.<\/p>\n<p style=\"text-align: justify;\">Esta iniciativa tiene como misi\u00f3n mantener el estado de alerta para proteger a la poblaci\u00f3n contra el Covid, apoy\u00e1ndose en la comunicaci\u00f3n de riesgo, testeo, trazabilidad, y aislamiento, fiscalizaci\u00f3n y fortalecimiento de la acci\u00f3n interministerial e intersectorial.<\/p>\n<p style=\"text-align: justify;\">Gracias a la campa\u00f1a de vacunaci\u00f3n, estas fiestas se podr\u00e1n disfrutar con m\u00e1s compa\u00f1\u00eda y mayores libertades, lo que tambi\u00e9n requiere mayores responsabilidades en el autocuidado.<\/p>\n<p style=\"text-align: justify;\">La autoridad destac\u00f3 que en estas fiestas de fin de a\u00f1o el escenario epidemiol\u00f3gico del pa\u00eds es mucho mejor que el del a\u00f1o anterior, lo que permite tener mayores libertades, pero que \u00e9stas deben disfrutarse con responsabilidad. \u201cFrente a la nueva variante \u00d3micron, debemos seguir teniendo resguardos. Esta campa\u00f1a tiene como objetivo el educar e informar a las personas acerca de los cuidados que deben tener tanto en sus reuniones sociales como en sus compras en el comercio\u201d, agreg\u00f3 Valenzuela.<\/p>\n<p style=\"text-align: justify;\">Las autoridades destacaron que es clave mantener conductas de autocuidado en los sitios que visitemos para realizar compras, tanto para los vendedores como para los compradores. Adem\u00e1s de explicar\u00a0que se est\u00e1n realizando capacitaciones, a trav\u00e9s de las cuadrillas sanitarias, para educar e informar a emprendedores y comerciantes.<\/p>\n<p style=\"text-align: justify;\">Adem\u00e1s, se han desplegado casi 2.300 puntos en el pa\u00eds de testeo gratuito y tambi\u00e9n realizando b\u00fasqueda activa de casos. Un eje importante es la fiscalizaci\u00f3n, se intensificar\u00e1 en materia de a aforo y control de lectura del pase de movilidad previo a las fiestas de a\u00f1o nuevo. Se educar\u00e1 a locatarios de eventos y lugares gastron\u00f3micos sobre la correcta lectura del pase para asegurar que quienes compartan en un mismo espacio est\u00e9n con sus vacunas al d\u00eda.<\/p>\n<\/div><\/section><\/div><div  style='height:50px' class='hr hr-invisible   avia-builder-el-6  el_after_av_one_full  el_before_av_social_share '><span class='hr-inner ' ><span class='hr-inner-style'><\/span><\/span><\/div><\/p>\n<div  class='av-social-sharing-box  avia-builder-el-7  el_after_av_hr  el_before_av_hr  '><div class='av-share-box'><h5 class='av-share-link-description av-no-toc '>Compartir esta noticia<\/h5><ul class='av-share-box-list noLightbox'><li class='av-share-link av-social-link-facebook' ><a target=\"_blank\" aria-label=\"Compartir en Facebook\" href='https:\/\/www.facebook.com\/sharer.php?u=https:\/\/radiorevelacionfm.cl\/?p=12055&#038;t=Salud%20lanza%20Campa%C3%B1a%20para%20fiestas%20de%20fin%20de%20a%C3%B1o%20%E2%80%9CNo%20invites%20al%20COVID%E2%80%9D' aria-hidden='false' data-av_icon='\ue8f3' data-av_iconfont='entypo-fontello' title='' data-avia-related-tooltip='Compartir en Facebook' rel=\"noopener\"><span class='avia_hidden_link_text'>Compartir en Facebook<\/span><\/a><\/li><li class='av-share-link av-social-link-twitter' ><a target=\"_blank\" aria-label=\"Compartir en Twitter\" href='https:\/\/twitter.com\/share?text=Salud%20lanza%20Campa%C3%B1a%20para%20fiestas%20de%20fin%20de%20a%C3%B1o%20%E2%80%9CNo%20invites%20al%20COVID%E2%80%9D&#038;url=https:\/\/radiorevelacionfm.cl\/?p=12055' aria-hidden='false' data-av_icon='\ue8f1' data-av_iconfont='entypo-fontello' title='' data-avia-related-tooltip='Compartir en Twitter' rel=\"noopener\"><span class='avia_hidden_link_text'>Compartir en Twitter<\/span><\/a><\/li><li class='av-share-link av-social-link-whatsapp' ><a target=\"_blank\" aria-label=\"Compartir en Whatsapp\" href='https:\/\/api.whatsapp.com\/send?text=https:\/\/radiorevelacionfm.cl\/?p=12055' aria-hidden='false' data-av_icon='\uf232' data-av_iconfont='entypo-fontello' title='' data-avia-related-tooltip='Compartir en Whatsapp' rel=\"noopener\"><span class='avia_hidden_link_text'>Compartir en Whatsapp<\/span><\/a><\/li><li class='av-share-link av-social-link-linkedin' ><a target=\"_blank\" aria-label=\"Compartir en LinkedIn\" href='https:\/\/linkedin.com\/shareArticle?mini=true&#038;title=Salud%20lanza%20Campa%C3%B1a%20para%20fiestas%20de%20fin%20de%20a%C3%B1o%20%E2%80%9CNo%20invites%20al%20COVID%E2%80%9D&#038;url=https:\/\/radiorevelacionfm.cl\/?p=12055' aria-hidden='false' data-av_icon='\ue8fc' data-av_iconfont='entypo-fontello' title='' data-avia-related-tooltip='Compartir en LinkedIn' rel=\"noopener\"><span class='avia_hidden_link_text'>Compartir en LinkedIn<\/span><\/a><\/li><li class='av-share-link av-social-link-mail' ><a  aria-label=\"Compartir por correo\" href='mailto:?subject=Salud%20lanza%20Campa%C3%B1a%20para%20fiestas%20de%20fin%20de%20a%C3%B1o%20%E2%80%9CNo%20invites%20al%20COVID%E2%80%9D&#038;body=https:\/\/radiorevelacionfm.cl\/?p=12055' aria-hidden='false' data-av_icon='\ue805' data-av_iconfont='entypo-fontello' title='' data-avia-related-tooltip='Compartir por correo'><span class='avia_hidden_link_text'>Compartir por correo<\/span><\/a><\/li><\/ul><\/div><\/div>\n<div  style='height:50px' class='hr hr-invisible   avia-builder-el-8  el_after_av_social_share  el_before_av_comments_list '><span class='hr-inner ' ><span class='hr-inner-style'><\/span><\/span><\/div>\n<div  class='av-buildercomment  av-blog-meta-html-info-disabled av-blog-meta-tag-disabled  '><\/div>\n","protected":false},"excerpt":{"rendered":"","protected":false},"author":1,"featured_media":12056,"comment_status":"open","ping_status":"open","sticky":false,"template":"","format":"standard","meta":{"footnotes":""},"categories":[46],"tags":[],"class_list":["post-12055","post","type-post","status-publish","format-standard","has-post-thumbnail","hentry","category-salud"],"jetpack_featured_media_url":"https:\/\/radiorevelacionfm.cl\/wp-content\/uploads\/2021\/12\/campana-no-invites-al-covid2-2_optimized.jpg","_links":{"self":[{"href":"https:\/\/radiorevelacionfm.cl\/index.php?rest_route=\/wp\/v2\/posts\/12055","targetHints":{"allow":["GET"]}}],"collection":[{"href":"https:\/\/radiorevelacionfm.cl\/index.php?rest_route=\/wp\/v2\/posts"}],"about":[{"href":"https:\/\/radiorevelacionfm.cl\/index.php?rest_route=\/wp\/v2\/types\/post"}],"author":[{"embeddable":true,"href":"https:\/\/radiorevelacionfm.cl\/index.php?rest_route=\/wp\/v2\/users\/1"}],"replies":[{"embeddable":true,"href":"https:\/\/radiorevelacionfm.cl\/index.php?rest_route=%2Fwp%2Fv2%2Fcomments&post=12055"}],"version-history":[{"count":2,"href":"https:\/\/radiorevelacionfm.cl\/index.php?rest_route=\/wp\/v2\/posts\/12055\/revisions"}],"predecessor-version":[{"id":12058,"href":"https:\/\/radiorevelacionfm.cl\/index.php?rest_route=\/wp\/v2\/posts\/12055\/revisions\/12058"}],"wp:featuredmedia":[{"embeddable":true,"href":"https:\/\/radiorevelacionfm.cl\/index.php?rest_route=\/wp\/v2\/media\/12056"}],"wp:attachment":[{"href":"https:\/\/radiorevelacionfm.cl\/index.php?rest_route=%2Fwp%2Fv2%2Fmedia&parent=12055"}],"wp:term":[{"taxonomy":"category","embeddable":true,"href":"https:\/\/radiorevelacionfm.cl\/index.php?rest_route=%2Fwp%2Fv2%2Fcategories&post=12055"},{"taxonomy":"post_tag","embeddable":true,"href":"https:\/\/radiorevelacionfm.cl\/index.php?rest_route=%2Fwp%2Fv2%2Ftags&post=12055"}],"curies":[{"name":"wp","href":"https:\/\/api.w.org\/{rel}","templated":true}]}}