{"id":12051,"date":"2021-12-20T10:31:37","date_gmt":"2021-12-20T13:31:37","guid":{"rendered":"https:\/\/radiorevelacionfm.cl\/?p=12051"},"modified":"2021-12-20T10:31:37","modified_gmt":"2021-12-20T13:31:37","slug":"docentes-de-litoral-austral-se-capacitan-en-especialidad-de-matematicas-de-fundacion-astoreca","status":"publish","type":"post","link":"https:\/\/radiorevelacionfm.cl\/?p=12051","title":{"rendered":"Docentes de Litoral Austral se capacitan en especialidad de matem\u00e1ticas de Fundaci\u00f3n Astoreca"},"content":{"rendered":"<div class=\"flex_column av_one_full  flex_column_div av-zero-column-padding first  avia-builder-el-0  el_before_av_one_full  avia-builder-el-first  \" style='border-radius:0px; '><div  class='avia-image-container  av-styling-    avia-builder-el-1  avia-builder-el-no-sibling  avia-align-center '  itemprop=\"image\" itemscope=\"itemscope\" itemtype=\"https:\/\/schema.org\/ImageObject\"  ><div class='avia-image-container-inner'><div class='avia-image-overlay-wrap'><img decoding=\"async\" class='wp-image-12052 avia-img-lazy-loading-not-12052 avia_image' src=\"https:\/\/radiorevelacionfm.cl\/wp-content\/uploads\/2021\/12\/268818966_4576298092497149_4254410230956959401_n-2-2.jpg\" alt='' title='268818966_4576298092497149_4254410230956959401_n-2-2' height=\"600\" width=\"800\"  itemprop=\"thumbnailUrl\" srcset=\"https:\/\/radiorevelacionfm.cl\/wp-content\/uploads\/2021\/12\/268818966_4576298092497149_4254410230956959401_n-2-2.jpg 800w, https:\/\/radiorevelacionfm.cl\/wp-content\/uploads\/2021\/12\/268818966_4576298092497149_4254410230956959401_n-2-2-300x225.jpg 300w, https:\/\/radiorevelacionfm.cl\/wp-content\/uploads\/2021\/12\/268818966_4576298092497149_4254410230956959401_n-2-2-768x576.jpg 768w, https:\/\/radiorevelacionfm.cl\/wp-content\/uploads\/2021\/12\/268818966_4576298092497149_4254410230956959401_n-2-2-705x529.jpg 705w, https:\/\/radiorevelacionfm.cl\/wp-content\/uploads\/2021\/12\/268818966_4576298092497149_4254410230956959401_n-2-2-600x450.jpg 600w\" sizes=\"(max-width: 800px) 100vw, 800px\" \/><\/div><\/div><\/div><\/div><div class=\"flex_column av_one_full  flex_column_div av-zero-column-padding first  avia-builder-el-2  el_after_av_one_full  el_before_av_one_full  column-top-margin\" style='border-radius:0px; '><section class=\"av_textblock_section \"  itemscope=\"itemscope\" itemtype=\"https:\/\/schema.org\/BlogPosting\" itemprop=\"blogPost\" ><div class='avia_textblock  '   itemprop=\"text\" ><p style=\"text-align: center;\"><strong><span style=\"font-size: 18pt;\">Docentes de Litoral Austral se capacitan en especialidad de matem\u00e1ticas de Fundaci\u00f3n Astoreca<\/span><\/strong><\/p>\n<div id=\"gtx-trans\" style=\"position: absolute; left: -50px; top: 4.31534px;\">\n<div class=\"gtx-trans-icon\"><\/div>\n<\/div>\n<\/div><\/section><\/div><div class=\"flex_column av_one_full  flex_column_div av-zero-column-padding first  avia-builder-el-4  el_after_av_one_full  el_before_av_hr  column-top-margin\" style='border-radius:0px; '><section class=\"av_textblock_section \"  itemscope=\"itemscope\" itemtype=\"https:\/\/schema.org\/BlogPosting\" itemprop=\"blogPost\" ><div class='avia_textblock  '   itemprop=\"text\" ><p style=\"text-align: justify;\">Una importante instancia se vivi\u00f3 por estos d\u00edas en la escuela Litoral Austral en Puerto Ays\u00e9n. Se trata de una capacitaci\u00f3n en la asignatura de matem\u00e1ticas para los docentes y profesionales del establecimiento educacional municipalizado, dictado por Macarena M\u00fcller, profesora de la asignatura de la Fundaci\u00f3n Astoreca, quien arrib\u00f3 a la capital comunal para, durante tres d\u00edas, dictar este perfeccionamiento, que finalmente beneficiar\u00e1 a los ni\u00f1os y ni\u00f1as estudiantes del recinto educativo local.<\/p>\n<p style=\"text-align: justify;\">Como una necesidad por parte de los profesores de la escuela surgi\u00f3 esta iniciativa, que busca ense\u00f1ar de manera te\u00f3rica y pr\u00e1ctica c\u00f3mo sacar el m\u00e1ximo de provecho del material de apoyo, como es el texto de estudio, que fue adquirido a esta fundaci\u00f3n, cuyo objetivo es dar a conocer dicha propuesta metodol\u00f3gica de la ense\u00f1anza para los niveles 1\u00b0, 2\u00b0, 3\u00b0 y 4\u00b0 b\u00e1sico, basado en los textos desarrollados por Astoreca Editorial para cada nivel.<\/p>\n<p style=\"text-align: justify;\">De esta manera, fue coordinado este curso de perfeccionamiento, que cont\u00f3 con la participaci\u00f3n de 18 integrantes de la escuela, entre profesores del ramo, educadoras diferenciales y profesionales del programa de Integraci\u00f3n Escolar, PIE; a trav\u00e9s de un curso de 22 horas cronol\u00f3gicas que tras iniciar este martes, culmin\u00f3 este viernes \u00faltimo.<\/p>\n<p style=\"text-align: justify;\">\u201cLa escuela Litoral Austral adquiri\u00f3 nuestros libros en tiempos de pandemia, por lo cual no pudieron acceder a la capacitaci\u00f3n presencial una vez obtenidos los libros. Los comenzaron a utilizar, y sintieron la necesidad de saber c\u00f3mo se usan, c\u00f3mo se puede hacer una mejor clase de matem\u00e1ticas, como se puede utilizar material concreto. Por ello, ahora se realiza esta capacitaci\u00f3n presencial para que los profesores puedan instalar finalmente el programa matem\u00e1tico, y que apunta a dos focos esenciales. Uno, que conozcan una estructura de la clase de matem\u00e1tica, su contenido, su fundamento, y lo que contine cada parte. Y el otro foco es la ense\u00f1anza de los n\u00fameros y las operaciones como tal, por ende, esta semana los capacitados pr\u00e1cticamente han sido ni\u00f1os que han jugado con los bloques base diez, los cubos unifix, y han podido experimentar las matem\u00e1ticas\u201d, se\u00f1al\u00f3 la profesional a cargo de la capacitaci\u00f3n, Macarena M\u00fcller, quien adem\u00e1s relev\u00f3 la motivaci\u00f3n y la apertura de los docentes ayseninos par con el contenido de este perfeccionamiento. \u201cLa disposici\u00f3n ha sido tremenda, muy abiertos de recibir estos nuevos aprendizajes, de reflexionar de su labor, de lo que hac\u00edan antes, de c\u00f3mo son estos nuevos aprendizajes a los ni\u00f1os, as\u00ed que ha sido una tremenda experiencia, me he sentido super feliz y s\u00e9 que esto ser\u00e1 buen\u00edsimo par la escuela\u201d.<\/p>\n<p style=\"text-align: justify;\">Por su parte, Karina Rodr\u00edguez, coordinadora de la Unidad T\u00e9cnico Pedag\u00f3gica del recinto educativo, dio cuenta de la relevancia de esta capacitaci\u00f3n \u201cporque viene a unificar los lineamientos del \u00e1rea de matem\u00e1ticas. Nosotros llev\u00e1bamos ya dos a\u00f1os trabajando con los libros, pero nos faltaba la metodolog\u00eda, los talleres de c\u00f3mo utilizar bien el recurso para lograr realmente un aprendizaje efectivo en los ni\u00f1os. As\u00ed que ha sido muy bueno ya que nos permitir\u00e1 tener un lineamiento de trabajo, un lenguaje com\u00fan y que todos trabajemos al mismo ritmo y al mismo nivel\u201d.<\/p>\n<p style=\"text-align: justify;\">En tanto, la profesora perteneciente al PIE de la escuela, Cristina Costella, manifest\u00f3 lo grato que ha resultado la experiencia \u201cporque la profesora se ha preocupado de que la capacitaci\u00f3n sea de excelencia. En cuanto a las presentaciones, el material, lo did\u00e1ctico que ha sido, ha abarcando lo te\u00f3rico y pr\u00e1ctico, ha sido un aprendizaje super entretenido. Este tipo de instancias se lo debemos al equipo directivo que siempre se est\u00e1 preocupando en pro de nuestros ni\u00f1os, siempre todo es a beneficio de ellos. Estamos conociendo a cabalidad las estrategias que se utilizan en Astoreca para ser plasmado en nuestros niveles desde primero a sexto b\u00e1sico, lo cual es tremendamente bueno, y estoy segura tendr\u00e1 un impacto muy positivo en nuestros ni\u00f1os\u201d.<\/p>\n<p style=\"text-align: justify;\">Astoreca es una fundaci\u00f3n que busca contribuir a la calidad de la educaci\u00f3n de los sectores vulnerables de Chile, mediante buenas pr\u00e1cticas que se imparten a trav\u00e9s de asesor\u00edas en las m\u00e1s diversas \u00e1reas, junto a la generaci\u00f3n de materiales did\u00e1cticos.<\/p>\n<\/div><\/section><\/div><div  style='height:50px' class='hr hr-invisible   avia-builder-el-6  el_after_av_one_full  el_before_av_social_share '><span class='hr-inner ' ><span class='hr-inner-style'><\/span><\/span><\/div><\/p>\n<div  class='av-social-sharing-box  avia-builder-el-7  el_after_av_hr  el_before_av_hr  '><div class='av-share-box'><h5 class='av-share-link-description av-no-toc '>Compartir esta noticia<\/h5><ul class='av-share-box-list noLightbox'><li class='av-share-link av-social-link-facebook' ><a target=\"_blank\" aria-label=\"Compartir en Facebook\" href='https:\/\/www.facebook.com\/sharer.php?u=https:\/\/radiorevelacionfm.cl\/?p=12051&#038;t=Docentes%20de%20Litoral%20Austral%20se%20capacitan%20en%20especialidad%20de%20matem%C3%A1ticas%20de%20Fundaci%C3%B3n%20Astoreca' aria-hidden='false' data-av_icon='\ue8f3' data-av_iconfont='entypo-fontello' title='' data-avia-related-tooltip='Compartir en Facebook' rel=\"noopener\"><span class='avia_hidden_link_text'>Compartir en Facebook<\/span><\/a><\/li><li class='av-share-link av-social-link-twitter' ><a target=\"_blank\" aria-label=\"Compartir en Twitter\" href='https:\/\/twitter.com\/share?text=Docentes%20de%20Litoral%20Austral%20se%20capacitan%20en%20especialidad%20de%20matem%C3%A1ticas%20de%20Fundaci%C3%B3n%20Astoreca&#038;url=https:\/\/radiorevelacionfm.cl\/?p=12051' aria-hidden='false' data-av_icon='\ue8f1' data-av_iconfont='entypo-fontello' title='' data-avia-related-tooltip='Compartir en Twitter' rel=\"noopener\"><span class='avia_hidden_link_text'>Compartir en Twitter<\/span><\/a><\/li><li class='av-share-link av-social-link-whatsapp' ><a target=\"_blank\" aria-label=\"Compartir en Whatsapp\" href='https:\/\/api.whatsapp.com\/send?text=https:\/\/radiorevelacionfm.cl\/?p=12051' aria-hidden='false' data-av_icon='\uf232' data-av_iconfont='entypo-fontello' title='' data-avia-related-tooltip='Compartir en Whatsapp' rel=\"noopener\"><span class='avia_hidden_link_text'>Compartir en Whatsapp<\/span><\/a><\/li><li class='av-share-link av-social-link-linkedin' ><a target=\"_blank\" aria-label=\"Compartir en LinkedIn\" href='https:\/\/linkedin.com\/shareArticle?mini=true&#038;title=Docentes%20de%20Litoral%20Austral%20se%20capacitan%20en%20especialidad%20de%20matem%C3%A1ticas%20de%20Fundaci%C3%B3n%20Astoreca&#038;url=https:\/\/radiorevelacionfm.cl\/?p=12051' aria-hidden='false' data-av_icon='\ue8fc' data-av_iconfont='entypo-fontello' title='' data-avia-related-tooltip='Compartir en LinkedIn' rel=\"noopener\"><span class='avia_hidden_link_text'>Compartir en LinkedIn<\/span><\/a><\/li><li class='av-share-link av-social-link-mail' ><a  aria-label=\"Compartir por correo\" href='mailto:?subject=Docentes%20de%20Litoral%20Austral%20se%20capacitan%20en%20especialidad%20de%20matem%C3%A1ticas%20de%20Fundaci%C3%B3n%20Astoreca&#038;body=https:\/\/radiorevelacionfm.cl\/?p=12051' aria-hidden='false' data-av_icon='\ue805' data-av_iconfont='entypo-fontello' title='' data-avia-related-tooltip='Compartir por correo'><span class='avia_hidden_link_text'>Compartir por correo<\/span><\/a><\/li><\/ul><\/div><\/div>\n<div  style='height:50px' class='hr hr-invisible   avia-builder-el-8  el_after_av_social_share  el_before_av_comments_list '><span class='hr-inner ' ><span class='hr-inner-style'><\/span><\/span><\/div>\n<div  class='av-buildercomment  av-blog-meta-html-info-disabled av-blog-meta-tag-disabled  '><\/div>\n","protected":false},"excerpt":{"rendered":"","protected":false},"author":1,"featured_media":12052,"comment_status":"open","ping_status":"open","sticky":false,"template":"","format":"standard","meta":{"footnotes":""},"categories":[38],"tags":[],"class_list":["post-12051","post","type-post","status-publish","format-standard","has-post-thumbnail","hentry","category-regional"],"jetpack_featured_media_url":"https:\/\/radiorevelacionfm.cl\/wp-content\/uploads\/2021\/12\/268818966_4576298092497149_4254410230956959401_n-2-2.jpg","_links":{"self":[{"href":"https:\/\/radiorevelacionfm.cl\/index.php?rest_route=\/wp\/v2\/posts\/12051","targetHints":{"allow":["GET"]}}],"collection":[{"href":"https:\/\/radiorevelacionfm.cl\/index.php?rest_route=\/wp\/v2\/posts"}],"about":[{"href":"https:\/\/radiorevelacionfm.cl\/index.php?rest_route=\/wp\/v2\/types\/post"}],"author":[{"embeddable":true,"href":"https:\/\/radiorevelacionfm.cl\/index.php?rest_route=\/wp\/v2\/users\/1"}],"replies":[{"embeddable":true,"href":"https:\/\/radiorevelacionfm.cl\/index.php?rest_route=%2Fwp%2Fv2%2Fcomments&post=12051"}],"version-history":[{"count":2,"href":"https:\/\/radiorevelacionfm.cl\/index.php?rest_route=\/wp\/v2\/posts\/12051\/revisions"}],"predecessor-version":[{"id":12054,"href":"https:\/\/radiorevelacionfm.cl\/index.php?rest_route=\/wp\/v2\/posts\/12051\/revisions\/12054"}],"wp:featuredmedia":[{"embeddable":true,"href":"https:\/\/radiorevelacionfm.cl\/index.php?rest_route=\/wp\/v2\/media\/12052"}],"wp:attachment":[{"href":"https:\/\/radiorevelacionfm.cl\/index.php?rest_route=%2Fwp%2Fv2%2Fmedia&parent=12051"}],"wp:term":[{"taxonomy":"category","embeddable":true,"href":"https:\/\/radiorevelacionfm.cl\/index.php?rest_route=%2Fwp%2Fv2%2Fcategories&post=12051"},{"taxonomy":"post_tag","embeddable":true,"href":"https:\/\/radiorevelacionfm.cl\/index.php?rest_route=%2Fwp%2Fv2%2Ftags&post=12051"}],"curies":[{"name":"wp","href":"https:\/\/api.w.org\/{rel}","templated":true}]}}