{"id":12043,"date":"2021-12-19T20:14:02","date_gmt":"2021-12-19T23:14:02","guid":{"rendered":"https:\/\/radiorevelacionfm.cl\/?p=12043"},"modified":"2021-12-19T20:27:47","modified_gmt":"2021-12-19T23:27:47","slug":"en-total-115-carabineros-desplegados-en-aysen-para-garantizar-la-seguridad-de-elecciones-presidenciales-2021","status":"publish","type":"post","link":"https:\/\/radiorevelacionfm.cl\/?p=12043","title":{"rendered":"En total 115 Carabineros se desplegaron en Ays\u00e9n para garantizar la seguridad de elecciones presidenciales 2021"},"content":{"rendered":"<div class=\"flex_column av_one_full  flex_column_div av-zero-column-padding first  avia-builder-el-0  el_before_av_one_full  avia-builder-el-first  \" style='border-radius:0px; '><div  class='avia-image-container  av-styling-    avia-builder-el-1  avia-builder-el-no-sibling  avia-align-center '  itemprop=\"image\" itemscope=\"itemscope\" itemtype=\"https:\/\/schema.org\/ImageObject\"  ><div class='avia-image-container-inner'><div class='avia-image-overlay-wrap'><img decoding=\"async\" class='wp-image-12049 avia-img-lazy-loading-not-12049 avia_image' src=\"https:\/\/radiorevelacionfm.cl\/wp-content\/uploads\/2021\/12\/aea1855b-4492-4096-9198-7b3172154c1e-2-2-2-2-2-2_optimized.jpg\" alt='' title='aea1855b-4492-4096-9198-7b3172154c1e-2-2-2-2-2-2_optimized' height=\"600\" width=\"815\"  itemprop=\"thumbnailUrl\" srcset=\"https:\/\/radiorevelacionfm.cl\/wp-content\/uploads\/2021\/12\/aea1855b-4492-4096-9198-7b3172154c1e-2-2-2-2-2-2_optimized.jpg 815w, https:\/\/radiorevelacionfm.cl\/wp-content\/uploads\/2021\/12\/aea1855b-4492-4096-9198-7b3172154c1e-2-2-2-2-2-2_optimized-300x221.jpg 300w, https:\/\/radiorevelacionfm.cl\/wp-content\/uploads\/2021\/12\/aea1855b-4492-4096-9198-7b3172154c1e-2-2-2-2-2-2_optimized-768x565.jpg 768w, https:\/\/radiorevelacionfm.cl\/wp-content\/uploads\/2021\/12\/aea1855b-4492-4096-9198-7b3172154c1e-2-2-2-2-2-2_optimized-705x519.jpg 705w, https:\/\/radiorevelacionfm.cl\/wp-content\/uploads\/2021\/12\/aea1855b-4492-4096-9198-7b3172154c1e-2-2-2-2-2-2_optimized-600x442.jpg 600w\" sizes=\"(max-width: 815px) 100vw, 815px\" \/><\/div><\/div><\/div><\/div><div class=\"flex_column av_one_full  flex_column_div av-zero-column-padding first  avia-builder-el-2  el_after_av_one_full  el_before_av_one_full  column-top-margin\" style='border-radius:0px; '><section class=\"av_textblock_section \"  itemscope=\"itemscope\" itemtype=\"https:\/\/schema.org\/BlogPosting\" itemprop=\"blogPost\" ><div class='avia_textblock  '   itemprop=\"text\" ><p style=\"text-align: center;\"><strong><span style=\"font-size: 18pt;\">En total 115 Carabineros se desplega<\/span><\/strong><strong><span style=\"font-size: 18pt;\">ron en Ays\u00e9n para garantizar la seguridad de elecciones presidenciales 2021<\/span><\/strong><\/p>\n<div id=\"gtx-trans\" style=\"position: absolute; left: -50px; top: 4.31534px;\">\n<div class=\"gtx-trans-icon\"><\/div>\n<\/div>\n<\/div><\/section><\/div><div class=\"flex_column av_one_full  flex_column_div av-zero-column-padding first  avia-builder-el-4  el_after_av_one_full  el_before_av_hr  column-top-margin\" style='border-radius:0px; '><section class=\"av_textblock_section \"  itemscope=\"itemscope\" itemtype=\"https:\/\/schema.org\/BlogPosting\" itemprop=\"blogPost\" ><div class='avia_textblock  '   itemprop=\"text\" ><p class=\"v1MsoNormal\" style=\"text-align: justify;\">Un servicio especial que contempl\u00f3 el despliegue de 115 Carabineros a lo largo de la regi\u00f3n de Ays\u00e9n para el resguardo de la seguridad en el per\u00edmetro exterior de los 37 locales de votaci\u00f3n distribuidos en las diez comunas distribuidas en las cuatro provincias a lo largo del territorio.<\/p>\n<p class=\"v1MsoNormal\" style=\"text-align: justify;\">El servicio se inici\u00f3 a las 06:00 horas con la toma de cuenta por parte del Jefe de la XI Zona de Carabineros Ays\u00e9n, General Hugo Zenteno V\u00e1squez, quien imparti\u00f3 las instrucciones orientadas a garantizar\u00a0 el proceso\u00a0\u2013a trav\u00e9s de tres anillos de seguridad- el cual\u00a0comenz\u00f3 a las 07:00 horas con la instalaci\u00f3n de los servicios en las afueras de los locales de votaci\u00f3n.<\/p>\n<p class=\"v1MsoNormal\" style=\"text-align: justify;\">Durante la jornada se registraron cuatro procedimientos en la comuna de Ays\u00e9n, dos de los cuales dicen relaci\u00f3n con infracciones a la ley org\u00e1nica constitucional sobre votaciones populares y escrutinios 18.700 luego que dos personas \u2013tanto en Puerto Chacabuco como en Puerto Ays\u00e9n- se negaran a ser vocales de mesa tras ser designados por los respectivos delegados electorales.<\/p>\n<p class=\"v1MsoNormal\" style=\"text-align: justify;\">\u00abUna persona en Puerto Chacabuco tras negarse a ser vocal de mesa y (luego de un forcejeo con la delegada), fue detenida y entregada a Carabineros, siendo el procedimiento dado a conocer a la Fiscal\u00eda. Igualmente en otro colegio de la comuna de Ays\u00e9n, una persona de sexo masculino se neg\u00f3 a ser vocal, siendo detenido y entregado a Carabineros para el procedimiento de rigor\u00bb, expres\u00f3 el General Zenteno.<\/p>\n<p class=\"v1MsoNormal\" style=\"text-align: justify;\">Asimismo, el Jefe de la XI Zona Ays\u00e9n a\u00f1adi\u00f3 que durante la jornada se conoci\u00f3 una denuncia en la cual personas de la localidad informaron a Carabineros de una propaganda existente en un domicilio sin moradores, situaci\u00f3n que fue informada al Servel.<\/p>\n<p class=\"v1MsoNormal\" style=\"text-align: justify;\">Finalmente en el transcurso de la tarde, Carabineros recibi\u00f3 un llamado por parte de la Delegada Electoral del local de votaci\u00f3n Liceo Villa Ma\u00f1ihuales, un integrante de una de las mesas solicit\u00f3 autorizaci\u00f3n para concurrir a su domicilio, sin regresar, ante lo cual los antecedentes del hecho fueron puestos en conocimiento de la Fiscal\u00eda local de Puerto Ays\u00e9n. El General Zenteno a\u00f1adi\u00f3 que los servicios fueron planificados antes, durante y despu\u00e9s del proceso, con la finalidad de garantizar la seguridad en las horas posteriores al cierre de mesas y festejos tras la elecci\u00f3n del nuevo Presidente de Chile.<\/p>\n<p class=\"v1MsoNormal\" style=\"text-align: justify;\">Tal como en procesos anteriores, Carabineros cumpli\u00f3 un rol facilitador, contribuyendo a un tr\u00e1nsito expedito a adultos mayores y personas con movilidad reducida, brindando todas las facilidades y orientaci\u00f3n para que pudieran emitir su derecho a sufragio sin contratiempos en esta hist\u00f3rica\u00a0jornada.<\/p>\n<\/div><\/section><\/div><\/p>\n<div  style='height:50px' class='hr hr-invisible   avia-builder-el-6  el_after_av_one_full  el_before_av_social_share '><span class='hr-inner ' ><span class='hr-inner-style'><\/span><\/span><\/div>\n<div  class='av-social-sharing-box  avia-builder-el-7  el_after_av_hr  el_before_av_hr  '><div class='av-share-box'><h5 class='av-share-link-description av-no-toc '>Compartir esta noticia<\/h5><ul class='av-share-box-list noLightbox'><li class='av-share-link av-social-link-facebook' ><a target=\"_blank\" aria-label=\"Compartir en Facebook\" href='https:\/\/www.facebook.com\/sharer.php?u=https:\/\/radiorevelacionfm.cl\/?p=12043&#038;t=En%20total%20115%20Carabineros%20se%20desplegaron%20en%20Ays%C3%A9n%20para%20garantizar%20la%20seguridad%20de%20elecciones%20presidenciales%202021' aria-hidden='false' data-av_icon='\ue8f3' data-av_iconfont='entypo-fontello' title='' data-avia-related-tooltip='Compartir en Facebook' rel=\"noopener\"><span class='avia_hidden_link_text'>Compartir en Facebook<\/span><\/a><\/li><li class='av-share-link av-social-link-twitter' ><a target=\"_blank\" aria-label=\"Compartir en Twitter\" href='https:\/\/twitter.com\/share?text=En%20total%20115%20Carabineros%20se%20desplegaron%20en%20Ays%C3%A9n%20para%20garantizar%20la%20seguridad%20de%20elecciones%20presidenciales%202021&#038;url=https:\/\/radiorevelacionfm.cl\/?p=12043' aria-hidden='false' data-av_icon='\ue8f1' data-av_iconfont='entypo-fontello' title='' data-avia-related-tooltip='Compartir en Twitter' rel=\"noopener\"><span class='avia_hidden_link_text'>Compartir en Twitter<\/span><\/a><\/li><li class='av-share-link av-social-link-whatsapp' ><a target=\"_blank\" aria-label=\"Compartir en Whatsapp\" href='https:\/\/api.whatsapp.com\/send?text=https:\/\/radiorevelacionfm.cl\/?p=12043' aria-hidden='false' data-av_icon='\uf232' data-av_iconfont='entypo-fontello' title='' data-avia-related-tooltip='Compartir en Whatsapp' rel=\"noopener\"><span class='avia_hidden_link_text'>Compartir en Whatsapp<\/span><\/a><\/li><li class='av-share-link av-social-link-linkedin' ><a target=\"_blank\" aria-label=\"Compartir en LinkedIn\" href='https:\/\/linkedin.com\/shareArticle?mini=true&#038;title=En%20total%20115%20Carabineros%20se%20desplegaron%20en%20Ays%C3%A9n%20para%20garantizar%20la%20seguridad%20de%20elecciones%20presidenciales%202021&#038;url=https:\/\/radiorevelacionfm.cl\/?p=12043' aria-hidden='false' data-av_icon='\ue8fc' data-av_iconfont='entypo-fontello' title='' data-avia-related-tooltip='Compartir en LinkedIn' rel=\"noopener\"><span class='avia_hidden_link_text'>Compartir en LinkedIn<\/span><\/a><\/li><li class='av-share-link av-social-link-mail' ><a  aria-label=\"Compartir por correo\" href='mailto:?subject=En%20total%20115%20Carabineros%20se%20desplegaron%20en%20Ays%C3%A9n%20para%20garantizar%20la%20seguridad%20de%20elecciones%20presidenciales%202021&#038;body=https:\/\/radiorevelacionfm.cl\/?p=12043' aria-hidden='false' data-av_icon='\ue805' data-av_iconfont='entypo-fontello' title='' data-avia-related-tooltip='Compartir por correo'><span class='avia_hidden_link_text'>Compartir por correo<\/span><\/a><\/li><\/ul><\/div><\/div>\n<div  style='height:50px' class='hr hr-invisible   avia-builder-el-8  el_after_av_social_share  el_before_av_comments_list '><span class='hr-inner ' ><span class='hr-inner-style'><\/span><\/span><\/div>\n<div  class='av-buildercomment  av-blog-meta-html-info-disabled av-blog-meta-tag-disabled  '><\/div>\n","protected":false},"excerpt":{"rendered":"","protected":false},"author":1,"featured_media":12049,"comment_status":"open","ping_status":"open","sticky":false,"template":"","format":"standard","meta":{"footnotes":""},"categories":[36],"tags":[],"class_list":["post-12043","post","type-post","status-publish","format-standard","has-post-thumbnail","hentry","category-policial"],"jetpack_featured_media_url":"https:\/\/radiorevelacionfm.cl\/wp-content\/uploads\/2021\/12\/aea1855b-4492-4096-9198-7b3172154c1e-2-2-2-2-2-2_optimized.jpg","_links":{"self":[{"href":"https:\/\/radiorevelacionfm.cl\/index.php?rest_route=\/wp\/v2\/posts\/12043","targetHints":{"allow":["GET"]}}],"collection":[{"href":"https:\/\/radiorevelacionfm.cl\/index.php?rest_route=\/wp\/v2\/posts"}],"about":[{"href":"https:\/\/radiorevelacionfm.cl\/index.php?rest_route=\/wp\/v2\/types\/post"}],"author":[{"embeddable":true,"href":"https:\/\/radiorevelacionfm.cl\/index.php?rest_route=\/wp\/v2\/users\/1"}],"replies":[{"embeddable":true,"href":"https:\/\/radiorevelacionfm.cl\/index.php?rest_route=%2Fwp%2Fv2%2Fcomments&post=12043"}],"version-history":[{"count":4,"href":"https:\/\/radiorevelacionfm.cl\/index.php?rest_route=\/wp\/v2\/posts\/12043\/revisions"}],"predecessor-version":[{"id":12046,"href":"https:\/\/radiorevelacionfm.cl\/index.php?rest_route=\/wp\/v2\/posts\/12043\/revisions\/12046"}],"wp:featuredmedia":[{"embeddable":true,"href":"https:\/\/radiorevelacionfm.cl\/index.php?rest_route=\/wp\/v2\/media\/12049"}],"wp:attachment":[{"href":"https:\/\/radiorevelacionfm.cl\/index.php?rest_route=%2Fwp%2Fv2%2Fmedia&parent=12043"}],"wp:term":[{"taxonomy":"category","embeddable":true,"href":"https:\/\/radiorevelacionfm.cl\/index.php?rest_route=%2Fwp%2Fv2%2Fcategories&post=12043"},{"taxonomy":"post_tag","embeddable":true,"href":"https:\/\/radiorevelacionfm.cl\/index.php?rest_route=%2Fwp%2Fv2%2Ftags&post=12043"}],"curies":[{"name":"wp","href":"https:\/\/api.w.org\/{rel}","templated":true}]}}