{"id":12039,"date":"2021-12-19T12:45:12","date_gmt":"2021-12-19T15:45:12","guid":{"rendered":"https:\/\/radiorevelacionfm.cl\/?p=12039"},"modified":"2021-12-19T12:45:12","modified_gmt":"2021-12-19T15:45:12","slug":"emprendedoras-invitan-a-visitar-la-expo-feria-navidena-en-coyhaique","status":"publish","type":"post","link":"https:\/\/radiorevelacionfm.cl\/?p=12039","title":{"rendered":"Emprendedoras invitan a visitar la Expo Feria Navide\u00f1a en Coyhaique"},"content":{"rendered":"<div class=\"flex_column av_one_full  flex_column_div av-zero-column-padding first  avia-builder-el-0  el_before_av_one_full  avia-builder-el-first  \" style='border-radius:0px; '><div  class='avia-image-container  av-styling-    avia-builder-el-1  avia-builder-el-no-sibling  avia-align-center '  itemprop=\"image\" itemscope=\"itemscope\" itemtype=\"https:\/\/schema.org\/ImageObject\"  ><div class='avia-image-container-inner'><div class='avia-image-overlay-wrap'><img decoding=\"async\" class='wp-image-12040 avia-img-lazy-loading-not-12040 avia_image' src=\"https:\/\/radiorevelacionfm.cl\/wp-content\/uploads\/2021\/12\/invitacion-expo-feria-navidena-5-2-2-3-2-2.jpg\" alt='' title='invitaci\u00f3n expo feria navide\u00f1a (5)-2-2-3-2-2' height=\"600\" width=\"1038\"  itemprop=\"thumbnailUrl\" srcset=\"https:\/\/radiorevelacionfm.cl\/wp-content\/uploads\/2021\/12\/invitacion-expo-feria-navidena-5-2-2-3-2-2.jpg 1038w, https:\/\/radiorevelacionfm.cl\/wp-content\/uploads\/2021\/12\/invitacion-expo-feria-navidena-5-2-2-3-2-2-300x173.jpg 300w, https:\/\/radiorevelacionfm.cl\/wp-content\/uploads\/2021\/12\/invitacion-expo-feria-navidena-5-2-2-3-2-2-1030x595.jpg 1030w, https:\/\/radiorevelacionfm.cl\/wp-content\/uploads\/2021\/12\/invitacion-expo-feria-navidena-5-2-2-3-2-2-768x444.jpg 768w, https:\/\/radiorevelacionfm.cl\/wp-content\/uploads\/2021\/12\/invitacion-expo-feria-navidena-5-2-2-3-2-2-705x408.jpg 705w, https:\/\/radiorevelacionfm.cl\/wp-content\/uploads\/2021\/12\/invitacion-expo-feria-navidena-5-2-2-3-2-2-600x347.jpg 600w\" sizes=\"(max-width: 1038px) 100vw, 1038px\" \/><\/div><\/div><\/div><\/div><div class=\"flex_column av_one_full  flex_column_div av-zero-column-padding first  avia-builder-el-2  el_after_av_one_full  el_before_av_one_full  column-top-margin\" style='border-radius:0px; '><section class=\"av_textblock_section \"  itemscope=\"itemscope\" itemtype=\"https:\/\/schema.org\/BlogPosting\" itemprop=\"blogPost\" ><div class='avia_textblock  '   itemprop=\"text\" ><p style=\"text-align: center;\"><strong><span style=\"font-size: 18pt;\">Emprendedoras invitan a visitar la Expo Feria Navide\u00f1a en Coyhaique<\/span><\/strong><\/p>\n<div id=\"gtx-trans\" style=\"position: absolute; left: -50px; top: 4.31534px;\">\n<div class=\"gtx-trans-icon\"><\/div>\n<\/div>\n<\/div><\/section><\/div><div class=\"flex_column av_one_full  flex_column_div av-zero-column-padding first  avia-builder-el-4  el_after_av_one_full  el_before_av_hr  column-top-margin\" style='border-radius:0px; '><section class=\"av_textblock_section \"  itemscope=\"itemscope\" itemtype=\"https:\/\/schema.org\/BlogPosting\" itemprop=\"blogPost\" ><div class='avia_textblock  '   itemprop=\"text\" ><p style=\"text-align: justify;\">Este martes 21 y mi\u00e9rcoles 22 de diciembre se llevar\u00e1 a cabo la Expo Feria Navide\u00f1a, actividad organizada por el Servicio Nacional de la Mujer y la Equidad de G\u00e9nero, SernamEG, con el objetivo de potenciar el empoderamiento y la autonom\u00eda econ\u00f3mica de las mujeres. Algunos de los productos que estar\u00e1n a disposici\u00f3n del p\u00fablico, en el centro de la Plaza de Armas de Coyhaique, ser\u00e1n artesan\u00edas en cuero, fieltro, orfebrer\u00eda y joyer\u00eda en plata, tejidos, verduras y productos de decoraci\u00f3n para el hogar, entre otros.<\/p>\n<p style=\"text-align: justify;\">La Directora Regional de SernamEG, Elizabeth Guti\u00e9rrez Eggers sostuvo que \u201ceste evento es un nuevo esfuerzo en pos de visibilizar la riqueza y variedad de los emprendimientos femeninos del territorio, y en su gran mayor\u00eda las expositoras pertenecen a los programas del Servicio. Es importante mencionar que este tipo de actividades tambi\u00e9n contribuyen a generar nuevas oportunidades de comercializaci\u00f3n y de asociatividad, ya que las mujeres se conocen entre s\u00ed y pueden intercambiar experiencias; de esta forma, se genera un ambiente de colaboraci\u00f3n que enriquece la participaci\u00f3n de cada una de ellas\u201d.<\/p>\n<p style=\"text-align: justify;\">Por su parte, la emprendendora y due\u00f1a del \u201cRinconcito de Paty\u201d, Nancy Garc\u00eda Caama\u00f1o, dijo: \u201cinvito cordialmente a todas las vecinas, vecinos y visitantes de Coyhaique a la Expo Feria Navide\u00f1a donde encontrar\u00e1n un sinn\u00famero de art\u00edculos para sus regalos de Navidad a precios muy convenientes tales como estuches, artesan\u00edas, manualidades, tejidos, plantas y una gran variedad de productos. De paso pueden contribuir a apoyar a los peque\u00f1os emprendimientos que se han visto muy afectados producto de la pandemia\u201d.<\/p>\n<p style=\"text-align: justify;\">La muestra, organizada por el Servicio Nacional de la Mujer y la Equidad de G\u00e9nero, funcionar\u00e1 en horario continuado de las 09:00 a las 19:00 horas los d\u00edas martes 21 y mi\u00e9rcoles 22 de diciembre en la Plaza de Armas de Coyhaique.<\/p>\n<\/div><\/section><\/div><div  style='height:50px' class='hr hr-invisible   avia-builder-el-6  el_after_av_one_full  el_before_av_social_share '><span class='hr-inner ' ><span class='hr-inner-style'><\/span><\/span><\/div><\/p>\n<div  class='av-social-sharing-box  avia-builder-el-7  el_after_av_hr  el_before_av_hr  '><div class='av-share-box'><h5 class='av-share-link-description av-no-toc '>Compartir esta noticia<\/h5><ul class='av-share-box-list noLightbox'><li class='av-share-link av-social-link-facebook' ><a target=\"_blank\" aria-label=\"Compartir en Facebook\" href='https:\/\/www.facebook.com\/sharer.php?u=https:\/\/radiorevelacionfm.cl\/?p=12039&#038;t=Emprendedoras%20invitan%20a%20visitar%20la%20Expo%20Feria%20Navide%C3%B1a%20en%20Coyhaique' aria-hidden='false' data-av_icon='\ue8f3' data-av_iconfont='entypo-fontello' title='' data-avia-related-tooltip='Compartir en Facebook' rel=\"noopener\"><span class='avia_hidden_link_text'>Compartir en Facebook<\/span><\/a><\/li><li class='av-share-link av-social-link-twitter' ><a target=\"_blank\" aria-label=\"Compartir en Twitter\" href='https:\/\/twitter.com\/share?text=Emprendedoras%20invitan%20a%20visitar%20la%20Expo%20Feria%20Navide%C3%B1a%20en%20Coyhaique&#038;url=https:\/\/radiorevelacionfm.cl\/?p=12039' aria-hidden='false' data-av_icon='\ue8f1' data-av_iconfont='entypo-fontello' title='' data-avia-related-tooltip='Compartir en Twitter' rel=\"noopener\"><span class='avia_hidden_link_text'>Compartir en Twitter<\/span><\/a><\/li><li class='av-share-link av-social-link-whatsapp' ><a target=\"_blank\" aria-label=\"Compartir en Whatsapp\" href='https:\/\/api.whatsapp.com\/send?text=https:\/\/radiorevelacionfm.cl\/?p=12039' aria-hidden='false' data-av_icon='\uf232' data-av_iconfont='entypo-fontello' title='' data-avia-related-tooltip='Compartir en Whatsapp' rel=\"noopener\"><span class='avia_hidden_link_text'>Compartir en Whatsapp<\/span><\/a><\/li><li class='av-share-link av-social-link-linkedin' ><a target=\"_blank\" aria-label=\"Compartir en LinkedIn\" href='https:\/\/linkedin.com\/shareArticle?mini=true&#038;title=Emprendedoras%20invitan%20a%20visitar%20la%20Expo%20Feria%20Navide%C3%B1a%20en%20Coyhaique&#038;url=https:\/\/radiorevelacionfm.cl\/?p=12039' aria-hidden='false' data-av_icon='\ue8fc' data-av_iconfont='entypo-fontello' title='' data-avia-related-tooltip='Compartir en LinkedIn' rel=\"noopener\"><span class='avia_hidden_link_text'>Compartir en LinkedIn<\/span><\/a><\/li><li class='av-share-link av-social-link-mail' ><a  aria-label=\"Compartir por correo\" href='mailto:?subject=Emprendedoras%20invitan%20a%20visitar%20la%20Expo%20Feria%20Navide%C3%B1a%20en%20Coyhaique&#038;body=https:\/\/radiorevelacionfm.cl\/?p=12039' aria-hidden='false' data-av_icon='\ue805' data-av_iconfont='entypo-fontello' title='' data-avia-related-tooltip='Compartir por correo'><span class='avia_hidden_link_text'>Compartir por correo<\/span><\/a><\/li><\/ul><\/div><\/div>\n<div  style='height:50px' class='hr hr-invisible   avia-builder-el-8  el_after_av_social_share  el_before_av_comments_list '><span class='hr-inner ' ><span class='hr-inner-style'><\/span><\/span><\/div>\n<div  class='av-buildercomment  av-blog-meta-html-info-disabled av-blog-meta-tag-disabled  '><\/div>\n","protected":false},"excerpt":{"rendered":"","protected":false},"author":1,"featured_media":12040,"comment_status":"open","ping_status":"open","sticky":false,"template":"","format":"standard","meta":{"footnotes":""},"categories":[38],"tags":[],"class_list":["post-12039","post","type-post","status-publish","format-standard","has-post-thumbnail","hentry","category-regional"],"jetpack_featured_media_url":"https:\/\/radiorevelacionfm.cl\/wp-content\/uploads\/2021\/12\/invitacion-expo-feria-navidena-5-2-2-3-2-2.jpg","_links":{"self":[{"href":"https:\/\/radiorevelacionfm.cl\/index.php?rest_route=\/wp\/v2\/posts\/12039","targetHints":{"allow":["GET"]}}],"collection":[{"href":"https:\/\/radiorevelacionfm.cl\/index.php?rest_route=\/wp\/v2\/posts"}],"about":[{"href":"https:\/\/radiorevelacionfm.cl\/index.php?rest_route=\/wp\/v2\/types\/post"}],"author":[{"embeddable":true,"href":"https:\/\/radiorevelacionfm.cl\/index.php?rest_route=\/wp\/v2\/users\/1"}],"replies":[{"embeddable":true,"href":"https:\/\/radiorevelacionfm.cl\/index.php?rest_route=%2Fwp%2Fv2%2Fcomments&post=12039"}],"version-history":[{"count":2,"href":"https:\/\/radiorevelacionfm.cl\/index.php?rest_route=\/wp\/v2\/posts\/12039\/revisions"}],"predecessor-version":[{"id":12042,"href":"https:\/\/radiorevelacionfm.cl\/index.php?rest_route=\/wp\/v2\/posts\/12039\/revisions\/12042"}],"wp:featuredmedia":[{"embeddable":true,"href":"https:\/\/radiorevelacionfm.cl\/index.php?rest_route=\/wp\/v2\/media\/12040"}],"wp:attachment":[{"href":"https:\/\/radiorevelacionfm.cl\/index.php?rest_route=%2Fwp%2Fv2%2Fmedia&parent=12039"}],"wp:term":[{"taxonomy":"category","embeddable":true,"href":"https:\/\/radiorevelacionfm.cl\/index.php?rest_route=%2Fwp%2Fv2%2Fcategories&post=12039"},{"taxonomy":"post_tag","embeddable":true,"href":"https:\/\/radiorevelacionfm.cl\/index.php?rest_route=%2Fwp%2Fv2%2Ftags&post=12039"}],"curies":[{"name":"wp","href":"https:\/\/api.w.org\/{rel}","templated":true}]}}