{"id":12025,"date":"2021-12-23T09:49:39","date_gmt":"2021-12-23T12:49:39","guid":{"rendered":"https:\/\/radiorevelacionfm.cl\/?p=12025"},"modified":"2021-12-23T09:49:39","modified_gmt":"2021-12-23T12:49:39","slug":"primera-generacion-de-pescadores-artesanales-becados-por-indespa-iniciara-estudios-tecnicos-en-administracion","status":"publish","type":"post","link":"https:\/\/radiorevelacionfm.cl\/?p=12025","title":{"rendered":"Primera generaci\u00f3n de pescadores artesanales becados por Indespa iniciar\u00e1 estudios t\u00e9cnicos en administraci\u00f3n"},"content":{"rendered":"<div class=\"flex_column av_one_full  flex_column_div av-zero-column-padding first  avia-builder-el-0  el_before_av_one_full  avia-builder-el-first  \" style='border-radius:0px; '><div  class='avia-image-container  av-styling-    avia-builder-el-1  avia-builder-el-no-sibling  avia-align-center '  itemprop=\"image\" itemscope=\"itemscope\" itemtype=\"https:\/\/schema.org\/ImageObject\"  ><div class='avia-image-container-inner'><div class='avia-image-overlay-wrap'><img decoding=\"async\" class='wp-image-12026 avia-img-lazy-loading-not-12026 avia_image' src=\"https:\/\/radiorevelacionfm.cl\/wp-content\/uploads\/2021\/12\/Becas3-2-2.jpg\" alt='' title='Becas3-2-2' height=\"600\" width=\"1063\"  itemprop=\"thumbnailUrl\" srcset=\"https:\/\/radiorevelacionfm.cl\/wp-content\/uploads\/2021\/12\/Becas3-2-2.jpg 1063w, https:\/\/radiorevelacionfm.cl\/wp-content\/uploads\/2021\/12\/Becas3-2-2-300x169.jpg 300w, https:\/\/radiorevelacionfm.cl\/wp-content\/uploads\/2021\/12\/Becas3-2-2-1030x581.jpg 1030w, https:\/\/radiorevelacionfm.cl\/wp-content\/uploads\/2021\/12\/Becas3-2-2-768x433.jpg 768w, https:\/\/radiorevelacionfm.cl\/wp-content\/uploads\/2021\/12\/Becas3-2-2-705x398.jpg 705w, https:\/\/radiorevelacionfm.cl\/wp-content\/uploads\/2021\/12\/Becas3-2-2-600x339.jpg 600w\" sizes=\"(max-width: 1063px) 100vw, 1063px\" \/><\/div><\/div><\/div><\/div><div class=\"flex_column av_one_full  flex_column_div av-zero-column-padding first  avia-builder-el-2  el_after_av_one_full  el_before_av_one_full  column-top-margin\" style='border-radius:0px; '><section class=\"av_textblock_section \"  itemscope=\"itemscope\" itemtype=\"https:\/\/schema.org\/BlogPosting\" itemprop=\"blogPost\" ><div class='avia_textblock  '   itemprop=\"text\" ><p style=\"text-align: center;\"><span style=\"font-size: 18pt;\"><strong>Primera generaci\u00f3n de pescadores artesanales becados por Indespa iniciar\u00e1 estudios t\u00e9cnicos en administraci\u00f3n <\/strong><\/span><\/p>\n<div id=\"gtx-trans\" style=\"position: absolute; left: -50px; top: 4.31534px;\">\n<div class=\"gtx-trans-icon\"><\/div>\n<\/div>\n<\/div><\/section><\/div><div class=\"flex_column av_one_full  flex_column_div av-zero-column-padding first  avia-builder-el-4  el_after_av_one_full  el_before_av_hr  column-top-margin\" style='border-radius:0px; '><section class=\"av_textblock_section \"  itemscope=\"itemscope\" itemtype=\"https:\/\/schema.org\/BlogPosting\" itemprop=\"blogPost\" ><div class='avia_textblock  '   itemprop=\"text\" ><p style=\"text-align: justify;\">Programa incluye a beneficiarios desde Tarapac\u00e1 a Magallanes, quienes adem\u00e1s de la cobertura financiera para estudios reciben recursos para un notebook e internet<\/p>\n<p style=\"text-align: justify;\">Estudios t\u00e9cnicos en administraci\u00f3n de empresas, contabilidad y administraci\u00f3n con menci\u00f3n en marketing o en log\u00edstica, iniciar\u00e1n los 54 pescadores, pescadoras, buzos, armadores y recolectores de orilla que conforman la primera generaci\u00f3n de becados con estudio t\u00e9cnico profesionale por el Instituto Nacional de Desarrollo Sustentable de la Pesca Artesanal y de la Acuicultura de Peque\u00f1a Escala, Indespa.<\/p>\n<p style=\"text-align: justify;\">Se trata de los primeros beneficiarios de este programa piloto de Indespa que, dirigido al sector pesquero artesanal, busca fortalecer los conocimientos, competencias y habilidades de los participantes en materias de administraci\u00f3n para que contribuyan con sus conocimientos a mejorar la productividad y eficiencia de los puertos y caletas pesqueras donde desempe\u00f1an sus labores. \u00a0\u201cNos pone muy contentos el esp\u00edritu de quienes han sido seleccionados, sus ganas de seguir aprendiendo\u201d, subray\u00f3 el Director Ejecutivo de Indespa, Jos\u00e9 Pedro N\u00fa\u00f1ez. \u201dSabemos que no es f\u00e1cil estudiar cuando ya se es adulto y con un trabajo como la pesca, pero esperamos que esto les sirva en lo personal, en lo familiar y a la caleta, para que puedan progresar e ir imaginando nuevos negocios, para escalar productivamente, diversificar sus actividades y para poder convertir a las caletas en sustentables\u201d, recalc\u00f3.<\/p>\n<p style=\"text-align: justify;\">En una cita virtual, la m\u00e1xima autoridad de Indespa junto a la Subsecretaria (s) de Pesca y Acuicultura, M\u00f3nica Orellana, y al equipo t\u00e9cnico de Indespa a cargo de este programa, dieron la bienvenida al grupo de becados y conocieron a los nuevos estudiantes quienes compartieron su testimonio sobre c\u00f3mo les ayuda esta iniciativa. \u201cLa capacitaci\u00f3n es fundamental as\u00ed como la labor que desarrolla Indespa a trav\u00e9s de este programa de becas que los preparar\u00e1 para su crecimiento en torno a una econom\u00eda sustentable. Desde la Subsecretar\u00eda queremos destacar que este beneficio llega adem\u00e1s incorporando la equidad de g\u00e9nero y ese es un motivo de mucha felicidad para nosotros\u201d, se\u00f1al\u00f3 la Subsecretaria (s) M\u00f3nica Orellana.<\/p>\n<p style=\"text-align: justify;\">El programa\u00a0 Beca Indespa entrega a cada pescador y pescadora beneficiaria un monto de hasta $2.300.000 para financiar el costo total de la matr\u00edcula, un notebook con internet y el cien por ciento del arancel del primer semestre del a\u00f1o 2022 de una carrera en administraci\u00f3n de no m\u00e1s de cuatro semestres lectivos. La beca para los tres semestres siguientes se mantiene vigente acorde a la aprobaci\u00f3n del 80% de las asignaturas que comprenda cada semestre.<\/p>\n<p style=\"text-align: justify;\">\u00a0Carolina Mancilla de caleta Barranco Amarillo es una de los cinco becados en la regi\u00f3n de Magallanes, \u201cestoy muy feliz y agradecida, es algo que nunca pens\u00e9 que podr\u00eda hacer y aqu\u00ed estoy muy contenta de poder empezar\u201d. Al igual que ella, Adriana Torres, recolectora de orilla de Pellines en Maule, celebra la oportunidad. \u201cFeliz porque estamos luchando como mujeres para poder a apoyar a todas las colegas orilleras y capacitarnos es una herramienta clave\u201d, sostiene.<\/p>\n<p style=\"text-align: justify;\">Enzo Checura, pescador y dirigente de Caldera en la regi\u00f3n de Atacama, se muestra tambi\u00e9n motivado. \u201cEs un viaje de una hora a Copiap\u00f3 para ir a estudiar, pero es un desaf\u00edo lindo, una instancia muy importante el poder capacitarnos como pescadores para avanzar en diversificaci\u00f3n, en reconversi\u00f3n laboral, porque nadie mejor que nosotros sabemos las problem\u00e1ticas del sector y con esto podemos ayudar a resolverlas\u201d, sostuvo.<\/p>\n<p style=\"text-align: justify;\">La distribuci\u00f3n de becados y becadas corresponden a las regiones de Tarapac\u00e1 (6), Antofagasta (3), Atacama (8), Coquimbo (8), Valpara\u00edso (4), Maule (4), Biob\u00edo (6), Los R\u00edos (1), Los Lagos (4), Aysen (5) y Magallanes (5).<\/p>\n<p style=\"text-align: justify;\">La convocatoria nacional cont\u00f3 con un total de 80 postulaciones, de las cuales 54 resultaron seleccionadas en cupos distribuidos equitativamente para hombres y mujeres, totalizando un aporte de $126.500.000 dirigidos \u00edntegramente a financiar los estudios de esta primera generaci\u00f3n de becados Indespa.<\/p>\n<\/div><\/section><\/div><div  style='height:50px' class='hr hr-invisible   avia-builder-el-6  el_after_av_one_full  el_before_av_social_share '><span class='hr-inner ' ><span class='hr-inner-style'><\/span><\/span><\/div><\/p>\n<div  class='av-social-sharing-box  avia-builder-el-7  el_after_av_hr  el_before_av_hr  '><div class='av-share-box'><h5 class='av-share-link-description av-no-toc '>Compartir esta noticia<\/h5><ul class='av-share-box-list noLightbox'><li class='av-share-link av-social-link-facebook' ><a target=\"_blank\" aria-label=\"Compartir en Facebook\" href='https:\/\/www.facebook.com\/sharer.php?u=https:\/\/radiorevelacionfm.cl\/?p=12025&#038;t=Primera%20generaci%C3%B3n%20de%20pescadores%20artesanales%20becados%20por%20Indespa%20iniciar%C3%A1%20estudios%20t%C3%A9cnicos%20en%20administraci%C3%B3n' aria-hidden='false' data-av_icon='\ue8f3' data-av_iconfont='entypo-fontello' title='' data-avia-related-tooltip='Compartir en Facebook' rel=\"noopener\"><span class='avia_hidden_link_text'>Compartir en Facebook<\/span><\/a><\/li><li class='av-share-link av-social-link-twitter' ><a target=\"_blank\" aria-label=\"Compartir en Twitter\" href='https:\/\/twitter.com\/share?text=Primera%20generaci%C3%B3n%20de%20pescadores%20artesanales%20becados%20por%20Indespa%20iniciar%C3%A1%20estudios%20t%C3%A9cnicos%20en%20administraci%C3%B3n&#038;url=https:\/\/radiorevelacionfm.cl\/?p=12025' aria-hidden='false' data-av_icon='\ue8f1' data-av_iconfont='entypo-fontello' title='' data-avia-related-tooltip='Compartir en Twitter' rel=\"noopener\"><span class='avia_hidden_link_text'>Compartir en Twitter<\/span><\/a><\/li><li class='av-share-link av-social-link-whatsapp' ><a target=\"_blank\" aria-label=\"Compartir en Whatsapp\" href='https:\/\/api.whatsapp.com\/send?text=https:\/\/radiorevelacionfm.cl\/?p=12025' aria-hidden='false' data-av_icon='\uf232' data-av_iconfont='entypo-fontello' title='' data-avia-related-tooltip='Compartir en Whatsapp' rel=\"noopener\"><span class='avia_hidden_link_text'>Compartir en Whatsapp<\/span><\/a><\/li><li class='av-share-link av-social-link-linkedin' ><a target=\"_blank\" aria-label=\"Compartir en LinkedIn\" href='https:\/\/linkedin.com\/shareArticle?mini=true&#038;title=Primera%20generaci%C3%B3n%20de%20pescadores%20artesanales%20becados%20por%20Indespa%20iniciar%C3%A1%20estudios%20t%C3%A9cnicos%20en%20administraci%C3%B3n&#038;url=https:\/\/radiorevelacionfm.cl\/?p=12025' aria-hidden='false' data-av_icon='\ue8fc' data-av_iconfont='entypo-fontello' title='' data-avia-related-tooltip='Compartir en LinkedIn' rel=\"noopener\"><span class='avia_hidden_link_text'>Compartir en LinkedIn<\/span><\/a><\/li><li class='av-share-link av-social-link-mail' ><a  aria-label=\"Compartir por correo\" href='mailto:?subject=Primera%20generaci%C3%B3n%20de%20pescadores%20artesanales%20becados%20por%20Indespa%20iniciar%C3%A1%20estudios%20t%C3%A9cnicos%20en%20administraci%C3%B3n&#038;body=https:\/\/radiorevelacionfm.cl\/?p=12025' aria-hidden='false' data-av_icon='\ue805' data-av_iconfont='entypo-fontello' title='' data-avia-related-tooltip='Compartir por correo'><span class='avia_hidden_link_text'>Compartir por correo<\/span><\/a><\/li><\/ul><\/div><\/div>\n<div  style='height:50px' class='hr hr-invisible   avia-builder-el-8  el_after_av_social_share  el_before_av_comments_list '><span class='hr-inner ' ><span class='hr-inner-style'><\/span><\/span><\/div>\n<div  class='av-buildercomment  av-blog-meta-html-info-disabled av-blog-meta-tag-disabled  '><\/div>\n","protected":false},"excerpt":{"rendered":"","protected":false},"author":1,"featured_media":12026,"comment_status":"open","ping_status":"open","sticky":false,"template":"","format":"standard","meta":{"footnotes":""},"categories":[60,38],"tags":[],"class_list":["post-12025","post","type-post","status-publish","format-standard","has-post-thumbnail","hentry","category-pesca","category-regional"],"jetpack_featured_media_url":"https:\/\/radiorevelacionfm.cl\/wp-content\/uploads\/2021\/12\/Becas3-2-2.jpg","_links":{"self":[{"href":"https:\/\/radiorevelacionfm.cl\/index.php?rest_route=\/wp\/v2\/posts\/12025","targetHints":{"allow":["GET"]}}],"collection":[{"href":"https:\/\/radiorevelacionfm.cl\/index.php?rest_route=\/wp\/v2\/posts"}],"about":[{"href":"https:\/\/radiorevelacionfm.cl\/index.php?rest_route=\/wp\/v2\/types\/post"}],"author":[{"embeddable":true,"href":"https:\/\/radiorevelacionfm.cl\/index.php?rest_route=\/wp\/v2\/users\/1"}],"replies":[{"embeddable":true,"href":"https:\/\/radiorevelacionfm.cl\/index.php?rest_route=%2Fwp%2Fv2%2Fcomments&post=12025"}],"version-history":[{"count":2,"href":"https:\/\/radiorevelacionfm.cl\/index.php?rest_route=\/wp\/v2\/posts\/12025\/revisions"}],"predecessor-version":[{"id":12198,"href":"https:\/\/radiorevelacionfm.cl\/index.php?rest_route=\/wp\/v2\/posts\/12025\/revisions\/12198"}],"wp:featuredmedia":[{"embeddable":true,"href":"https:\/\/radiorevelacionfm.cl\/index.php?rest_route=\/wp\/v2\/media\/12026"}],"wp:attachment":[{"href":"https:\/\/radiorevelacionfm.cl\/index.php?rest_route=%2Fwp%2Fv2%2Fmedia&parent=12025"}],"wp:term":[{"taxonomy":"category","embeddable":true,"href":"https:\/\/radiorevelacionfm.cl\/index.php?rest_route=%2Fwp%2Fv2%2Fcategories&post=12025"},{"taxonomy":"post_tag","embeddable":true,"href":"https:\/\/radiorevelacionfm.cl\/index.php?rest_route=%2Fwp%2Fv2%2Ftags&post=12025"}],"curies":[{"name":"wp","href":"https:\/\/api.w.org\/{rel}","templated":true}]}}