{"id":12018,"date":"2021-12-18T10:31:22","date_gmt":"2021-12-18T13:31:22","guid":{"rendered":"https:\/\/radiorevelacionfm.cl\/?p=12018"},"modified":"2021-12-18T10:31:22","modified_gmt":"2021-12-18T13:31:22","slug":"autoridades-anuncian-comienzo-de-despliegue-5g-en-todo-chile","status":"publish","type":"post","link":"https:\/\/radiorevelacionfm.cl\/?p=12018","title":{"rendered":"Autoridades anuncian comienzo de despliegue 5G en todo Chile"},"content":{"rendered":"<div class=\"flex_column av_one_full  flex_column_div av-zero-column-padding first  avia-builder-el-0  el_before_av_one_full  avia-builder-el-first  \" style='border-radius:0px; '><div  class='avia-image-container  av-styling-    avia-builder-el-1  avia-builder-el-no-sibling  avia-align-center '  itemprop=\"image\" itemscope=\"itemscope\" itemtype=\"https:\/\/schema.org\/ImageObject\"  ><div class='avia-image-container-inner'><div class='avia-image-overlay-wrap'><img decoding=\"async\" class='wp-image-12019 avia-img-lazy-loading-not-12019 avia_image' src=\"https:\/\/radiorevelacionfm.cl\/wp-content\/uploads\/2021\/12\/IMG-20211217-WA0048-2-2.jpg\" alt='' title='IMG-20211217-WA0048-2-2' height=\"600\" width=\"1269\"  itemprop=\"thumbnailUrl\" srcset=\"https:\/\/radiorevelacionfm.cl\/wp-content\/uploads\/2021\/12\/IMG-20211217-WA0048-2-2.jpg 1269w, https:\/\/radiorevelacionfm.cl\/wp-content\/uploads\/2021\/12\/IMG-20211217-WA0048-2-2-300x142.jpg 300w, https:\/\/radiorevelacionfm.cl\/wp-content\/uploads\/2021\/12\/IMG-20211217-WA0048-2-2-1030x487.jpg 1030w, https:\/\/radiorevelacionfm.cl\/wp-content\/uploads\/2021\/12\/IMG-20211217-WA0048-2-2-768x363.jpg 768w, https:\/\/radiorevelacionfm.cl\/wp-content\/uploads\/2021\/12\/IMG-20211217-WA0048-2-2-705x333.jpg 705w, https:\/\/radiorevelacionfm.cl\/wp-content\/uploads\/2021\/12\/IMG-20211217-WA0048-2-2-600x284.jpg 600w\" sizes=\"(max-width: 1269px) 100vw, 1269px\" \/><\/div><\/div><\/div><\/div><div class=\"flex_column av_one_full  flex_column_div av-zero-column-padding first  avia-builder-el-2  el_after_av_one_full  el_before_av_one_full  column-top-margin\" style='border-radius:0px; '><section class=\"av_textblock_section \"  itemscope=\"itemscope\" itemtype=\"https:\/\/schema.org\/BlogPosting\" itemprop=\"blogPost\" ><div class='avia_textblock  '   itemprop=\"text\" ><p style=\"text-align: center;\"><strong><span style=\"font-size: 18pt;\">Autoridades anuncian comienzo de despliegue 5G en todo Chile\u00a0<\/span><\/strong><\/p>\n<div id=\"gtx-trans\" style=\"position: absolute; left: -50px; top: 4.31534px;\">\n<div class=\"gtx-trans-icon\"><\/div>\n<\/div>\n<\/div><\/section><\/div><div class=\"flex_column av_one_full  flex_column_div av-zero-column-padding first  avia-builder-el-4  el_after_av_one_full  el_before_av_hr  column-top-margin\" style='border-radius:0px; '><section class=\"av_textblock_section \"  itemscope=\"itemscope\" itemtype=\"https:\/\/schema.org\/BlogPosting\" itemprop=\"blogPost\" ><div class='avia_textblock  '   itemprop=\"text\" ><p style=\"text-align: justify;\">Recientemente, en un acto liderado por el presidente Sebasti\u00e1n Pi\u00f1era, la Ministra de Transportes y Telecomunicaciones Gloria Hutt y el subsecretario SUBTEL Francisco Francisco Moreno, se lanz\u00f3 a nivel nacional la activaci\u00f3n de la red de quinta generaci\u00f3n (5G) de telefon\u00eda m\u00f3vil. De esta forma Chile se transforma en el primer pa\u00eds de Am\u00e9rica Latina en contar con\u00a0 esta tecnolog\u00eda.<\/p>\n<p style=\"text-align: justify;\">En Ays\u00e9n la delegada Regional Margarita Ossa explic\u00f3 que la materializaci\u00f3n de este avance tecnol\u00f3gico, que se aplicar\u00e1 paulatinamente en la regi\u00f3n, implicar\u00e1 un salto en la calidad de la conectividad digital para sus habitantes. \u00abSe sigue avanzando en materia de democratizaci\u00f3n e inclusi\u00f3n digital, algo que en nuestro territorio es m\u00e1s complejo. Tambi\u00e9n hemos podido progresar gracias al trabajo del ministerio de Transportes y Telecomunicaciones en la regi\u00f3n, quienes han trabajado por implementar y mejorar las actuales condiciones. Adem\u00e1s con este hito se va a beneficiar a 11 sectores de Ays\u00e9n como Candelario Mansilla, El Ceballo, R\u00edo Bravo o Valle Simpson, mediante contraprestaciones. Nos queda mucho trabajo pero, esto va sentar un nuevo precedente en conectividad digital que a\u00f1o a a\u00f1o se vuelve m\u00e1s relevante para el desarrollo de las familias, personas y emprendimientos\u201d.<\/p>\n<p style=\"text-align: justify;\">Desde la cartera de Transportes Fabi\u00e1n Rojas explic\u00f3 que como Gobierno este proyecto del 5G, impulsado por la Subtel, va a permitir que 6 postas rurales, 5 hospitales y 11 localidades tengan Internet mediante contraprestaciones. \u00abEsta tecnolog\u00eda va a permitir mejorar las condiciones de la comunicaci\u00f3n, la telemedicina, la operaci\u00f3n de electrodom\u00e9sticos en los hogares, disminuir la latencia en las descargas o las transmisiones en vivo. A\u00fan hay brechas con zonas que a\u00fan no tienen telefon\u00eda, reci\u00e9n estamos en el proceso de cambiar la tecnolog\u00eda de algunas antenas a 4G y en otros lugares tenemos el compromiso de instalar nuevas antenas y a eso tambi\u00e9n se suma el despliegue de la Fibra \u00d3ptica Austral\u00bb, coment\u00f3.<\/p>\n<p style=\"text-align: justify;\">Por medio de los Concursos P\u00fablicos 5G, el Ministerio de Transportes y Telecomunicaciones (MTT) a trav\u00e9s de la Subsecretar\u00eda de Telecomunicaciones (SUBTEL) exigi\u00f3 a las empresas de telecomunicaciones adjudicatarias, dar cobertura al menos 90% del territorio poblacional, acercando la tecnolog\u00eda a los distintos rincones del pa\u00eds. Adem\u00e1s, 366 localidades ser\u00e1n beneficiadas por primera vez con Internet m\u00f3vil de alta velocidad y m\u00e1s de 300 mil habitantes de distintas localidades superar\u00e1n la desigualdad digital al verse beneficiados con voz y datos m\u00f3viles de alta velocidad.<\/p>\n<\/div><\/section><\/div><div  style='height:50px' class='hr hr-invisible   avia-builder-el-6  el_after_av_one_full  el_before_av_social_share '><span class='hr-inner ' ><span class='hr-inner-style'><\/span><\/span><\/div><\/p>\n<div  class='av-social-sharing-box  avia-builder-el-7  el_after_av_hr  el_before_av_hr  '><div class='av-share-box'><h5 class='av-share-link-description av-no-toc '>Compartir esta noticia<\/h5><ul class='av-share-box-list noLightbox'><li class='av-share-link av-social-link-facebook' ><a target=\"_blank\" aria-label=\"Compartir en Facebook\" href='https:\/\/www.facebook.com\/sharer.php?u=https:\/\/radiorevelacionfm.cl\/?p=12018&#038;t=Autoridades%20anuncian%20comienzo%20de%20despliegue%205G%20en%20todo%20Chile' aria-hidden='false' data-av_icon='\ue8f3' data-av_iconfont='entypo-fontello' title='' data-avia-related-tooltip='Compartir en Facebook' rel=\"noopener\"><span class='avia_hidden_link_text'>Compartir en Facebook<\/span><\/a><\/li><li class='av-share-link av-social-link-twitter' ><a target=\"_blank\" aria-label=\"Compartir en Twitter\" href='https:\/\/twitter.com\/share?text=Autoridades%20anuncian%20comienzo%20de%20despliegue%205G%20en%20todo%20Chile&#038;url=https:\/\/radiorevelacionfm.cl\/?p=12018' aria-hidden='false' data-av_icon='\ue8f1' data-av_iconfont='entypo-fontello' title='' data-avia-related-tooltip='Compartir en Twitter' rel=\"noopener\"><span class='avia_hidden_link_text'>Compartir en Twitter<\/span><\/a><\/li><li class='av-share-link av-social-link-whatsapp' ><a target=\"_blank\" aria-label=\"Compartir en Whatsapp\" href='https:\/\/api.whatsapp.com\/send?text=https:\/\/radiorevelacionfm.cl\/?p=12018' aria-hidden='false' data-av_icon='\uf232' data-av_iconfont='entypo-fontello' title='' data-avia-related-tooltip='Compartir en Whatsapp' rel=\"noopener\"><span class='avia_hidden_link_text'>Compartir en Whatsapp<\/span><\/a><\/li><li class='av-share-link av-social-link-linkedin' ><a target=\"_blank\" aria-label=\"Compartir en LinkedIn\" href='https:\/\/linkedin.com\/shareArticle?mini=true&#038;title=Autoridades%20anuncian%20comienzo%20de%20despliegue%205G%20en%20todo%20Chile&#038;url=https:\/\/radiorevelacionfm.cl\/?p=12018' aria-hidden='false' data-av_icon='\ue8fc' data-av_iconfont='entypo-fontello' title='' data-avia-related-tooltip='Compartir en LinkedIn' rel=\"noopener\"><span class='avia_hidden_link_text'>Compartir en LinkedIn<\/span><\/a><\/li><li class='av-share-link av-social-link-mail' ><a  aria-label=\"Compartir por correo\" href='mailto:?subject=Autoridades%20anuncian%20comienzo%20de%20despliegue%205G%20en%20todo%20Chile&#038;body=https:\/\/radiorevelacionfm.cl\/?p=12018' aria-hidden='false' data-av_icon='\ue805' data-av_iconfont='entypo-fontello' title='' data-avia-related-tooltip='Compartir por correo'><span class='avia_hidden_link_text'>Compartir por correo<\/span><\/a><\/li><\/ul><\/div><\/div>\n<div  style='height:50px' class='hr hr-invisible   avia-builder-el-8  el_after_av_social_share  el_before_av_comments_list '><span class='hr-inner ' ><span class='hr-inner-style'><\/span><\/span><\/div>\n<div  class='av-buildercomment  av-blog-meta-html-info-disabled av-blog-meta-tag-disabled  '><\/div>\n","protected":false},"excerpt":{"rendered":"","protected":false},"author":1,"featured_media":12019,"comment_status":"open","ping_status":"open","sticky":false,"template":"","format":"standard","meta":{"footnotes":""},"categories":[38],"tags":[],"class_list":["post-12018","post","type-post","status-publish","format-standard","has-post-thumbnail","hentry","category-regional"],"jetpack_featured_media_url":"https:\/\/radiorevelacionfm.cl\/wp-content\/uploads\/2021\/12\/IMG-20211217-WA0048-2-2.jpg","_links":{"self":[{"href":"https:\/\/radiorevelacionfm.cl\/index.php?rest_route=\/wp\/v2\/posts\/12018","targetHints":{"allow":["GET"]}}],"collection":[{"href":"https:\/\/radiorevelacionfm.cl\/index.php?rest_route=\/wp\/v2\/posts"}],"about":[{"href":"https:\/\/radiorevelacionfm.cl\/index.php?rest_route=\/wp\/v2\/types\/post"}],"author":[{"embeddable":true,"href":"https:\/\/radiorevelacionfm.cl\/index.php?rest_route=\/wp\/v2\/users\/1"}],"replies":[{"embeddable":true,"href":"https:\/\/radiorevelacionfm.cl\/index.php?rest_route=%2Fwp%2Fv2%2Fcomments&post=12018"}],"version-history":[{"count":2,"href":"https:\/\/radiorevelacionfm.cl\/index.php?rest_route=\/wp\/v2\/posts\/12018\/revisions"}],"predecessor-version":[{"id":12037,"href":"https:\/\/radiorevelacionfm.cl\/index.php?rest_route=\/wp\/v2\/posts\/12018\/revisions\/12037"}],"wp:featuredmedia":[{"embeddable":true,"href":"https:\/\/radiorevelacionfm.cl\/index.php?rest_route=\/wp\/v2\/media\/12019"}],"wp:attachment":[{"href":"https:\/\/radiorevelacionfm.cl\/index.php?rest_route=%2Fwp%2Fv2%2Fmedia&parent=12018"}],"wp:term":[{"taxonomy":"category","embeddable":true,"href":"https:\/\/radiorevelacionfm.cl\/index.php?rest_route=%2Fwp%2Fv2%2Fcategories&post=12018"},{"taxonomy":"post_tag","embeddable":true,"href":"https:\/\/radiorevelacionfm.cl\/index.php?rest_route=%2Fwp%2Fv2%2Ftags&post=12018"}],"curies":[{"name":"wp","href":"https:\/\/api.w.org\/{rel}","templated":true}]}}