{"id":12015,"date":"2021-12-18T10:19:44","date_gmt":"2021-12-18T13:19:44","guid":{"rendered":"https:\/\/radiorevelacionfm.cl\/?p=12015"},"modified":"2021-12-18T10:19:44","modified_gmt":"2021-12-18T13:19:44","slug":"conaf-refuerza-el-llamado-a-la-prevencion-con-intervenciones-en-las-carreteras","status":"publish","type":"post","link":"https:\/\/radiorevelacionfm.cl\/?p=12015","title":{"rendered":"CONAF refuerza el llamado a la prevenci\u00f3n con intervenciones en las carreteras"},"content":{"rendered":"<div class=\"flex_column av_one_full  flex_column_div av-zero-column-padding first  avia-builder-el-0  el_before_av_one_full  avia-builder-el-first  \" style='border-radius:0px; '><div  class='avia-image-container  av-styling-    avia-builder-el-1  avia-builder-el-no-sibling  avia-align-center '  itemprop=\"image\" itemscope=\"itemscope\" itemtype=\"https:\/\/schema.org\/ImageObject\"  ><div class='avia-image-container-inner'><div class='avia-image-overlay-wrap'><img decoding=\"async\" class='wp-image-12016 avia-img-lazy-loading-not-12016 avia_image' src=\"https:\/\/radiorevelacionfm.cl\/wp-content\/uploads\/2021\/12\/prev-1-2-2.jpeg\" alt='' title='prev 1-2-2' height=\"600\" width=\"800\"  itemprop=\"thumbnailUrl\" srcset=\"https:\/\/radiorevelacionfm.cl\/wp-content\/uploads\/2021\/12\/prev-1-2-2.jpeg 800w, https:\/\/radiorevelacionfm.cl\/wp-content\/uploads\/2021\/12\/prev-1-2-2-300x225.jpeg 300w, https:\/\/radiorevelacionfm.cl\/wp-content\/uploads\/2021\/12\/prev-1-2-2-768x576.jpeg 768w, https:\/\/radiorevelacionfm.cl\/wp-content\/uploads\/2021\/12\/prev-1-2-2-705x529.jpeg 705w, https:\/\/radiorevelacionfm.cl\/wp-content\/uploads\/2021\/12\/prev-1-2-2-600x450.jpeg 600w\" sizes=\"(max-width: 800px) 100vw, 800px\" \/><\/div><\/div><\/div><\/div><div class=\"flex_column av_one_full  flex_column_div av-zero-column-padding first  avia-builder-el-2  el_after_av_one_full  el_before_av_one_full  column-top-margin\" style='border-radius:0px; '><section class=\"av_textblock_section \"  itemscope=\"itemscope\" itemtype=\"https:\/\/schema.org\/BlogPosting\" itemprop=\"blogPost\" ><div class='avia_textblock  '   itemprop=\"text\" ><p style=\"text-align: center;\"><strong><span style=\"font-size: 18pt;\">CONAF refuerza el llamado a la prevenci\u00f3n con intervenciones en las carreteras<\/span><\/strong><\/p>\n<div id=\"gtx-trans\" style=\"position: absolute; left: -50px; top: 4.31534px;\">\n<div class=\"gtx-trans-icon\"><\/div>\n<\/div>\n<\/div><\/section><\/div><div class=\"flex_column av_one_full  flex_column_div av-zero-column-padding first  avia-builder-el-4  el_after_av_one_full  el_before_av_hr  column-top-margin\" style='border-radius:0px; '><section class=\"av_textblock_section \"  itemscope=\"itemscope\" itemtype=\"https:\/\/schema.org\/BlogPosting\" itemprop=\"blogPost\" ><div class='avia_textblock  '   itemprop=\"text\" ><p style=\"text-align: justify;\">Con el respaldo y apoyo de autoridades regionales como el Seremi de Agricultura, PDI, Carabineros de Chile, ONEMI, la Subsecretar\u00eda de la Prevenci\u00f3n del Delito y la oficina de seguridad de la Municipalidad de Ays\u00e9n, se han realizado diversos puntos de fiscalizaci\u00f3n y educaci\u00f3n en materia de prevenci\u00f3n de incendios forestales, con el fin que la poblaci\u00f3n tenga en conocimiento que, de manera in\u00e9dita este a\u00f1o, est\u00e1n prohibidas las quemas desde el 16 de diciembre hasta marzo del a\u00f1o 2022.<\/p>\n<p style=\"text-align: justify;\">Fue as\u00ed como el jefe del Departamento de Protecci\u00f3n contra Incendios Forestales de CONAF, Hugo Pineda Barrientos, fue enf\u00e1tico en recalcar que la ciudadan\u00eda debe estar consciente del peligro que significa un uso inadecuado del fuego, como tambi\u00e9n del compromiso que existe por parte de la Corporaci\u00f3n Nacional Forestal en estar enfocados en materias de prevenci\u00f3n, la que se ve apoyada por los diversos servicios p\u00fablicos como tambi\u00e9n de orden y seguridad.<\/p>\n<p style=\"text-align: justify;\">\u201cCONAF no podr\u00eda operar por s\u00ed sola, por lo que todas las instituciones son importantes para articular este tipo de actividades de prevenci\u00f3n y educaci\u00f3n en una regi\u00f3n tan grande como Ays\u00e9n. Tambi\u00e9n tenemos el despliegue en el territorio de nuestras brigadas de incendios forestales, que ya est\u00e1n en un trabajo minucioso de patrullaje insistiendo en la prevenci\u00f3n\u201d, argument\u00f3 Pineda.<\/p>\n<p style=\"text-align: justify;\">Es preciso destacar que el trabajo del equipo de prevenci\u00f3n de incendios se ha desplegado en el sector Alto Baguales de Coyhaique, Valle Simpson y, por \u00faltimo, y no menos importante, el sector bypass de Puerto Ays\u00e9n, d\u00f3nde la labor de educaci\u00f3n a los conductores ha sido apoyada fuertemente por Carabineros, espec\u00edficamente la Oficina de Integraci\u00f3n Carabineros-Comunidad (MICC) que tambi\u00e9n ha declarado lo importante de reiterar el llamado a denunciar las quemas no autorizadas.<\/p>\n<p style=\"text-align: justify;\">Por su parte, Andr\u00e9s Bobadilla Labarca, director regional de CONAF Ays\u00e9n, agradeci\u00f3 el apoyo constante de las fuerzas de orden y seguridad, como tambi\u00e9n los medios de comunicaci\u00f3n por la difusi\u00f3n, pero por sobre todas las cosas, recalc\u00f3 lo importante de que la comunidad se integre haciendo hincapi\u00e9 en la prevenci\u00f3n y la responsabilidad.<\/p>\n<p style=\"text-align: justify;\">\u201cEste es un trabajo de todos, sobre todo de la comunidad. Hace poco vimos la cat\u00e1strofe en Castro que ocurri\u00f3 por una quema y lo mismo puede pasar en alguna zona de interfaz en nuestra regi\u00f3n, por eso hay dos palabras que yo quiero resaltar, como lo son la prevenci\u00f3n y la responsabilidad. Si nosotros actuamos irresponsablemente, lo m\u00e1s probable es que se produzca un incendio forestal, ya que las condiciones est\u00e1n muy propensas por altas temperaturas. Entonces, por favor hago un llamado, es un trabajo de todos prevenir los incendios forestales\u201d, expres\u00f3 el director.<\/p>\n<p style=\"text-align: justify;\">Es preciso recordar que la ciudadan\u00eda puede cooperar en denunciar quemas no autorizadas, como tambi\u00e9n incendios forestales, llamando al 130 de CONAF o tambi\u00e9n a los n\u00fameros de emergencia como el 132 de Bomberos, 133 de Carabineros o 134 de la PDI, porque prevenir un incendio forestal es m\u00e1s f\u00e1cil que combatirlo.<\/p>\n<\/div><\/section><\/div><div  style='height:50px' class='hr hr-invisible   avia-builder-el-6  el_after_av_one_full  el_before_av_social_share '><span class='hr-inner ' ><span class='hr-inner-style'><\/span><\/span><\/div><\/p>\n<div  class='av-social-sharing-box  avia-builder-el-7  el_after_av_hr  el_before_av_hr  '><div class='av-share-box'><h5 class='av-share-link-description av-no-toc '>Compartir esta noticia<\/h5><ul class='av-share-box-list noLightbox'><li class='av-share-link av-social-link-facebook' ><a target=\"_blank\" aria-label=\"Compartir en Facebook\" href='https:\/\/www.facebook.com\/sharer.php?u=https:\/\/radiorevelacionfm.cl\/?p=12015&#038;t=CONAF%20refuerza%20el%20llamado%20a%20la%20prevenci%C3%B3n%20con%20intervenciones%20en%20las%20carreteras' aria-hidden='false' data-av_icon='\ue8f3' data-av_iconfont='entypo-fontello' title='' data-avia-related-tooltip='Compartir en Facebook' rel=\"noopener\"><span class='avia_hidden_link_text'>Compartir en Facebook<\/span><\/a><\/li><li class='av-share-link av-social-link-twitter' ><a target=\"_blank\" aria-label=\"Compartir en Twitter\" href='https:\/\/twitter.com\/share?text=CONAF%20refuerza%20el%20llamado%20a%20la%20prevenci%C3%B3n%20con%20intervenciones%20en%20las%20carreteras&#038;url=https:\/\/radiorevelacionfm.cl\/?p=12015' aria-hidden='false' data-av_icon='\ue8f1' data-av_iconfont='entypo-fontello' title='' data-avia-related-tooltip='Compartir en Twitter' rel=\"noopener\"><span class='avia_hidden_link_text'>Compartir en Twitter<\/span><\/a><\/li><li class='av-share-link av-social-link-whatsapp' ><a target=\"_blank\" aria-label=\"Compartir en Whatsapp\" href='https:\/\/api.whatsapp.com\/send?text=https:\/\/radiorevelacionfm.cl\/?p=12015' aria-hidden='false' data-av_icon='\uf232' data-av_iconfont='entypo-fontello' title='' data-avia-related-tooltip='Compartir en Whatsapp' rel=\"noopener\"><span class='avia_hidden_link_text'>Compartir en Whatsapp<\/span><\/a><\/li><li class='av-share-link av-social-link-linkedin' ><a target=\"_blank\" aria-label=\"Compartir en LinkedIn\" href='https:\/\/linkedin.com\/shareArticle?mini=true&#038;title=CONAF%20refuerza%20el%20llamado%20a%20la%20prevenci%C3%B3n%20con%20intervenciones%20en%20las%20carreteras&#038;url=https:\/\/radiorevelacionfm.cl\/?p=12015' aria-hidden='false' data-av_icon='\ue8fc' data-av_iconfont='entypo-fontello' title='' data-avia-related-tooltip='Compartir en LinkedIn' rel=\"noopener\"><span class='avia_hidden_link_text'>Compartir en LinkedIn<\/span><\/a><\/li><li class='av-share-link av-social-link-mail' ><a  aria-label=\"Compartir por correo\" href='mailto:?subject=CONAF%20refuerza%20el%20llamado%20a%20la%20prevenci%C3%B3n%20con%20intervenciones%20en%20las%20carreteras&#038;body=https:\/\/radiorevelacionfm.cl\/?p=12015' aria-hidden='false' data-av_icon='\ue805' data-av_iconfont='entypo-fontello' title='' data-avia-related-tooltip='Compartir por correo'><span class='avia_hidden_link_text'>Compartir por correo<\/span><\/a><\/li><\/ul><\/div><\/div>\n<div  style='height:50px' class='hr hr-invisible   avia-builder-el-8  el_after_av_social_share  el_before_av_comments_list '><span class='hr-inner ' ><span class='hr-inner-style'><\/span><\/span><\/div>\n<div  class='av-buildercomment  av-blog-meta-html-info-disabled av-blog-meta-tag-disabled  '><\/div>\n","protected":false},"excerpt":{"rendered":"","protected":false},"author":1,"featured_media":12016,"comment_status":"open","ping_status":"open","sticky":false,"template":"","format":"standard","meta":{"footnotes":""},"categories":[38],"tags":[],"class_list":["post-12015","post","type-post","status-publish","format-standard","has-post-thumbnail","hentry","category-regional"],"jetpack_featured_media_url":"https:\/\/radiorevelacionfm.cl\/wp-content\/uploads\/2021\/12\/prev-1-2-2.jpeg","_links":{"self":[{"href":"https:\/\/radiorevelacionfm.cl\/index.php?rest_route=\/wp\/v2\/posts\/12015","targetHints":{"allow":["GET"]}}],"collection":[{"href":"https:\/\/radiorevelacionfm.cl\/index.php?rest_route=\/wp\/v2\/posts"}],"about":[{"href":"https:\/\/radiorevelacionfm.cl\/index.php?rest_route=\/wp\/v2\/types\/post"}],"author":[{"embeddable":true,"href":"https:\/\/radiorevelacionfm.cl\/index.php?rest_route=\/wp\/v2\/users\/1"}],"replies":[{"embeddable":true,"href":"https:\/\/radiorevelacionfm.cl\/index.php?rest_route=%2Fwp%2Fv2%2Fcomments&post=12015"}],"version-history":[{"count":2,"href":"https:\/\/radiorevelacionfm.cl\/index.php?rest_route=\/wp\/v2\/posts\/12015\/revisions"}],"predecessor-version":[{"id":12034,"href":"https:\/\/radiorevelacionfm.cl\/index.php?rest_route=\/wp\/v2\/posts\/12015\/revisions\/12034"}],"wp:featuredmedia":[{"embeddable":true,"href":"https:\/\/radiorevelacionfm.cl\/index.php?rest_route=\/wp\/v2\/media\/12016"}],"wp:attachment":[{"href":"https:\/\/radiorevelacionfm.cl\/index.php?rest_route=%2Fwp%2Fv2%2Fmedia&parent=12015"}],"wp:term":[{"taxonomy":"category","embeddable":true,"href":"https:\/\/radiorevelacionfm.cl\/index.php?rest_route=%2Fwp%2Fv2%2Fcategories&post=12015"},{"taxonomy":"post_tag","embeddable":true,"href":"https:\/\/radiorevelacionfm.cl\/index.php?rest_route=%2Fwp%2Fv2%2Ftags&post=12015"}],"curies":[{"name":"wp","href":"https:\/\/api.w.org\/{rel}","templated":true}]}}