{"id":12012,"date":"2021-12-17T18:34:25","date_gmt":"2021-12-17T21:34:25","guid":{"rendered":"https:\/\/radiorevelacionfm.cl\/?p=12012"},"modified":"2021-12-17T18:34:25","modified_gmt":"2021-12-17T21:34:25","slug":"delegada-ossa-junto-a-jefe-de-la-defensa-inspeccionaron-locales-de-votacion-a-48-horas-de-las-elecciones-presidenciales","status":"publish","type":"post","link":"https:\/\/radiorevelacionfm.cl\/?p=12012","title":{"rendered":"Delegada Ossa junto a Jefe de la Defensa inspeccionaron locales de votaci\u00f3n a 48 horas de las elecciones presidenciales"},"content":{"rendered":"<div class=\"flex_column av_one_full  flex_column_div av-zero-column-padding first  avia-builder-el-0  el_before_av_one_full  avia-builder-el-first  \" style='border-radius:0px; '><div  class='avia-image-container  av-styling-    avia-builder-el-1  avia-builder-el-no-sibling  avia-align-center '  itemprop=\"image\" itemscope=\"itemscope\" itemtype=\"https:\/\/schema.org\/ImageObject\"  ><div class='avia-image-container-inner'><div class='avia-image-overlay-wrap'><img decoding=\"async\" class='wp-image-12013 avia-img-lazy-loading-not-12013 avia_image' src=\"https:\/\/radiorevelacionfm.cl\/wp-content\/uploads\/2021\/12\/Delegada-Regional-2-2.jpeg\" alt='' title='Delegada Regional-2-2' height=\"600\" width=\"1067\"  itemprop=\"thumbnailUrl\" srcset=\"https:\/\/radiorevelacionfm.cl\/wp-content\/uploads\/2021\/12\/Delegada-Regional-2-2.jpeg 1067w, https:\/\/radiorevelacionfm.cl\/wp-content\/uploads\/2021\/12\/Delegada-Regional-2-2-300x169.jpeg 300w, https:\/\/radiorevelacionfm.cl\/wp-content\/uploads\/2021\/12\/Delegada-Regional-2-2-1030x579.jpeg 1030w, https:\/\/radiorevelacionfm.cl\/wp-content\/uploads\/2021\/12\/Delegada-Regional-2-2-768x432.jpeg 768w, https:\/\/radiorevelacionfm.cl\/wp-content\/uploads\/2021\/12\/Delegada-Regional-2-2-705x396.jpeg 705w, https:\/\/radiorevelacionfm.cl\/wp-content\/uploads\/2021\/12\/Delegada-Regional-2-2-600x337.jpeg 600w\" sizes=\"(max-width: 1067px) 100vw, 1067px\" \/><\/div><\/div><\/div><\/div><div class=\"flex_column av_one_full  flex_column_div av-zero-column-padding first  avia-builder-el-2  el_after_av_one_full  el_before_av_one_full  column-top-margin\" style='border-radius:0px; '><section class=\"av_textblock_section \"  itemscope=\"itemscope\" itemtype=\"https:\/\/schema.org\/BlogPosting\" itemprop=\"blogPost\" ><div class='avia_textblock  '   itemprop=\"text\" ><p style=\"text-align: center;\"><strong><span style=\"font-size: 18pt;\">Delegada Ossa junto a Jefe de la Defensa inspeccionaron locales de votaci\u00f3n a 48 horas de las elecciones presidenciales<\/span><\/strong><\/p>\n<div id=\"gtx-trans\" style=\"position: absolute; left: -50px; top: 4.31534px;\">\n<div class=\"gtx-trans-icon\"><\/div>\n<\/div>\n<\/div><\/section><\/div><div class=\"flex_column av_one_full  flex_column_div av-zero-column-padding first  avia-builder-el-4  el_after_av_one_full  el_before_av_hr  column-top-margin\" style='border-radius:0px; '><section class=\"av_textblock_section \"  itemscope=\"itemscope\" itemtype=\"https:\/\/schema.org\/BlogPosting\" itemprop=\"blogPost\" ><div class='avia_textblock  '   itemprop=\"text\" ><p style=\"text-align: justify;\">La ma\u00f1ana de este viernes la Delegada Presidencial Regional, Margarita Ossa Rojas, junto al Jefe de la Defensa Nacional de Ays\u00e9n, Luis P\u00e9rez, inspeccionaron las dependencias de la Escuela Baquedano y el Liceo Josefina Aguirre en Coyhaique a 48 horas de la segunda vuelta presidencial y, verificar que todos los protocolos se est\u00e9n ejecutando en los 37 locales de votaci\u00f3n.<\/p>\n<p style=\"text-align: justify;\">Tras realizar ambas inspecciones, la Delegada Ossa expres\u00f3 que \u201chemos enfrentado una serie de elecciones este a\u00f1o, lo que nos ha permitido ir reconociendo y mejorando aquellas falencias que se pueden hacer en cada uno de los locales. En lo que estamos m\u00e1s concentrados es en esto de lograr este \u201cvoto seguro\u201d, d\u00e1ndole toda la seguridad a los adultos mayores y personas que tienen problemas de movilidad y que se haga un proceso electoral\u00a0 hagan de forma expedita, sin ning\u00fan problema para las m\u00e1s de 98 mil personas habilitadas\u201d.<\/p>\n<p style=\"text-align: justify;\">En ese mismo sentido, Ossa Rojas plante\u00f3 que \u201clo que hemos podido apreciar es que est\u00e1 todo muy bien dispuesto, darle mayor facilidad a las personas para ejercer este derecho ciudadano; est\u00e1n todos los resguardo de salud contemplados y por eso los invitamos a todos a participar este domingo 19\u201d, indic\u00f3.<\/p>\n<p style=\"text-align: justify;\">En tanto, el General Luis P\u00e9rez a\u00f1adi\u00f3 que desde ayer jueves \u201ctodos los locales de votaci\u00f3n \u2013 37 en total \u2013 se encuentran en control de las Fuerzas Armadas con la finalidad de cooperar y en forma coordinada junto a las autoridades para permitir un voto seguro y que la votaci\u00f3n sea de la manera m\u00e1s ordenada y f\u00e1cil posible\u201d.<\/p>\n<p style=\"text-align: justify;\"><strong>Cambios<\/strong><\/p>\n<p style=\"text-align: justify;\">Una de las principales preocupaciones y sugerencia previa a las elecciones son la ubicaci\u00f3n de las mesas, especialmente pensando en las personas con movilidad reducida o adultos mayores.<\/p>\n<p style=\"text-align: justify;\">Precisamente, Artemio Espinoza P\u00e9rez, delegado de la Junta Electoral del local Liceo Josefina Aguirre Montenegro de Coyhaique, expres\u00f3 que se hicieron algunas modificaciones en tal sentido all\u00ed de cara al nuevo proceso del pr\u00f3ximo domingo.<\/p>\n<p style=\"text-align: justify;\">\u201cEn este local votan los padrones de la 1B a la 15B vale decir hay 15 mesas y en relaci\u00f3n a la elecci\u00f3n de noviembre nos pudimos percatar que ten\u00edamos mesas en un segundo nivel e implica que la \u00fanica v\u00eda de acceso era por escalera; y aqu\u00ed vota gente que principalmente viene del campo, o que son adultos mayores y que dificulta de alguna manera el acceso al segundo piso. \u00bfQu\u00e9 hicimos esta vez? Que esas mesas, que logramos identificar electores que tienen dificultades, las hemos puesto en un primer nivel para facilitar su desplazamiento e ingreso\u201d, explic\u00f3.<\/p>\n<\/div><\/section><\/div><div  style='height:50px' class='hr hr-invisible   avia-builder-el-6  el_after_av_one_full  el_before_av_social_share '><span class='hr-inner ' ><span class='hr-inner-style'><\/span><\/span><\/div><\/p>\n<div  class='av-social-sharing-box  avia-builder-el-7  el_after_av_hr  el_before_av_hr  '><div class='av-share-box'><h5 class='av-share-link-description av-no-toc '>Compartir esta noticia<\/h5><ul class='av-share-box-list noLightbox'><li class='av-share-link av-social-link-facebook' ><a target=\"_blank\" aria-label=\"Compartir en Facebook\" href='https:\/\/www.facebook.com\/sharer.php?u=https:\/\/radiorevelacionfm.cl\/?p=12012&#038;t=Delegada%20Ossa%20junto%20a%20Jefe%20de%20la%20Defensa%20inspeccionaron%20locales%20de%20votaci%C3%B3n%20a%2048%20horas%20de%20las%20elecciones%20presidenciales' aria-hidden='false' data-av_icon='\ue8f3' data-av_iconfont='entypo-fontello' title='' data-avia-related-tooltip='Compartir en Facebook' rel=\"noopener\"><span class='avia_hidden_link_text'>Compartir en Facebook<\/span><\/a><\/li><li class='av-share-link av-social-link-twitter' ><a target=\"_blank\" aria-label=\"Compartir en Twitter\" href='https:\/\/twitter.com\/share?text=Delegada%20Ossa%20junto%20a%20Jefe%20de%20la%20Defensa%20inspeccionaron%20locales%20de%20votaci%C3%B3n%20a%2048%20horas%20de%20las%20elecciones%20presidenciales&#038;url=https:\/\/radiorevelacionfm.cl\/?p=12012' aria-hidden='false' data-av_icon='\ue8f1' data-av_iconfont='entypo-fontello' title='' data-avia-related-tooltip='Compartir en Twitter' rel=\"noopener\"><span class='avia_hidden_link_text'>Compartir en Twitter<\/span><\/a><\/li><li class='av-share-link av-social-link-whatsapp' ><a target=\"_blank\" aria-label=\"Compartir en Whatsapp\" href='https:\/\/api.whatsapp.com\/send?text=https:\/\/radiorevelacionfm.cl\/?p=12012' aria-hidden='false' data-av_icon='\uf232' data-av_iconfont='entypo-fontello' title='' data-avia-related-tooltip='Compartir en Whatsapp' rel=\"noopener\"><span class='avia_hidden_link_text'>Compartir en Whatsapp<\/span><\/a><\/li><li class='av-share-link av-social-link-linkedin' ><a target=\"_blank\" aria-label=\"Compartir en LinkedIn\" href='https:\/\/linkedin.com\/shareArticle?mini=true&#038;title=Delegada%20Ossa%20junto%20a%20Jefe%20de%20la%20Defensa%20inspeccionaron%20locales%20de%20votaci%C3%B3n%20a%2048%20horas%20de%20las%20elecciones%20presidenciales&#038;url=https:\/\/radiorevelacionfm.cl\/?p=12012' aria-hidden='false' data-av_icon='\ue8fc' data-av_iconfont='entypo-fontello' title='' data-avia-related-tooltip='Compartir en LinkedIn' rel=\"noopener\"><span class='avia_hidden_link_text'>Compartir en LinkedIn<\/span><\/a><\/li><li class='av-share-link av-social-link-mail' ><a  aria-label=\"Compartir por correo\" href='mailto:?subject=Delegada%20Ossa%20junto%20a%20Jefe%20de%20la%20Defensa%20inspeccionaron%20locales%20de%20votaci%C3%B3n%20a%2048%20horas%20de%20las%20elecciones%20presidenciales&#038;body=https:\/\/radiorevelacionfm.cl\/?p=12012' aria-hidden='false' data-av_icon='\ue805' data-av_iconfont='entypo-fontello' title='' data-avia-related-tooltip='Compartir por correo'><span class='avia_hidden_link_text'>Compartir por correo<\/span><\/a><\/li><\/ul><\/div><\/div>\n<div  style='height:50px' class='hr hr-invisible   avia-builder-el-8  el_after_av_social_share  el_before_av_comments_list '><span class='hr-inner ' ><span class='hr-inner-style'><\/span><\/span><\/div>\n<div  class='av-buildercomment  av-blog-meta-html-info-disabled av-blog-meta-tag-disabled  '><\/div>\n","protected":false},"excerpt":{"rendered":"","protected":false},"author":1,"featured_media":12013,"comment_status":"open","ping_status":"open","sticky":false,"template":"","format":"standard","meta":{"footnotes":""},"categories":[38],"tags":[],"class_list":["post-12012","post","type-post","status-publish","format-standard","has-post-thumbnail","hentry","category-regional"],"jetpack_featured_media_url":"https:\/\/radiorevelacionfm.cl\/wp-content\/uploads\/2021\/12\/Delegada-Regional-2-2.jpeg","_links":{"self":[{"href":"https:\/\/radiorevelacionfm.cl\/index.php?rest_route=\/wp\/v2\/posts\/12012","targetHints":{"allow":["GET"]}}],"collection":[{"href":"https:\/\/radiorevelacionfm.cl\/index.php?rest_route=\/wp\/v2\/posts"}],"about":[{"href":"https:\/\/radiorevelacionfm.cl\/index.php?rest_route=\/wp\/v2\/types\/post"}],"author":[{"embeddable":true,"href":"https:\/\/radiorevelacionfm.cl\/index.php?rest_route=\/wp\/v2\/users\/1"}],"replies":[{"embeddable":true,"href":"https:\/\/radiorevelacionfm.cl\/index.php?rest_route=%2Fwp%2Fv2%2Fcomments&post=12012"}],"version-history":[{"count":2,"href":"https:\/\/radiorevelacionfm.cl\/index.php?rest_route=\/wp\/v2\/posts\/12012\/revisions"}],"predecessor-version":[{"id":12021,"href":"https:\/\/radiorevelacionfm.cl\/index.php?rest_route=\/wp\/v2\/posts\/12012\/revisions\/12021"}],"wp:featuredmedia":[{"embeddable":true,"href":"https:\/\/radiorevelacionfm.cl\/index.php?rest_route=\/wp\/v2\/media\/12013"}],"wp:attachment":[{"href":"https:\/\/radiorevelacionfm.cl\/index.php?rest_route=%2Fwp%2Fv2%2Fmedia&parent=12012"}],"wp:term":[{"taxonomy":"category","embeddable":true,"href":"https:\/\/radiorevelacionfm.cl\/index.php?rest_route=%2Fwp%2Fv2%2Fcategories&post=12012"},{"taxonomy":"post_tag","embeddable":true,"href":"https:\/\/radiorevelacionfm.cl\/index.php?rest_route=%2Fwp%2Fv2%2Ftags&post=12012"}],"curies":[{"name":"wp","href":"https:\/\/api.w.org\/{rel}","templated":true}]}}