{"id":12004,"date":"2021-12-17T17:51:27","date_gmt":"2021-12-17T20:51:27","guid":{"rendered":"https:\/\/radiorevelacionfm.cl\/?p=12004"},"modified":"2021-12-17T17:51:27","modified_gmt":"2021-12-17T20:51:27","slug":"mantener-el-autocuidado-en-estas-elecciones-nos-permitira-seguir-bajando-casos-por-covid-19-en-aysen","status":"publish","type":"post","link":"https:\/\/radiorevelacionfm.cl\/?p=12004","title":{"rendered":"Mantener el autocuidado en estas elecciones nos permitir\u00e1 seguir bajando casos por COVID-19 en Ays\u00e9n"},"content":{"rendered":"<div class=\"flex_column av_one_full  flex_column_div av-zero-column-padding first  avia-builder-el-0  el_before_av_one_full  avia-builder-el-first  \" style='border-radius:0px; '><div  class='avia-image-container  av-styling-    avia-builder-el-1  avia-builder-el-no-sibling  avia-align-center '  itemprop=\"image\" itemscope=\"itemscope\" itemtype=\"https:\/\/schema.org\/ImageObject\"  ><div class='avia-image-container-inner'><div class='avia-image-overlay-wrap'><img decoding=\"async\" class='wp-image-12005 avia-img-lazy-loading-not-12005 avia_image' src=\"https:\/\/radiorevelacionfm.cl\/wp-content\/uploads\/2021\/12\/ruta-voto-seguro-2_optimized.jpeg\" alt='' title='ruta-voto-seguro-2_optimized' height=\"600\" width=\"915\"  itemprop=\"thumbnailUrl\" srcset=\"https:\/\/radiorevelacionfm.cl\/wp-content\/uploads\/2021\/12\/ruta-voto-seguro-2_optimized.jpeg 915w, https:\/\/radiorevelacionfm.cl\/wp-content\/uploads\/2021\/12\/ruta-voto-seguro-2_optimized-300x197.jpeg 300w, https:\/\/radiorevelacionfm.cl\/wp-content\/uploads\/2021\/12\/ruta-voto-seguro-2_optimized-768x504.jpeg 768w, https:\/\/radiorevelacionfm.cl\/wp-content\/uploads\/2021\/12\/ruta-voto-seguro-2_optimized-705x462.jpeg 705w, https:\/\/radiorevelacionfm.cl\/wp-content\/uploads\/2021\/12\/ruta-voto-seguro-2_optimized-600x393.jpeg 600w\" sizes=\"(max-width: 915px) 100vw, 915px\" \/><\/div><\/div><\/div><\/div><div class=\"flex_column av_one_full  flex_column_div av-zero-column-padding first  avia-builder-el-2  el_after_av_one_full  el_before_av_one_full  column-top-margin\" style='border-radius:0px; '><section class=\"av_textblock_section \"  itemscope=\"itemscope\" itemtype=\"https:\/\/schema.org\/BlogPosting\" itemprop=\"blogPost\" ><div class='avia_textblock  '   itemprop=\"text\" ><p style=\"text-align: center;\"><span style=\"font-size: 18pt;\"><strong>Mantener el autocuidado en estas elecciones nos permitir\u00e1 seguir bajando casos por COVID-19 en Ays\u00e9n<\/strong><\/span><\/p>\n<div id=\"gtx-trans\" style=\"position: absolute; left: -50px; top: 4.31534px;\">\n<div class=\"gtx-trans-icon\"><\/div>\n<\/div>\n<\/div><\/section><\/div><div class=\"flex_column av_one_full  flex_column_div av-zero-column-padding first  avia-builder-el-4  el_after_av_one_full  el_before_av_hr  column-top-margin\" style='border-radius:0px; '><section class=\"av_textblock_section \"  itemscope=\"itemscope\" itemtype=\"https:\/\/schema.org\/BlogPosting\" itemprop=\"blogPost\" ><div class='avia_textblock  '   itemprop=\"text\" ><p style=\"text-align: justify;\">A trav\u00e9s de la campa\u00f1a \u00abRuta del voto seguro\u00bb el Ministerio de Salud est\u00e1 promoviendo medidas de resguardo sanitario para las elecciones presidenciales, donde el uso correcto de la mascarilla, el lavado frecuente de manos o utilizar un l\u00e1piz personal en el sufragio, son algunas de las medidas b\u00e1sicas para este domingo 19.<\/p>\n<p style=\"text-align: justify;\">A ra\u00edz de las elecciones presidenciales de este domingo 19, donde se contempla una alta afluencia de p\u00fablico a los locales de votaci\u00f3n, el Ministerio de Salud se encuentra reforzando las medidas sanitarias orientadas a evitar el aumento de contagios por COVID-19, enfoc\u00e1ndose en la responsabilidad del autocuidado promoviendo la \u201cRuta del Voto Seguro\u201d que enfatiza acciones como el uso correcto de la mascarilla, evitar la aglomeraci\u00f3n de personas, mantener el lavado frecuente de manos, el uso de alcohol gel antes y despu\u00e9s de la votaci\u00f3n.<\/p>\n<p style=\"text-align: justify;\">As\u00ed lo manifest\u00f3 la Seremi de Salud (s), Gloria Beecher, quien adem\u00e1s solicit\u00f3 la colaboraci\u00f3n de la ciudadan\u00eda en esta materia, para as\u00ed evitar el aumento de contagios por COVID-19. \u201cPara las elecciones presidenciales de este fin de semana, hacemos un llamado a la comunidad para que al momento de acudir a los locales de votaci\u00f3n, lo haga tomando en cuenta la situaci\u00f3n de pandemia por COVID-19 en la que a\u00fan nos encontramos; vale decir, hacer uso correcto de la mascarilla y llevar una de repuesto; programar horario y viaje hacia el local de votaci\u00f3n, con el objetivo de evitar aglomeraciones; mantener el lavado frecuente de manos y llevar un l\u00e1piz personal al local de votaci\u00f3n, entre los aspectos m\u00e1s relevantes\u201d.<\/p>\n<p style=\"text-align: justify;\">Finalmente, cabe se\u00f1alar que se deben respetar las medidas sanitarias que existen en los propios lugares de votaci\u00f3n, las personas deben tener presente contar con su c\u00e9dula de identidad, mascarilla, alcohol gel y su l\u00e1piz pasta azul, con la finalidad de hacer m\u00e1s expedito \u00a0este proceso.<\/p>\n<\/div><\/section><\/div><div  style='height:50px' class='hr hr-invisible   avia-builder-el-6  el_after_av_one_full  el_before_av_social_share '><span class='hr-inner ' ><span class='hr-inner-style'><\/span><\/span><\/div><\/p>\n<div  class='av-social-sharing-box  avia-builder-el-7  el_after_av_hr  el_before_av_hr  '><div class='av-share-box'><h5 class='av-share-link-description av-no-toc '>Compartir esta noticia<\/h5><ul class='av-share-box-list noLightbox'><li class='av-share-link av-social-link-facebook' ><a target=\"_blank\" aria-label=\"Compartir en Facebook\" href='https:\/\/www.facebook.com\/sharer.php?u=https:\/\/radiorevelacionfm.cl\/?p=12004&#038;t=Mantener%20el%20autocuidado%20en%20estas%20elecciones%20nos%20permitir%C3%A1%20seguir%20bajando%20casos%20por%20COVID-19%20en%20Ays%C3%A9n' aria-hidden='false' data-av_icon='\ue8f3' data-av_iconfont='entypo-fontello' title='' data-avia-related-tooltip='Compartir en Facebook' rel=\"noopener\"><span class='avia_hidden_link_text'>Compartir en Facebook<\/span><\/a><\/li><li class='av-share-link av-social-link-twitter' ><a target=\"_blank\" aria-label=\"Compartir en Twitter\" href='https:\/\/twitter.com\/share?text=Mantener%20el%20autocuidado%20en%20estas%20elecciones%20nos%20permitir%C3%A1%20seguir%20bajando%20casos%20por%20COVID-19%20en%20Ays%C3%A9n&#038;url=https:\/\/radiorevelacionfm.cl\/?p=12004' aria-hidden='false' data-av_icon='\ue8f1' data-av_iconfont='entypo-fontello' title='' data-avia-related-tooltip='Compartir en Twitter' rel=\"noopener\"><span class='avia_hidden_link_text'>Compartir en Twitter<\/span><\/a><\/li><li class='av-share-link av-social-link-whatsapp' ><a target=\"_blank\" aria-label=\"Compartir en Whatsapp\" href='https:\/\/api.whatsapp.com\/send?text=https:\/\/radiorevelacionfm.cl\/?p=12004' aria-hidden='false' data-av_icon='\uf232' data-av_iconfont='entypo-fontello' title='' data-avia-related-tooltip='Compartir en Whatsapp' rel=\"noopener\"><span class='avia_hidden_link_text'>Compartir en Whatsapp<\/span><\/a><\/li><li class='av-share-link av-social-link-linkedin' ><a target=\"_blank\" aria-label=\"Compartir en LinkedIn\" href='https:\/\/linkedin.com\/shareArticle?mini=true&#038;title=Mantener%20el%20autocuidado%20en%20estas%20elecciones%20nos%20permitir%C3%A1%20seguir%20bajando%20casos%20por%20COVID-19%20en%20Ays%C3%A9n&#038;url=https:\/\/radiorevelacionfm.cl\/?p=12004' aria-hidden='false' data-av_icon='\ue8fc' data-av_iconfont='entypo-fontello' title='' data-avia-related-tooltip='Compartir en LinkedIn' rel=\"noopener\"><span class='avia_hidden_link_text'>Compartir en LinkedIn<\/span><\/a><\/li><li class='av-share-link av-social-link-mail' ><a  aria-label=\"Compartir por correo\" href='mailto:?subject=Mantener%20el%20autocuidado%20en%20estas%20elecciones%20nos%20permitir%C3%A1%20seguir%20bajando%20casos%20por%20COVID-19%20en%20Ays%C3%A9n&#038;body=https:\/\/radiorevelacionfm.cl\/?p=12004' aria-hidden='false' data-av_icon='\ue805' data-av_iconfont='entypo-fontello' title='' data-avia-related-tooltip='Compartir por correo'><span class='avia_hidden_link_text'>Compartir por correo<\/span><\/a><\/li><\/ul><\/div><\/div>\n<div  style='height:50px' class='hr hr-invisible   avia-builder-el-8  el_after_av_social_share  el_before_av_comments_list '><span class='hr-inner ' ><span class='hr-inner-style'><\/span><\/span><\/div>\n<div  class='av-buildercomment  av-blog-meta-html-info-disabled av-blog-meta-tag-disabled  '><\/div>\n","protected":false},"excerpt":{"rendered":"","protected":false},"author":1,"featured_media":12005,"comment_status":"open","ping_status":"open","sticky":false,"template":"","format":"standard","meta":{"footnotes":""},"categories":[46],"tags":[],"class_list":["post-12004","post","type-post","status-publish","format-standard","has-post-thumbnail","hentry","category-salud"],"jetpack_featured_media_url":"https:\/\/radiorevelacionfm.cl\/wp-content\/uploads\/2021\/12\/ruta-voto-seguro-2_optimized.jpeg","_links":{"self":[{"href":"https:\/\/radiorevelacionfm.cl\/index.php?rest_route=\/wp\/v2\/posts\/12004","targetHints":{"allow":["GET"]}}],"collection":[{"href":"https:\/\/radiorevelacionfm.cl\/index.php?rest_route=\/wp\/v2\/posts"}],"about":[{"href":"https:\/\/radiorevelacionfm.cl\/index.php?rest_route=\/wp\/v2\/types\/post"}],"author":[{"embeddable":true,"href":"https:\/\/radiorevelacionfm.cl\/index.php?rest_route=\/wp\/v2\/users\/1"}],"replies":[{"embeddable":true,"href":"https:\/\/radiorevelacionfm.cl\/index.php?rest_route=%2Fwp%2Fv2%2Fcomments&post=12004"}],"version-history":[{"count":2,"href":"https:\/\/radiorevelacionfm.cl\/index.php?rest_route=\/wp\/v2\/posts\/12004\/revisions"}],"predecessor-version":[{"id":12011,"href":"https:\/\/radiorevelacionfm.cl\/index.php?rest_route=\/wp\/v2\/posts\/12004\/revisions\/12011"}],"wp:featuredmedia":[{"embeddable":true,"href":"https:\/\/radiorevelacionfm.cl\/index.php?rest_route=\/wp\/v2\/media\/12005"}],"wp:attachment":[{"href":"https:\/\/radiorevelacionfm.cl\/index.php?rest_route=%2Fwp%2Fv2%2Fmedia&parent=12004"}],"wp:term":[{"taxonomy":"category","embeddable":true,"href":"https:\/\/radiorevelacionfm.cl\/index.php?rest_route=%2Fwp%2Fv2%2Fcategories&post=12004"},{"taxonomy":"post_tag","embeddable":true,"href":"https:\/\/radiorevelacionfm.cl\/index.php?rest_route=%2Fwp%2Fv2%2Ftags&post=12004"}],"curies":[{"name":"wp","href":"https:\/\/api.w.org\/{rel}","templated":true}]}}