{"id":12000,"date":"2021-12-17T17:22:11","date_gmt":"2021-12-17T20:22:11","guid":{"rendered":"https:\/\/radiorevelacionfm.cl\/?p=12000"},"modified":"2021-12-17T17:22:11","modified_gmt":"2021-12-17T20:22:11","slug":"box-dental-de-la-comunidad-educativa-escuela-gabriela-mistral-obtiene-resolucion-sanitaria","status":"publish","type":"post","link":"https:\/\/radiorevelacionfm.cl\/?p=12000","title":{"rendered":"Box dental de la comunidad educativa Escuela Gabriela Mistral obtiene Resoluci\u00f3n Sanitaria"},"content":{"rendered":"<div class=\"flex_column av_one_full  flex_column_div av-zero-column-padding first  avia-builder-el-0  el_before_av_one_full  avia-builder-el-first  \" style='border-radius:0px; '><div  class='avia-image-container  av-styling-    avia-builder-el-1  avia-builder-el-no-sibling  avia-align-center '  itemprop=\"image\" itemscope=\"itemscope\" itemtype=\"https:\/\/schema.org\/ImageObject\"  ><div class='avia-image-container-inner'><div class='avia-image-overlay-wrap'><img decoding=\"async\" class='wp-image-12001 avia-img-lazy-loading-not-12001 avia_image' src=\"https:\/\/radiorevelacionfm.cl\/wp-content\/uploads\/2021\/12\/269259686_4565583150235310_1103652131748012065_n-2-2.jpg\" alt='' title='269259686_4565583150235310_1103652131748012065_n-2-2' height=\"600\" width=\"800\"  itemprop=\"thumbnailUrl\" srcset=\"https:\/\/radiorevelacionfm.cl\/wp-content\/uploads\/2021\/12\/269259686_4565583150235310_1103652131748012065_n-2-2.jpg 800w, https:\/\/radiorevelacionfm.cl\/wp-content\/uploads\/2021\/12\/269259686_4565583150235310_1103652131748012065_n-2-2-300x225.jpg 300w, https:\/\/radiorevelacionfm.cl\/wp-content\/uploads\/2021\/12\/269259686_4565583150235310_1103652131748012065_n-2-2-768x576.jpg 768w, https:\/\/radiorevelacionfm.cl\/wp-content\/uploads\/2021\/12\/269259686_4565583150235310_1103652131748012065_n-2-2-705x529.jpg 705w, https:\/\/radiorevelacionfm.cl\/wp-content\/uploads\/2021\/12\/269259686_4565583150235310_1103652131748012065_n-2-2-600x450.jpg 600w\" sizes=\"(max-width: 800px) 100vw, 800px\" \/><\/div><\/div><\/div><\/div><div class=\"flex_column av_one_full  flex_column_div av-zero-column-padding first  avia-builder-el-2  el_after_av_one_full  el_before_av_one_full  column-top-margin\" style='border-radius:0px; '><section class=\"av_textblock_section \"  itemscope=\"itemscope\" itemtype=\"https:\/\/schema.org\/BlogPosting\" itemprop=\"blogPost\" ><div class='avia_textblock  '   itemprop=\"text\" ><p style=\"text-align: center;\"><strong><span style=\"font-size: 18pt;\">Box dental de la comunidad educativa Escuela Gabriela Mistral obtiene Resoluci\u00f3n Sanitaria <\/span><\/strong><\/p>\n<div id=\"gtx-trans\" style=\"position: absolute; left: -50px; top: 4.31534px;\">\n<div class=\"gtx-trans-icon\"><\/div>\n<\/div>\n<\/div><\/section><\/div><div class=\"flex_column av_one_full  flex_column_div av-zero-column-padding first  avia-builder-el-4  el_after_av_one_full  el_before_av_hr  column-top-margin\" style='border-radius:0px; '><section class=\"av_textblock_section \"  itemscope=\"itemscope\" itemtype=\"https:\/\/schema.org\/BlogPosting\" itemprop=\"blogPost\" ><div class='avia_textblock  '   itemprop=\"text\" ><p style=\"text-align: justify;\">Tras meses de intenso trabajo y gesti\u00f3n de la Ilustre Municipalidad de Ays\u00e9n, a trav\u00e9s de la Direcci\u00f3n de Educaci\u00f3n Municipal, este jueves la Secretar\u00eda Regional Ministerial de Salud aprob\u00f3 la Resoluci\u00f3n Sanitaria que permite la instalaci\u00f3n y funcionamiento del m\u00f3dulo dental en la escuela Gabriela Mistral en Puerto Ays\u00e9n, en el marco del Programa de Salud Oral, PSO, el cual se lleva a cabo mediante un convenio con Junta Nacional de Auxilio Escolar y Becas, JUNAEB, y que es ejecutado por la Unidad Extraescolar, Salud y Deportes del DEM Ays\u00e9n.<\/p>\n<p style=\"text-align: justify;\">De esta manera, ya a partir de marzo de 2022 podr\u00e1 darse continuidad a las atenciones dentales, en este programa cuyo inicio en las escuelas municipalizadas en la comuna de Ays\u00e9n se remota al a\u00f1o 2007 y que, producto de la pandemia, exigi\u00f3 a todos los ejecutores a nivel nacional, contar con esta certificaci\u00f3n, a fin de asegurar que las atenciones a los educandos sean de car\u00e1cter adecuadas, seguras, y con todas las medidas sanitarias exigidas.<\/p>\n<p style=\"text-align: justify;\">As\u00ed lo manifest\u00f3 la cirujano dentista a cargo de box dental en el recinto educacional aysenino, Paulina A\u00f1azco, quien relev\u00f3 este hito y el positivo impacto en las comunidades educativas.<\/p>\n<p style=\"text-align: justify;\">\u201cFue un proceso largo, en que tuvimos una buena recepci\u00f3n de las autoridades y que se traduce hoy en que la municipalidad cuenta con una cl\u00ednica dental con Resoluci\u00f3n Sanitaria, lo que da mayor confianza a las familias, de que los estudiantes puedan ser atendidos en condiciones \u00f3ptimas\u201d, agregando que \u201ceste programa tiene varios componentes, donde el fuerte es precisamente la labor preventiva, ya que si no sabemos c\u00f3mo prevenir no sacamos nada con tapar dientes, y sacar dientes, sino que debemos saber c\u00f3mo prevenir las enfermedades orales m\u00e1s prevalentes, y eso se logra con acciones educativas, hacia los ni\u00f1os y ni\u00f1as\u201d.<\/p>\n<p style=\"text-align: justify;\">El PSO est\u00e1 dirigido a estudiantes de educaci\u00f3n preb\u00e1sica hasta octavo a\u00f1o, quienes son atendidos de forma gratuita en el propio establecimiento, respecto a atenci\u00f3n odontol\u00f3gica de nivel primario, como son restauraciones y extracciones, entre otros. Los casos m\u00e1s complejos, como tratamientos conductos, cirug\u00eda y frenillos son derivados a trav\u00e9s de interconsulta y posteriormente se les realiza el seguimiento para ver su evoluci\u00f3n. Asimismo, se realizan acciones preventivas, como son aplicaci\u00f3n de sellantes y fluorizaci\u00f3n, a trav\u00e9s de esta instancia compuesta por tres profesionales que, adem\u00e1s de la cirujano dentista, incorpora una asistente dental y una educadora y que, en promedio, significa unas 500 atenciones de forma anual.<\/p>\n<p style=\"text-align: justify;\">\u201cComo coordinaci\u00f3n t\u00e9cnica de este programa estamos muy felices de poder dar un paso tan importante. Si bien la parte m\u00e1s administrativa inici\u00f3 en abril de este a\u00f1o, nosotros como equipo partimos en 2020 con las gestiones para que este box pudiera tener las condiciones necesarias, y las mejoras adecuadas. As\u00ed que agradecidos del ente ejecutor, el municipio, que crey\u00f3 en este proyecto, dispuso el financiamiento para la realizaci\u00f3n de obras y tener as\u00ed este maravilloso resultado, especialmente en el contexto social sanitario en que nos encontramos. Esperamos que a futuro otras escuelitas se nos vayan sumando, y as\u00ed tener una red de cl\u00ednicas dentales escolares de alta calidad, como se merecen nuestros estudiantes ayseninos\u201d, manifest\u00f3 la encargada de la Unidad Extraescolar, de Salud y Deportes, Cynthia Arra\u00f1o, quien adem\u00e1s agradeci\u00f3 el apoyo de la Direcci\u00f3n de Obras Municipales, as\u00ed como a la unidad de Mantenci\u00f3n del DEM por la importante colaboraci\u00f3n brindada en pos de este proyecto.<\/p>\n<p style=\"text-align: justify;\">Por su parte, Marcelo Marchant, director de la escuela Gabriela Mistral se mostr\u00f3 muy satisfecho con esta importante instancia, destacando el beneficio que tendr\u00e1 en la familia aysenina \u201cporque ese es el prop\u00f3sito, promover la salud oral, que es fundamental. Nuestro sello deportivo sufri\u00f3 un giro, y hoy es de h\u00e1bitos y vida saludable, as\u00ed que todo va de la mano, donde se incluye el programa de obesidad de JUNAEB, entre otros. As\u00ed que esta resoluci\u00f3n del box es muy importante para permitir seguir trabajando en pos de la salud, no s\u00f3lo con nuestros estudiantes de la escuela, sino con aquellos alumnos y alumnas de la educaci\u00f3n municipal que lo requieran\u201d.<\/p>\n<p style=\"text-align: justify;\">Finalmente, la directora del DEM, Tamara Villegas, dio cuenta del compromiso del equipo municipal, a trav\u00e9s de Educaci\u00f3n, respecto a \u201casumir los costos de implementaci\u00f3n para una nueva sala de esterilizaci\u00f3n y la mejora del box de procedimiento, necesarios para obtener esta resoluci\u00f3n, que sum\u00f3 alrededor de 10 millones de pesos. Porque nuestro compromiso no es s\u00f3lo con el \u00e1mbito pedag\u00f3gico, sino adem\u00e1s con su desarrollo y, especialmente, su bienestar\u201d.<\/p>\n<\/div><\/section><\/div><div  style='height:50px' class='hr hr-invisible   avia-builder-el-6  el_after_av_one_full  el_before_av_social_share '><span class='hr-inner ' ><span class='hr-inner-style'><\/span><\/span><\/div><\/p>\n<div  class='av-social-sharing-box  avia-builder-el-7  el_after_av_hr  el_before_av_hr  '><div class='av-share-box'><h5 class='av-share-link-description av-no-toc '>Compartir esta noticia<\/h5><ul class='av-share-box-list noLightbox'><li class='av-share-link av-social-link-facebook' ><a target=\"_blank\" aria-label=\"Compartir en Facebook\" href='https:\/\/www.facebook.com\/sharer.php?u=https:\/\/radiorevelacionfm.cl\/?p=12000&#038;t=Box%20dental%20de%20la%20comunidad%20educativa%20Escuela%20Gabriela%20Mistral%20obtiene%20Resoluci%C3%B3n%20Sanitaria' aria-hidden='false' data-av_icon='\ue8f3' data-av_iconfont='entypo-fontello' title='' data-avia-related-tooltip='Compartir en Facebook' rel=\"noopener\"><span class='avia_hidden_link_text'>Compartir en Facebook<\/span><\/a><\/li><li class='av-share-link av-social-link-twitter' ><a target=\"_blank\" aria-label=\"Compartir en Twitter\" href='https:\/\/twitter.com\/share?text=Box%20dental%20de%20la%20comunidad%20educativa%20Escuela%20Gabriela%20Mistral%20obtiene%20Resoluci%C3%B3n%20Sanitaria&#038;url=https:\/\/radiorevelacionfm.cl\/?p=12000' aria-hidden='false' data-av_icon='\ue8f1' data-av_iconfont='entypo-fontello' title='' data-avia-related-tooltip='Compartir en Twitter' rel=\"noopener\"><span class='avia_hidden_link_text'>Compartir en Twitter<\/span><\/a><\/li><li class='av-share-link av-social-link-whatsapp' ><a target=\"_blank\" aria-label=\"Compartir en Whatsapp\" href='https:\/\/api.whatsapp.com\/send?text=https:\/\/radiorevelacionfm.cl\/?p=12000' aria-hidden='false' data-av_icon='\uf232' data-av_iconfont='entypo-fontello' title='' data-avia-related-tooltip='Compartir en Whatsapp' rel=\"noopener\"><span class='avia_hidden_link_text'>Compartir en Whatsapp<\/span><\/a><\/li><li class='av-share-link av-social-link-linkedin' ><a target=\"_blank\" aria-label=\"Compartir en LinkedIn\" href='https:\/\/linkedin.com\/shareArticle?mini=true&#038;title=Box%20dental%20de%20la%20comunidad%20educativa%20Escuela%20Gabriela%20Mistral%20obtiene%20Resoluci%C3%B3n%20Sanitaria&#038;url=https:\/\/radiorevelacionfm.cl\/?p=12000' aria-hidden='false' data-av_icon='\ue8fc' data-av_iconfont='entypo-fontello' title='' data-avia-related-tooltip='Compartir en LinkedIn' rel=\"noopener\"><span class='avia_hidden_link_text'>Compartir en LinkedIn<\/span><\/a><\/li><li class='av-share-link av-social-link-mail' ><a  aria-label=\"Compartir por correo\" href='mailto:?subject=Box%20dental%20de%20la%20comunidad%20educativa%20Escuela%20Gabriela%20Mistral%20obtiene%20Resoluci%C3%B3n%20Sanitaria&#038;body=https:\/\/radiorevelacionfm.cl\/?p=12000' aria-hidden='false' data-av_icon='\ue805' data-av_iconfont='entypo-fontello' title='' data-avia-related-tooltip='Compartir por correo'><span class='avia_hidden_link_text'>Compartir por correo<\/span><\/a><\/li><\/ul><\/div><\/div>\n<div  style='height:50px' class='hr hr-invisible   avia-builder-el-8  el_after_av_social_share  el_before_av_comments_list '><span class='hr-inner ' ><span class='hr-inner-style'><\/span><\/span><\/div>\n<div  class='av-buildercomment  av-blog-meta-html-info-disabled av-blog-meta-tag-disabled  '><\/div>\n","protected":false},"excerpt":{"rendered":"","protected":false},"author":1,"featured_media":12001,"comment_status":"open","ping_status":"open","sticky":false,"template":"","format":"standard","meta":{"footnotes":""},"categories":[38],"tags":[],"class_list":["post-12000","post","type-post","status-publish","format-standard","has-post-thumbnail","hentry","category-regional"],"jetpack_featured_media_url":"https:\/\/radiorevelacionfm.cl\/wp-content\/uploads\/2021\/12\/269259686_4565583150235310_1103652131748012065_n-2-2.jpg","_links":{"self":[{"href":"https:\/\/radiorevelacionfm.cl\/index.php?rest_route=\/wp\/v2\/posts\/12000","targetHints":{"allow":["GET"]}}],"collection":[{"href":"https:\/\/radiorevelacionfm.cl\/index.php?rest_route=\/wp\/v2\/posts"}],"about":[{"href":"https:\/\/radiorevelacionfm.cl\/index.php?rest_route=\/wp\/v2\/types\/post"}],"author":[{"embeddable":true,"href":"https:\/\/radiorevelacionfm.cl\/index.php?rest_route=\/wp\/v2\/users\/1"}],"replies":[{"embeddable":true,"href":"https:\/\/radiorevelacionfm.cl\/index.php?rest_route=%2Fwp%2Fv2%2Fcomments&post=12000"}],"version-history":[{"count":2,"href":"https:\/\/radiorevelacionfm.cl\/index.php?rest_route=\/wp\/v2\/posts\/12000\/revisions"}],"predecessor-version":[{"id":12007,"href":"https:\/\/radiorevelacionfm.cl\/index.php?rest_route=\/wp\/v2\/posts\/12000\/revisions\/12007"}],"wp:featuredmedia":[{"embeddable":true,"href":"https:\/\/radiorevelacionfm.cl\/index.php?rest_route=\/wp\/v2\/media\/12001"}],"wp:attachment":[{"href":"https:\/\/radiorevelacionfm.cl\/index.php?rest_route=%2Fwp%2Fv2%2Fmedia&parent=12000"}],"wp:term":[{"taxonomy":"category","embeddable":true,"href":"https:\/\/radiorevelacionfm.cl\/index.php?rest_route=%2Fwp%2Fv2%2Fcategories&post=12000"},{"taxonomy":"post_tag","embeddable":true,"href":"https:\/\/radiorevelacionfm.cl\/index.php?rest_route=%2Fwp%2Fv2%2Ftags&post=12000"}],"curies":[{"name":"wp","href":"https:\/\/api.w.org\/{rel}","templated":true}]}}