{"id":11996,"date":"2021-12-17T16:11:14","date_gmt":"2021-12-17T19:11:14","guid":{"rendered":"https:\/\/radiorevelacionfm.cl\/?p=11996"},"modified":"2021-12-17T16:11:14","modified_gmt":"2021-12-17T19:11:14","slug":"se-conforma-el-primer-comite-regional-de-ciencia-tecnologia-e-innovacion-para-el-desarrollo-de-la-region-de-aysen","status":"publish","type":"post","link":"https:\/\/radiorevelacionfm.cl\/?p=11996","title":{"rendered":"Se conforma el primer Comit\u00e9 Regional de Ciencia, Tecnolog\u00eda e Innovaci\u00f3n para el Desarrollo de la regi\u00f3n de Ays\u00e9n"},"content":{"rendered":"<div class=\"flex_column av_one_full  flex_column_div av-zero-column-padding first  avia-builder-el-0  el_before_av_one_full  avia-builder-el-first  \" style='border-radius:0px; '><div  class='avia-image-container  av-styling-    avia-builder-el-1  avia-builder-el-no-sibling  avia-align-center '  itemprop=\"image\" itemscope=\"itemscope\" itemtype=\"https:\/\/schema.org\/ImageObject\"  ><div class='avia-image-container-inner'><div class='avia-image-overlay-wrap'><img decoding=\"async\" class='wp-image-11997 avia-img-lazy-loading-not-11997 avia_image' src=\"https:\/\/radiorevelacionfm.cl\/wp-content\/uploads\/2021\/12\/Comite-Ciencia-2-2.jpeg\" alt='' title='Comite Ciencia-2-2' height=\"600\" width=\"900\"  itemprop=\"thumbnailUrl\" srcset=\"https:\/\/radiorevelacionfm.cl\/wp-content\/uploads\/2021\/12\/Comite-Ciencia-2-2.jpeg 900w, https:\/\/radiorevelacionfm.cl\/wp-content\/uploads\/2021\/12\/Comite-Ciencia-2-2-300x200.jpeg 300w, https:\/\/radiorevelacionfm.cl\/wp-content\/uploads\/2021\/12\/Comite-Ciencia-2-2-768x512.jpeg 768w, https:\/\/radiorevelacionfm.cl\/wp-content\/uploads\/2021\/12\/Comite-Ciencia-2-2-705x470.jpeg 705w, https:\/\/radiorevelacionfm.cl\/wp-content\/uploads\/2021\/12\/Comite-Ciencia-2-2-600x400.jpeg 600w\" sizes=\"(max-width: 900px) 100vw, 900px\" \/><\/div><\/div><\/div><\/div><div class=\"flex_column av_one_full  flex_column_div av-zero-column-padding first  avia-builder-el-2  el_after_av_one_full  el_before_av_one_full  column-top-margin\" style='border-radius:0px; '><section class=\"av_textblock_section \"  itemscope=\"itemscope\" itemtype=\"https:\/\/schema.org\/BlogPosting\" itemprop=\"blogPost\" ><div class='avia_textblock  '   itemprop=\"text\" ><p style=\"text-align: center;\"><strong><span style=\"font-size: 18pt;\">Se conforma el primer Comit\u00e9 Regional de Ciencia, Tecnolog\u00eda e Innovaci\u00f3n para el Desarrollo de la regi\u00f3n de Ays\u00e9n <\/span><\/strong><\/p>\n<div id=\"gtx-trans\" style=\"position: absolute; left: -50px; top: 4.31534px;\">\n<div class=\"gtx-trans-icon\"><\/div>\n<\/div>\n<\/div><\/section><\/div><div class=\"flex_column av_one_full  flex_column_div av-zero-column-padding first  avia-builder-el-4  el_after_av_one_full  el_before_av_hr  column-top-margin\" style='border-radius:0px; '><section class=\"av_textblock_section \"  itemscope=\"itemscope\" itemtype=\"https:\/\/schema.org\/BlogPosting\" itemprop=\"blogPost\" ><div class='avia_textblock  '   itemprop=\"text\" ><p style=\"text-align: justify;\">Durante la Sesi\u00f3n Ordinaria N\u00b023\/2021 del Consejo Regional de Ays\u00e9n, se realiz\u00f3 la votaci\u00f3n para designar a dos de los miembros del primer Comit\u00e9 Regional de Ciencia, Tecnolog\u00eda e Innovaci\u00f3n para el Desarrollo de la Regi\u00f3n de Ays\u00e9n, enmarcado en la Ley N\u00ba 21.074 -sobre Fortalecimiento de la Regionalizaci\u00f3n del Pa\u00eds-, y que ser\u00e1 el organismo encargado de fortalecer el sistema de Ciencia, Tecnolog\u00eda, Conocimiento e Innovaci\u00f3n Regional para el desarrollo local.<\/p>\n<p style=\"text-align: justify;\">\u00c9ste qued\u00f3 conformado por Andrea Mac\u00edas, Gobernadora Regional; Rodrigo Araya, presidente de la Comisi\u00f3n de Ciencias del CORE; Sergio Becerra, Seremi de Educaci\u00f3n; Carlos Pacheco, Seremi de Econom\u00eda; Pamela Santib\u00e1\u00f1ez, Seremi de Ciencia; Gerard Olivar, Director de Investigaci\u00f3n de la Universidad de Ays\u00e9n; Alejandro Reyes, Director del Campus Patagonia de la Universidad Austral; y Giovanni Daneri, Director Ejecutivo del Centro de Investigaci\u00f3n en Ecosistemas de la Patagonia (CIEP).<\/p>\n<p style=\"text-align: justify;\">La Gobernadora Regional, Andrea Mac\u00edas Palma, se\u00f1al\u00f3 al respecto: \u00abComo Gobierno Regional hemos tenido un d\u00eda muy importante, dado que se produjo el nombramiento de quienes van a integrar nuestro Comit\u00e9 de Ciencia, Tecnolog\u00eda e Innovaci\u00f3n. Este Comit\u00e9 tiene grandes desaf\u00edos en esta materia, en el corto plazo poder elaborar nuestra estrategia regional de innovaci\u00f3n, as\u00ed como poder asesorar en todas estas materias al Gobierno Regional y a otras instituciones. Estamos muy contentos de que nuestra regi\u00f3n de Ays\u00e9n d\u00e9 inicio a este proceso conjunto, desde la Comisi\u00f3n de Ciencia del Consejo Regional y con la Seremi de la Macrozona Austral\u00bb.<span class=\"v1gmail-Apple-converted-space\">\u00a0<\/span><\/p>\n<p style=\"text-align: justify;\">Por su parte, la Seremi de CTCI de la Macrozona Austral, Pamela Santib\u00e1\u00f1ez, indic\u00f3 que este es un hito importante para la regi\u00f3n y el pa\u00eds, ya que corresponde al primer Comit\u00e9 de Ciencia, Tecnolog\u00eda e Innovaci\u00f3n Regional en ser conformado a nivel nacional. \u00abEsto demuestra el inter\u00e9s de la regi\u00f3n en contar con componentes claves para alcanzar el desarrollo sostenible en los territorios. El sistema de CTCI en Ays\u00e9n es joven, hace 17 a\u00f1os ten\u00edan un investigador con grado de doctor y ahora cuenta con cerca de 50, -tenemos que pensar que en la regi\u00f3n metropolitana hay cerca de 9 mil-. Este sistema nace con el CIEP y, a diferencia del resto del pa\u00eds en donde cerca del 90% de la generaci\u00f3n de conocimiento se realiza en la Universidades, en Ays\u00e9n el 60% \u00a0proviene de este centro\u00bb.<\/p>\n<div>\n<p>Agreg\u00f3 que las estrategias adoptadas por el GORE y CORE para el crecimiento del sistema han sido efectivas, y la generaci\u00f3n de conocimiento se aceler\u00f3 con la creaci\u00f3n de la Universidad de Ays\u00e9n. \u00abEl sistema, al ser uno de los m\u00e1s j\u00f3venes y peque\u00f1os del pa\u00eds, carece de actores claves, como por ejemplo: transferencia tecnol\u00f3gica y de conocimiento en algunos \u00e1mbitos claves para la regi\u00f3n, empresas de base cient\u00edfico-tecnol\u00f3gica o periodistas cient\u00edficos, entre otros. La funci\u00f3n de este comit\u00e9 ser\u00e1 buscar una estrategia que permita fortalecer el sistema y lograr que contenga todos sus componentes de una manera articulada y en sinergia con los actores locales, regionales y nacionales\u00bb.<\/p>\n<div>\n<div style=\"text-align: justify;\"><\/div>\n<div style=\"text-align: justify;\">El Presidente de la Comisi\u00f3n de Ciencia y Tecnolog\u00eda del Consejo Regional, consejero Rodrigo Araya, tambi\u00e9n recalc\u00f3 la importancia de este proceso en el que se ha trabajado por varios meses. \u00abSe ha conformado una instituci\u00f3n totalmente nueva creada por la misma ley que cre\u00f3 el Ministerio de Ciencia y Tecnolog\u00eda hace dos a\u00f1os y est\u00e1bamos esperando con ansias poder habilitarlo para que empecemos a trabajar ese tema en otra regi\u00f3n. Este comit\u00e9 de Ciencia tendr\u00e1 un rol muy importante para hacer las recomendaciones al Gobierno Regional en relaci\u00f3n a c\u00f3mo resolver fundamentalmente las brechas que tenemos en nuestra regi\u00f3n en el ecosistema de Ciencia y Tecnolog\u00eda. Si bien es cierto nuestra regi\u00f3n tiene \u00a0una cantidad de investigadores muy eficiente, tenemos d\u00e9ficit de infraestructura, tenemos d\u00e9ficits de equipamiento y por supuesto que tenemos todo un camino que hacer\u00bb, concluy\u00f3.<\/div>\n<div style=\"text-align: justify;\"><b><br \/>\nFunciones del Comit\u00e9<\/b><\/div>\n<\/div>\n<p style=\"text-align: justify;\">Dentro de las tareas del comit\u00e9 se encuentran elaborar y proponer al gobierno regional una \u00abEstrategia Regional de Ciencia, Tecnolog\u00eda e Innovaci\u00f3n\u00bb, teniendo en cuenta el componente regional, o macrozonal, de la Estrategia elaborada por el consejo asesor presidencial, as\u00ed como la Estrategia Regional de Desarrollo y pol\u00edticas p\u00fablicas regionales relacionadas.<\/p>\n<p style=\"text-align: justify;\">Adem\u00e1s, debe apoyar en la identificaci\u00f3n y la formulaci\u00f3n de pol\u00edticas y acciones relacionadas al \u00e1rea, en coherencia con la Pol\u00edtica Nacional de Ciencia, Tecnolog\u00eda, Conocimiento e Innovaci\u00f3n; elaborar y proponer medidas y orientaciones de mediano y largo plazo para su desarrollo, pudiendo considerar para tales efectos los resultados de los procesos de evaluaci\u00f3n que realice la Divisi\u00f3n de Planificaci\u00f3n y Desarrollo Regional.<\/p>\n<p style=\"text-align: justify;\">A lo anterior se suma el asesorar al gobierno regional en \u00e1reas de su competencia, como lo son la investigaci\u00f3n cient\u00edfica, el capital humano y la innovaci\u00f3n, as\u00ed como la transferencia y difusi\u00f3n de tecnolog\u00edas vinculadas a la innovaci\u00f3n regional.<\/p>\n<\/div>\n<\/div><\/section><\/div><div  style='height:50px' class='hr hr-invisible   avia-builder-el-6  el_after_av_one_full  el_before_av_social_share '><span class='hr-inner ' ><span class='hr-inner-style'><\/span><\/span><\/div><\/p>\n<div  class='av-social-sharing-box  avia-builder-el-7  el_after_av_hr  el_before_av_hr  '><div class='av-share-box'><h5 class='av-share-link-description av-no-toc '>Compartir esta noticia<\/h5><ul class='av-share-box-list noLightbox'><li class='av-share-link av-social-link-facebook' ><a target=\"_blank\" aria-label=\"Compartir en Facebook\" href='https:\/\/www.facebook.com\/sharer.php?u=https:\/\/radiorevelacionfm.cl\/?p=11996&#038;t=Se%20conforma%20el%20primer%20Comit%C3%A9%20Regional%20de%20Ciencia%2C%20Tecnolog%C3%ADa%20e%20Innovaci%C3%B3n%20para%20el%20Desarrollo%20de%20la%20regi%C3%B3n%20de%20Ays%C3%A9n' aria-hidden='false' data-av_icon='\ue8f3' data-av_iconfont='entypo-fontello' title='' data-avia-related-tooltip='Compartir en Facebook' rel=\"noopener\"><span class='avia_hidden_link_text'>Compartir en Facebook<\/span><\/a><\/li><li class='av-share-link av-social-link-twitter' ><a target=\"_blank\" aria-label=\"Compartir en Twitter\" href='https:\/\/twitter.com\/share?text=Se%20conforma%20el%20primer%20Comit%C3%A9%20Regional%20de%20Ciencia%2C%20Tecnolog%C3%ADa%20e%20Innovaci%C3%B3n%20para%20el%20Desarrollo%20de%20la%20regi%C3%B3n%20de%20Ays%C3%A9n&#038;url=https:\/\/radiorevelacionfm.cl\/?p=11996' aria-hidden='false' data-av_icon='\ue8f1' data-av_iconfont='entypo-fontello' title='' data-avia-related-tooltip='Compartir en Twitter' rel=\"noopener\"><span class='avia_hidden_link_text'>Compartir en Twitter<\/span><\/a><\/li><li class='av-share-link av-social-link-whatsapp' ><a target=\"_blank\" aria-label=\"Compartir en Whatsapp\" href='https:\/\/api.whatsapp.com\/send?text=https:\/\/radiorevelacionfm.cl\/?p=11996' aria-hidden='false' data-av_icon='\uf232' data-av_iconfont='entypo-fontello' title='' data-avia-related-tooltip='Compartir en Whatsapp' rel=\"noopener\"><span class='avia_hidden_link_text'>Compartir en Whatsapp<\/span><\/a><\/li><li class='av-share-link av-social-link-linkedin' ><a target=\"_blank\" aria-label=\"Compartir en LinkedIn\" href='https:\/\/linkedin.com\/shareArticle?mini=true&#038;title=Se%20conforma%20el%20primer%20Comit%C3%A9%20Regional%20de%20Ciencia%2C%20Tecnolog%C3%ADa%20e%20Innovaci%C3%B3n%20para%20el%20Desarrollo%20de%20la%20regi%C3%B3n%20de%20Ays%C3%A9n&#038;url=https:\/\/radiorevelacionfm.cl\/?p=11996' aria-hidden='false' data-av_icon='\ue8fc' data-av_iconfont='entypo-fontello' title='' data-avia-related-tooltip='Compartir en LinkedIn' rel=\"noopener\"><span class='avia_hidden_link_text'>Compartir en LinkedIn<\/span><\/a><\/li><li class='av-share-link av-social-link-mail' ><a  aria-label=\"Compartir por correo\" href='mailto:?subject=Se%20conforma%20el%20primer%20Comit%C3%A9%20Regional%20de%20Ciencia%2C%20Tecnolog%C3%ADa%20e%20Innovaci%C3%B3n%20para%20el%20Desarrollo%20de%20la%20regi%C3%B3n%20de%20Ays%C3%A9n&#038;body=https:\/\/radiorevelacionfm.cl\/?p=11996' aria-hidden='false' data-av_icon='\ue805' data-av_iconfont='entypo-fontello' title='' data-avia-related-tooltip='Compartir por correo'><span class='avia_hidden_link_text'>Compartir por correo<\/span><\/a><\/li><\/ul><\/div><\/div>\n<div  style='height:50px' class='hr hr-invisible   avia-builder-el-8  el_after_av_social_share  el_before_av_comments_list '><span class='hr-inner ' ><span class='hr-inner-style'><\/span><\/span><\/div>\n<div  class='av-buildercomment  av-blog-meta-html-info-disabled av-blog-meta-tag-disabled  '><\/div>\n","protected":false},"excerpt":{"rendered":"","protected":false},"author":1,"featured_media":11997,"comment_status":"open","ping_status":"open","sticky":false,"template":"","format":"standard","meta":{"footnotes":""},"categories":[38],"tags":[],"class_list":["post-11996","post","type-post","status-publish","format-standard","has-post-thumbnail","hentry","category-regional"],"jetpack_featured_media_url":"https:\/\/radiorevelacionfm.cl\/wp-content\/uploads\/2021\/12\/Comite-Ciencia-2-2.jpeg","_links":{"self":[{"href":"https:\/\/radiorevelacionfm.cl\/index.php?rest_route=\/wp\/v2\/posts\/11996","targetHints":{"allow":["GET"]}}],"collection":[{"href":"https:\/\/radiorevelacionfm.cl\/index.php?rest_route=\/wp\/v2\/posts"}],"about":[{"href":"https:\/\/radiorevelacionfm.cl\/index.php?rest_route=\/wp\/v2\/types\/post"}],"author":[{"embeddable":true,"href":"https:\/\/radiorevelacionfm.cl\/index.php?rest_route=\/wp\/v2\/users\/1"}],"replies":[{"embeddable":true,"href":"https:\/\/radiorevelacionfm.cl\/index.php?rest_route=%2Fwp%2Fv2%2Fcomments&post=11996"}],"version-history":[{"count":2,"href":"https:\/\/radiorevelacionfm.cl\/index.php?rest_route=\/wp\/v2\/posts\/11996\/revisions"}],"predecessor-version":[{"id":11999,"href":"https:\/\/radiorevelacionfm.cl\/index.php?rest_route=\/wp\/v2\/posts\/11996\/revisions\/11999"}],"wp:featuredmedia":[{"embeddable":true,"href":"https:\/\/radiorevelacionfm.cl\/index.php?rest_route=\/wp\/v2\/media\/11997"}],"wp:attachment":[{"href":"https:\/\/radiorevelacionfm.cl\/index.php?rest_route=%2Fwp%2Fv2%2Fmedia&parent=11996"}],"wp:term":[{"taxonomy":"category","embeddable":true,"href":"https:\/\/radiorevelacionfm.cl\/index.php?rest_route=%2Fwp%2Fv2%2Fcategories&post=11996"},{"taxonomy":"post_tag","embeddable":true,"href":"https:\/\/radiorevelacionfm.cl\/index.php?rest_route=%2Fwp%2Fv2%2Ftags&post=11996"}],"curies":[{"name":"wp","href":"https:\/\/api.w.org\/{rel}","templated":true}]}}