{"id":11991,"date":"2021-12-17T16:40:51","date_gmt":"2021-12-17T19:40:51","guid":{"rendered":"https:\/\/radiorevelacionfm.cl\/?p=11991"},"modified":"2021-12-17T16:40:51","modified_gmt":"2021-12-17T19:40:51","slug":"hasta-el-12-de-enero-se-puede-postular-a-concurso-de-operacion-temprana-2022-del-sag","status":"publish","type":"post","link":"https:\/\/radiorevelacionfm.cl\/?p=11991","title":{"rendered":"Hasta el 12 de enero se puede postular a concurso de Operaci\u00f3n Temprana 2022 del SAG"},"content":{"rendered":"<div class=\"flex_column av_one_full  flex_column_div av-zero-column-padding first  avia-builder-el-0  el_before_av_one_full  avia-builder-el-first  \" style='border-radius:0px; '><div  class='avia-image-container  av-styling-    avia-builder-el-1  avia-builder-el-no-sibling  avia-align-center '  itemprop=\"image\" itemscope=\"itemscope\" itemtype=\"https:\/\/schema.org\/ImageObject\"  ><div class='avia-image-container-inner'><div class='avia-image-overlay-wrap'><img decoding=\"async\" class='wp-image-11992 avia-img-lazy-loading-not-11992 avia_image' src=\"https:\/\/radiorevelacionfm.cl\/wp-content\/uploads\/2021\/12\/3-4_optimized.jpg\" alt='' title='3-4_optimized' height=\"600\" width=\"800\"  itemprop=\"thumbnailUrl\" srcset=\"https:\/\/radiorevelacionfm.cl\/wp-content\/uploads\/2021\/12\/3-4_optimized.jpg 800w, https:\/\/radiorevelacionfm.cl\/wp-content\/uploads\/2021\/12\/3-4_optimized-300x225.jpg 300w, https:\/\/radiorevelacionfm.cl\/wp-content\/uploads\/2021\/12\/3-4_optimized-768x576.jpg 768w, https:\/\/radiorevelacionfm.cl\/wp-content\/uploads\/2021\/12\/3-4_optimized-705x529.jpg 705w, https:\/\/radiorevelacionfm.cl\/wp-content\/uploads\/2021\/12\/3-4_optimized-600x450.jpg 600w\" sizes=\"(max-width: 800px) 100vw, 800px\" \/><\/div><\/div><\/div><\/div><div class=\"flex_column av_one_full  flex_column_div av-zero-column-padding first  avia-builder-el-2  el_after_av_one_full  el_before_av_one_full  column-top-margin\" style='border-radius:0px; '><section class=\"av_textblock_section \"  itemscope=\"itemscope\" itemtype=\"https:\/\/schema.org\/BlogPosting\" itemprop=\"blogPost\" ><div class='avia_textblock  '   itemprop=\"text\" ><p style=\"text-align: center;\"><strong><span style=\"font-size: 18pt;\">Hasta el 12 de enero se puede postular a concurso de Operaci\u00f3n Temprana 2022 del SAG<\/span><\/strong><\/p>\n<div id=\"gtx-trans\" style=\"position: absolute; left: -50px; top: 4.31534px;\">\n<div class=\"gtx-trans-icon\"><\/div>\n<\/div>\n<\/div><\/section><\/div><div class=\"flex_column av_one_full  flex_column_div av-zero-column-padding first  avia-builder-el-4  el_after_av_one_full  el_before_av_hr  column-top-margin\" style='border-radius:0px; '><section class=\"av_textblock_section \"  itemscope=\"itemscope\" itemtype=\"https:\/\/schema.org\/BlogPosting\" itemprop=\"blogPost\" ><div class='avia_textblock  '   itemprop=\"text\" ><p style=\"text-align: justify;\">Hasta el pr\u00f3ximo 12 de enero estar\u00e1n abiertas las postulaciones al concurso de Operaci\u00f3n Temprana 2022, del Programa de Recuperaci\u00f3n de Suelo (SIRSD-S), impulsado por el Servicio Agr\u00edcola y Ganadero, que ser\u00e1 focalizado en las comunas de Cisnes, Lago Verde, Ib\u00e1\u00f1ez, Chile Chico y Cochrane.<\/p>\n<p style=\"text-align: justify;\">Mat\u00edas Vial Orueta, director regional SAG Ays\u00e9n, destac\u00f3 \u201cel Programa Recuperaci\u00f3n de Suelos busca recuperar el potencial productivo de los suelos agropecuarios degradados de la regi\u00f3n que se ha perdido por distintos motivos o causas el suelo ha sido erosionado lo que ha generado p\u00e9rdidas en productividad muy significativa. Es por eso que este programa busca revertir la erosi\u00f3n del suelo, incentivando pr\u00e1cticas agr\u00edcolas que van en directo beneficio del ecosistema\u201d.<\/p>\n<p style=\"text-align: justify;\">Los recursos del Programa de Recuperaci\u00f3n de Suelos Degradados van dirigidos a\u00a0todos los productores y productoras agr\u00edcolas de la regi\u00f3n de\u00a0Ays\u00e9n, tanto personas naturales o jur\u00eddicas, y tengan la calidad de propietario\/a, arrendatario\/a, comodatario\/a, usufructuario\/a o mediero\/a y que cumplan con los requisitos establecidos en la normativa.\u00a0Quedan excluidas las personas que califican como peque\u00f1os usuarios de INDAP.\u00a0\u00a0<span style=\"text-decoration: line-through;\">\u00a0<\/span><\/p>\n<p style=\"text-align: justify;\">Para participar de estos concursos se debe presentar su plan de manejo y un informe t\u00e9cnico, que debe ser elaborado por un operador\/a acreditado\/a, cuyo listado se encuentra disponible en\u00a0<a href=\"http:\/\/www.sag.cl\/\" data-saferedirecturl=\"https:\/\/www.google.com\/url?q=http:\/\/www.sag.cl\/&amp;source=gmail&amp;ust=1639830934711000&amp;usg=AOvVaw2b9fWN5z6B3DVtXST7By7h\">www.sag.cl<\/a>\u00a0y en\u00a0las oficinas sectoriales SAG de la regi\u00f3n de Ays\u00e9n.<\/p>\n<p style=\"text-align: justify;\">La postulaci\u00f3n luego debe ser aprobada por el SAG de acuerdo a los bases de cada uno de los concursos. Quienes resulten seleccionados podr\u00e1n optar a un incentivo de hasta 160 Unidades Tributarias Mensuales (UTM).<\/p>\n<p style=\"text-align: justify;\">Las pr\u00e1cticas que beneficiar\u00e1 el programa y que se encuentran disponibles son:<\/p>\n<ul style=\"text-align: justify;\">\n<li>Incorporaci\u00f3n de fertilizantes de base fosforada.<\/li>\n<li>Incorporaci\u00f3n de elementos qu\u00edmicos esenciales<\/li>\n<li>Establecimiento de una cubierta vegetal en suelos descubiertos o con cobertura deteriorada.<\/li>\n<li>Empleo de m\u00e9todos de intervenci\u00f3n del suelo, entre otros, la rotaci\u00f3n de cultivos, orientados a evitar su p\u00e9rdida y erosi\u00f3n y a favorecer su conservaci\u00f3n.<\/li>\n<li>Eliminaci\u00f3n, limpieza o confinamiento de impedimentos f\u00edsicos o qu\u00edmicos.<span style=\"text-decoration: line-through;\">\u00a0<\/span><\/li>\n<\/ul>\n<p style=\"text-align: justify;\">\u201cEste llamado de Operaci\u00f3n Temprana, busca adelantar el aviso de selecci\u00f3n de planes de manejo, para que nuestros usuarios pueden planificar y ejecutar algunas de las actividades propuestas durante los meses de verano y oto\u00f1o del a\u00f1o 2022, rompiendo de esta manera la temporalidad hist\u00f3rica de concentrar labores los \u00faltimos tres meses del a\u00f1o calendario y generando condiciones de adaptaci\u00f3n de los sistemas agropecuarios a la presente variabilidad clim\u00e1tica\u201dindic\u00f3 Claudia Pe\u00f1a, coordinadora regional SIRDS.<\/p>\n<p style=\"text-align: justify;\">Finalmente es importante se\u00f1alar que, posterior al cierre del presente concurso, se implementar\u00e1 uno nuevo, el que ser\u00e1 focalizado en las comunas de Coyhaique y Ays\u00e9n y que incluir\u00e1 todas\u00a0pr\u00e1cticas, las fechas de apertura y cierre se dar\u00e1n a conocer prontamente.<\/p>\n<\/div><\/section><\/div><div  style='height:50px' class='hr hr-invisible   avia-builder-el-6  el_after_av_one_full  el_before_av_social_share '><span class='hr-inner ' ><span class='hr-inner-style'><\/span><\/span><\/div><\/p>\n<div  class='av-social-sharing-box  avia-builder-el-7  el_after_av_hr  el_before_av_hr  '><div class='av-share-box'><h5 class='av-share-link-description av-no-toc '>Compartir esta noticia<\/h5><ul class='av-share-box-list noLightbox'><li class='av-share-link av-social-link-facebook' ><a target=\"_blank\" aria-label=\"Compartir en Facebook\" href='https:\/\/www.facebook.com\/sharer.php?u=https:\/\/radiorevelacionfm.cl\/?p=11991&#038;t=Hasta%20el%2012%20de%20enero%20se%20puede%20postular%20a%20concurso%20de%20Operaci%C3%B3n%20Temprana%202022%20del%20SAG' aria-hidden='false' data-av_icon='\ue8f3' data-av_iconfont='entypo-fontello' title='' data-avia-related-tooltip='Compartir en Facebook' rel=\"noopener\"><span class='avia_hidden_link_text'>Compartir en Facebook<\/span><\/a><\/li><li class='av-share-link av-social-link-twitter' ><a target=\"_blank\" aria-label=\"Compartir en Twitter\" href='https:\/\/twitter.com\/share?text=Hasta%20el%2012%20de%20enero%20se%20puede%20postular%20a%20concurso%20de%20Operaci%C3%B3n%20Temprana%202022%20del%20SAG&#038;url=https:\/\/radiorevelacionfm.cl\/?p=11991' aria-hidden='false' data-av_icon='\ue8f1' data-av_iconfont='entypo-fontello' title='' data-avia-related-tooltip='Compartir en Twitter' rel=\"noopener\"><span class='avia_hidden_link_text'>Compartir en Twitter<\/span><\/a><\/li><li class='av-share-link av-social-link-whatsapp' ><a target=\"_blank\" aria-label=\"Compartir en Whatsapp\" href='https:\/\/api.whatsapp.com\/send?text=https:\/\/radiorevelacionfm.cl\/?p=11991' aria-hidden='false' data-av_icon='\uf232' data-av_iconfont='entypo-fontello' title='' data-avia-related-tooltip='Compartir en Whatsapp' rel=\"noopener\"><span class='avia_hidden_link_text'>Compartir en Whatsapp<\/span><\/a><\/li><li class='av-share-link av-social-link-linkedin' ><a target=\"_blank\" aria-label=\"Compartir en LinkedIn\" href='https:\/\/linkedin.com\/shareArticle?mini=true&#038;title=Hasta%20el%2012%20de%20enero%20se%20puede%20postular%20a%20concurso%20de%20Operaci%C3%B3n%20Temprana%202022%20del%20SAG&#038;url=https:\/\/radiorevelacionfm.cl\/?p=11991' aria-hidden='false' data-av_icon='\ue8fc' data-av_iconfont='entypo-fontello' title='' data-avia-related-tooltip='Compartir en LinkedIn' rel=\"noopener\"><span class='avia_hidden_link_text'>Compartir en LinkedIn<\/span><\/a><\/li><li class='av-share-link av-social-link-mail' ><a  aria-label=\"Compartir por correo\" href='mailto:?subject=Hasta%20el%2012%20de%20enero%20se%20puede%20postular%20a%20concurso%20de%20Operaci%C3%B3n%20Temprana%202022%20del%20SAG&#038;body=https:\/\/radiorevelacionfm.cl\/?p=11991' aria-hidden='false' data-av_icon='\ue805' data-av_iconfont='entypo-fontello' title='' data-avia-related-tooltip='Compartir por correo'><span class='avia_hidden_link_text'>Compartir por correo<\/span><\/a><\/li><\/ul><\/div><\/div>\n<div  style='height:50px' class='hr hr-invisible   avia-builder-el-8  el_after_av_social_share  el_before_av_comments_list '><span class='hr-inner ' ><span class='hr-inner-style'><\/span><\/span><\/div>\n<div  class='av-buildercomment  av-blog-meta-html-info-disabled av-blog-meta-tag-disabled  '><\/div>\n","protected":false},"excerpt":{"rendered":"","protected":false},"author":1,"featured_media":11992,"comment_status":"open","ping_status":"open","sticky":false,"template":"","format":"standard","meta":{"footnotes":""},"categories":[58],"tags":[],"class_list":["post-11991","post","type-post","status-publish","format-standard","has-post-thumbnail","hentry","category-agricultura"],"jetpack_featured_media_url":"https:\/\/radiorevelacionfm.cl\/wp-content\/uploads\/2021\/12\/3-4_optimized.jpg","_links":{"self":[{"href":"https:\/\/radiorevelacionfm.cl\/index.php?rest_route=\/wp\/v2\/posts\/11991","targetHints":{"allow":["GET"]}}],"collection":[{"href":"https:\/\/radiorevelacionfm.cl\/index.php?rest_route=\/wp\/v2\/posts"}],"about":[{"href":"https:\/\/radiorevelacionfm.cl\/index.php?rest_route=\/wp\/v2\/types\/post"}],"author":[{"embeddable":true,"href":"https:\/\/radiorevelacionfm.cl\/index.php?rest_route=\/wp\/v2\/users\/1"}],"replies":[{"embeddable":true,"href":"https:\/\/radiorevelacionfm.cl\/index.php?rest_route=%2Fwp%2Fv2%2Fcomments&post=11991"}],"version-history":[{"count":2,"href":"https:\/\/radiorevelacionfm.cl\/index.php?rest_route=\/wp\/v2\/posts\/11991\/revisions"}],"predecessor-version":[{"id":12003,"href":"https:\/\/radiorevelacionfm.cl\/index.php?rest_route=\/wp\/v2\/posts\/11991\/revisions\/12003"}],"wp:featuredmedia":[{"embeddable":true,"href":"https:\/\/radiorevelacionfm.cl\/index.php?rest_route=\/wp\/v2\/media\/11992"}],"wp:attachment":[{"href":"https:\/\/radiorevelacionfm.cl\/index.php?rest_route=%2Fwp%2Fv2%2Fmedia&parent=11991"}],"wp:term":[{"taxonomy":"category","embeddable":true,"href":"https:\/\/radiorevelacionfm.cl\/index.php?rest_route=%2Fwp%2Fv2%2Fcategories&post=11991"},{"taxonomy":"post_tag","embeddable":true,"href":"https:\/\/radiorevelacionfm.cl\/index.php?rest_route=%2Fwp%2Fv2%2Ftags&post=11991"}],"curies":[{"name":"wp","href":"https:\/\/api.w.org\/{rel}","templated":true}]}}