{"id":11976,"date":"2021-12-17T09:19:29","date_gmt":"2021-12-17T12:19:29","guid":{"rendered":"https:\/\/radiorevelacionfm.cl\/?p=11976"},"modified":"2021-12-17T09:19:29","modified_gmt":"2021-12-17T12:19:29","slug":"jefe-de-la-of-comunitaria-de-carabineros-coyhaique-deja-la-institucion-tras-pasar-a-retiro-luego-de-31-anos-de-servicio-al-pais","status":"publish","type":"post","link":"https:\/\/radiorevelacionfm.cl\/?p=11976","title":{"rendered":"Jefe de la Of. Comunitaria de Carabineros Coyhaique deja la Instituci\u00f3n tras pasar a retiro luego de 31 a\u00f1os de servicio al pa\u00eds"},"content":{"rendered":"<div class=\"flex_column av_one_full  flex_column_div av-zero-column-padding first  avia-builder-el-0  el_before_av_one_full  avia-builder-el-first  \" style='border-radius:0px; '><div  class='avia-image-container  av-styling-    avia-builder-el-1  avia-builder-el-no-sibling  avia-align-center '  itemprop=\"image\" itemscope=\"itemscope\" itemtype=\"https:\/\/schema.org\/ImageObject\"  ><div class='avia-image-container-inner'><div class='avia-image-overlay-wrap'><img decoding=\"async\" class='wp-image-11977 avia-img-lazy-loading-not-11977 avia_image' src=\"https:\/\/radiorevelacionfm.cl\/wp-content\/uploads\/2021\/12\/6eeff5e7-dfe9-4b06-8cd2-e66a27661524-2-2.jpg\" alt='' title='6eeff5e7-dfe9-4b06-8cd2-e66a27661524-2-2' height=\"600\" width=\"938\"  itemprop=\"thumbnailUrl\" srcset=\"https:\/\/radiorevelacionfm.cl\/wp-content\/uploads\/2021\/12\/6eeff5e7-dfe9-4b06-8cd2-e66a27661524-2-2.jpg 938w, https:\/\/radiorevelacionfm.cl\/wp-content\/uploads\/2021\/12\/6eeff5e7-dfe9-4b06-8cd2-e66a27661524-2-2-300x192.jpg 300w, https:\/\/radiorevelacionfm.cl\/wp-content\/uploads\/2021\/12\/6eeff5e7-dfe9-4b06-8cd2-e66a27661524-2-2-768x491.jpg 768w, https:\/\/radiorevelacionfm.cl\/wp-content\/uploads\/2021\/12\/6eeff5e7-dfe9-4b06-8cd2-e66a27661524-2-2-705x451.jpg 705w, https:\/\/radiorevelacionfm.cl\/wp-content\/uploads\/2021\/12\/6eeff5e7-dfe9-4b06-8cd2-e66a27661524-2-2-600x384.jpg 600w\" sizes=\"(max-width: 938px) 100vw, 938px\" \/><\/div><\/div><\/div><\/div>\n<div class=\"flex_column av_one_full  flex_column_div av-zero-column-padding first  avia-builder-el-2  el_after_av_one_full  el_before_av_one_full  column-top-margin\" style='border-radius:0px; '><section class=\"av_textblock_section \"  itemscope=\"itemscope\" itemtype=\"https:\/\/schema.org\/BlogPosting\" itemprop=\"blogPost\" ><div class='avia_textblock  '   itemprop=\"text\" ><p style=\"text-align: center;\"><span style=\"font-size: 18pt;\"><b>Jefe de la Of. Comunitaria de Carabineros Coyhaique deja la Instituci\u00f3n tras pasar a retiro luego de 31 a\u00f1os de servicio al pa\u00eds<\/b><\/span><\/p>\n<div id=\"gtx-trans\" style=\"position: absolute; left: -50px; top: 4.31534px;\">\n<div class=\"gtx-trans-icon\"><\/div>\n<\/div>\n<\/div><\/section><\/div><div class=\"flex_column av_one_full  flex_column_div av-zero-column-padding first  avia-builder-el-4  el_after_av_one_full  el_before_av_hr  column-top-margin\" style='border-radius:0px; '><section class=\"av_textblock_section \"  itemscope=\"itemscope\" itemtype=\"https:\/\/schema.org\/BlogPosting\" itemprop=\"blogPost\" ><div class='avia_textblock  '   itemprop=\"text\" ><div>\n<p class=\"v1MsoNormal\" style=\"text-align: justify;\">Luego de 31 a\u00f1os de servicio a la Instituci\u00f3n, y tras la difusi\u00f3n de una rese\u00f1a sobre m\u00e1s de tres d\u00e9cadas de trabajo, lealtad y compromiso al servicio del pa\u00eds, el Suboficial Mayor Omar Mazuela Cisterna, Jefe de la Oficina de Integraci\u00f3n Comunitaria (MICC) de la Primera Comisar\u00eda de Coyhaique, con emoci\u00f3n -a trav\u00e9s de su equipo radial- agradeci\u00f3 el apoyo de la Instituci\u00f3n y de la Oficina Comunitaria para acto seguido apagar por \u00faltima vez la radio y hacer entrega de su cargo fiscal.<\/p>\n<p class=\"v1MsoNormal\" style=\"text-align: justify;\">Oriundo de El Belloto, Quilpu\u00e9, regi\u00f3n de Valpara\u00edso, el Suboficial Mayor Mazuela lleg\u00f3 a la regi\u00f3n de Ays\u00e9n en el mes de enero de 2018 para desempe\u00f1ar funciones como Jefe (S) durante un a\u00f1o en la entonces Tenencia Balmaceda (F). Acto seguido regres\u00f3 a la Primera Comisar\u00eda de Coyhaique, para luego subrogar al Jefe del Ret\u00e9n R\u00edo Tranquilo y, m\u00e1s tarde designado como encargado de la Oficina Comunitaria en Coyhaique, donde por primera vez trabaj\u00f3 con directivas o juntas vecinales, siendo una de las actividades m\u00e1s gratificantes en sus 31 a\u00f1os de servicio.<\/p>\n<p class=\"v1MsoNormal\" style=\"text-align: justify;\">\u00abAl trabajar en Oficinas Comunitarias donde me tuve que relacionar con los dirigentes y autoridades, algo que voy a echar de menos es la Oficina MICC donde di el cien por ciento, donde aparte de ayudar a la comunidad, uno tiene que dar a conocer todos los valores que tiene como persona\u00bb.<\/p>\n<p class=\"v1MsoNormal\" style=\"text-align: justify;\">El Suboficial Mazuela agradeci\u00f3 a cada uno de los dirigentes y presidentes\/as de juntas vecinos urbanas y rurales, destacando el rol y el desinteresado trabajo desarrollado por los y las dirigentes, quienes muchas veces dejan de lado a su familia para entregar ese tiempo para conseguir un mejor porvenir y desarrollo para sus vecinos.<\/p>\n<p class=\"v1MsoNormal\" style=\"text-align: justify;\">\u00abMe llevo un muy buen reflejo de la Patagonia, de la belleza y del cari\u00f1o de su gente, de una ciudad tranquila y por eso he decidido quedarme ac\u00e1. Agradecido y contento de haber pertenecido a una Instituci\u00f3n de historia\u00bb.<\/p>\n<p class=\"v1MsoNormal\" style=\"text-align: justify;\"><b>Sus inicios<\/b><\/p>\n<p class=\"v1MsoNormal\" style=\"text-align: justify;\">\u00abDesde peque\u00f1o mis pap\u00e1s me inculcaron las Fuerzas Armadas, entonces me fui al servicio militar en Magallanes y postul\u00e9 a la Armada y qued\u00e9, postul\u00e9 a Carabineros y tambi\u00e9n sal\u00ed llamado, pero no me quise ir a Carabineros porque nunca m\u00e1s iba a volver a mi zona, porque el curso se hac\u00eda en Ancud y desde ah\u00ed se desplazaba hacia el sur\u00bb, record\u00f3.<\/p>\n<p class=\"v1MsoNormal\" style=\"text-align: justify;\">Una vez que se retir\u00f3 como soldado conscripto, postul\u00f3 en la ciudad de Vi\u00f1a del Mar siendo llamado e ingresando a la Instituci\u00f3n el 1 de junio de 1991.<\/p>\n<p class=\"v1MsoNormal\" style=\"text-align: justify;\">Lleg\u00f3 a trabajar por primera vez a la Tercera Comisar\u00eda Bar\u00f3n, desempe\u00f1ando funciones hasta el a\u00f1o 2018 en Valpara\u00edso, fecha a partir de la cual fue trasladado a Coyhaique.<\/p>\n<p class=\"v1MsoNormal\" style=\"text-align: justify;\">\u00abTrabaj\u00e9 en la unidad base de Valpara\u00edso, luego en un Ret\u00e9n, adem\u00e1s del OS-5 o polic\u00eda forestal, realic\u00e9 el curso de investigaci\u00f3n de incendios forestales, luego estuve en las motos y m\u00e1s tarde en la escolta del Jefe de la Armada\u00bb, indic\u00f3.<\/p>\n<p class=\"v1MsoNormal\" style=\"text-align: justify;\"><b>Terremoto\u00a0\u00a0<\/b><b><\/b><\/p>\n<p class=\"v1MsoNormal\" style=\"text-align: justify;\">En m\u00e1s de tres d\u00e9cadas de servicio, adopt\u00f3 m\u00faltiples procedimientos, no obstante, uno de los fen\u00f3menos que marc\u00f3 su carrera fue el terremoto del a\u00f1o 2010.<\/p>\n<p class=\"v1MsoNormal\" style=\"text-align: justify;\">\u00abQued\u00f3 mucha gente desamparada, lo vi en carne propia con mi familia, hubo varios d\u00edas que no se dorm\u00eda, hab\u00eda que hacerlo con cari\u00f1o y esmero. Es una de las cosas m\u00e1s fuertes que he visto en mi carrera. Me ayud\u00f3 mucho el terremoto a percibir el dolor de las personas, hubo muchos acontecimientos que no salieron a la luz p\u00fablica. No se dorm\u00eda porque las ganas de ayudar estaban, no solo yo, muchos funcionarios se colocaron la camiseta y a trabajar por los dem\u00e1s, no solo como carabinero, sino como persona y esos valores y sentimientos vienen desde la cuna y ac\u00e1 en Coyhaique aprend\u00ed mucho de ayudar al pr\u00f3jimo\u00bb, record\u00f3 el Suboficial Mayor Omar Mazuela.<\/p>\n<p class=\"v1MsoNormal\" style=\"text-align: justify;\">\u00abPara ingresar a esta Instituci\u00f3n \u2013continu\u00f3 diciendo- hay que sentir un cari\u00f1o por el pr\u00f3jimo, no se trata de un trabajo cualquiera. Aqu\u00ed hay que estar 24\/7, hay horario de ingreso, pero no de salida. Hay muchos j\u00f3venes que no est\u00e1n inspirados en eso, pero si desean ingresar a Carabineros, debe ser por una vocaci\u00f3n \u2013aunque sea m\u00ednima- \u00a0porque con el tiempo eso se va alimentando y al final de la carrera uno no se quiere ir\u00bb, se\u00f1al\u00f3.<\/p>\n<\/div>\n<\/div><\/section><\/div><\/p>\n<div  style='height:50px' class='hr hr-invisible   avia-builder-el-6  el_after_av_one_full  el_before_av_social_share '><span class='hr-inner ' ><span class='hr-inner-style'><\/span><\/span><\/div>\n<div  class='av-social-sharing-box  avia-builder-el-7  el_after_av_hr  el_before_av_hr  '><div class='av-share-box'><h5 class='av-share-link-description av-no-toc '>Compartir esta noticia<\/h5><ul class='av-share-box-list noLightbox'><li class='av-share-link av-social-link-facebook' ><a target=\"_blank\" aria-label=\"Compartir en Facebook\" href='https:\/\/www.facebook.com\/sharer.php?u=https:\/\/radiorevelacionfm.cl\/?p=11976&#038;t=Jefe%20de%20la%20Of.%20Comunitaria%20de%20Carabineros%20Coyhaique%20deja%20la%20Instituci%C3%B3n%20tras%20pasar%20a%20retiro%20luego%20de%2031%20a%C3%B1os%20de%20servicio%20al%20pa%C3%ADs' aria-hidden='false' data-av_icon='\ue8f3' data-av_iconfont='entypo-fontello' title='' data-avia-related-tooltip='Compartir en Facebook' rel=\"noopener\"><span class='avia_hidden_link_text'>Compartir en Facebook<\/span><\/a><\/li><li class='av-share-link av-social-link-twitter' ><a target=\"_blank\" aria-label=\"Compartir en Twitter\" href='https:\/\/twitter.com\/share?text=Jefe%20de%20la%20Of.%20Comunitaria%20de%20Carabineros%20Coyhaique%20deja%20la%20Instituci%C3%B3n%20tras%20pasar%20a%20retiro%20luego%20de%2031%20a%C3%B1os%20de%20servicio%20al%20pa%C3%ADs&#038;url=https:\/\/radiorevelacionfm.cl\/?p=11976' aria-hidden='false' data-av_icon='\ue8f1' data-av_iconfont='entypo-fontello' title='' data-avia-related-tooltip='Compartir en Twitter' rel=\"noopener\"><span class='avia_hidden_link_text'>Compartir en Twitter<\/span><\/a><\/li><li class='av-share-link av-social-link-whatsapp' ><a target=\"_blank\" aria-label=\"Compartir en Whatsapp\" href='https:\/\/api.whatsapp.com\/send?text=https:\/\/radiorevelacionfm.cl\/?p=11976' aria-hidden='false' data-av_icon='\uf232' data-av_iconfont='entypo-fontello' title='' data-avia-related-tooltip='Compartir en Whatsapp' rel=\"noopener\"><span class='avia_hidden_link_text'>Compartir en Whatsapp<\/span><\/a><\/li><li class='av-share-link av-social-link-linkedin' ><a target=\"_blank\" aria-label=\"Compartir en LinkedIn\" href='https:\/\/linkedin.com\/shareArticle?mini=true&#038;title=Jefe%20de%20la%20Of.%20Comunitaria%20de%20Carabineros%20Coyhaique%20deja%20la%20Instituci%C3%B3n%20tras%20pasar%20a%20retiro%20luego%20de%2031%20a%C3%B1os%20de%20servicio%20al%20pa%C3%ADs&#038;url=https:\/\/radiorevelacionfm.cl\/?p=11976' aria-hidden='false' data-av_icon='\ue8fc' data-av_iconfont='entypo-fontello' title='' data-avia-related-tooltip='Compartir en LinkedIn' rel=\"noopener\"><span class='avia_hidden_link_text'>Compartir en LinkedIn<\/span><\/a><\/li><li class='av-share-link av-social-link-mail' ><a  aria-label=\"Compartir por correo\" href='mailto:?subject=Jefe%20de%20la%20Of.%20Comunitaria%20de%20Carabineros%20Coyhaique%20deja%20la%20Instituci%C3%B3n%20tras%20pasar%20a%20retiro%20luego%20de%2031%20a%C3%B1os%20de%20servicio%20al%20pa%C3%ADs&#038;body=https:\/\/radiorevelacionfm.cl\/?p=11976' aria-hidden='false' data-av_icon='\ue805' data-av_iconfont='entypo-fontello' title='' data-avia-related-tooltip='Compartir por correo'><span class='avia_hidden_link_text'>Compartir por correo<\/span><\/a><\/li><\/ul><\/div><\/div>\n<div  style='height:50px' class='hr hr-invisible   avia-builder-el-8  el_after_av_social_share  el_before_av_comments_list '><span class='hr-inner ' ><span class='hr-inner-style'><\/span><\/span><\/div>\n<div  class='av-buildercomment  av-blog-meta-html-info-disabled av-blog-meta-tag-disabled  '><\/div>\n","protected":false},"excerpt":{"rendered":"","protected":false},"author":1,"featured_media":11977,"comment_status":"open","ping_status":"open","sticky":false,"template":"","format":"standard","meta":{"footnotes":""},"categories":[36],"tags":[],"class_list":["post-11976","post","type-post","status-publish","format-standard","has-post-thumbnail","hentry","category-policial"],"jetpack_featured_media_url":"https:\/\/radiorevelacionfm.cl\/wp-content\/uploads\/2021\/12\/6eeff5e7-dfe9-4b06-8cd2-e66a27661524-2-2.jpg","_links":{"self":[{"href":"https:\/\/radiorevelacionfm.cl\/index.php?rest_route=\/wp\/v2\/posts\/11976","targetHints":{"allow":["GET"]}}],"collection":[{"href":"https:\/\/radiorevelacionfm.cl\/index.php?rest_route=\/wp\/v2\/posts"}],"about":[{"href":"https:\/\/radiorevelacionfm.cl\/index.php?rest_route=\/wp\/v2\/types\/post"}],"author":[{"embeddable":true,"href":"https:\/\/radiorevelacionfm.cl\/index.php?rest_route=\/wp\/v2\/users\/1"}],"replies":[{"embeddable":true,"href":"https:\/\/radiorevelacionfm.cl\/index.php?rest_route=%2Fwp%2Fv2%2Fcomments&post=11976"}],"version-history":[{"count":3,"href":"https:\/\/radiorevelacionfm.cl\/index.php?rest_route=\/wp\/v2\/posts\/11976\/revisions"}],"predecessor-version":[{"id":11986,"href":"https:\/\/radiorevelacionfm.cl\/index.php?rest_route=\/wp\/v2\/posts\/11976\/revisions\/11986"}],"wp:featuredmedia":[{"embeddable":true,"href":"https:\/\/radiorevelacionfm.cl\/index.php?rest_route=\/wp\/v2\/media\/11977"}],"wp:attachment":[{"href":"https:\/\/radiorevelacionfm.cl\/index.php?rest_route=%2Fwp%2Fv2%2Fmedia&parent=11976"}],"wp:term":[{"taxonomy":"category","embeddable":true,"href":"https:\/\/radiorevelacionfm.cl\/index.php?rest_route=%2Fwp%2Fv2%2Fcategories&post=11976"},{"taxonomy":"post_tag","embeddable":true,"href":"https:\/\/radiorevelacionfm.cl\/index.php?rest_route=%2Fwp%2Fv2%2Ftags&post=11976"}],"curies":[{"name":"wp","href":"https:\/\/api.w.org\/{rel}","templated":true}]}}