{"id":11972,"date":"2021-12-17T09:18:35","date_gmt":"2021-12-17T12:18:35","guid":{"rendered":"https:\/\/radiorevelacionfm.cl\/?p=11972"},"modified":"2021-12-17T09:18:35","modified_gmt":"2021-12-17T12:18:35","slug":"sernameg-apoya-con-medio-tecnologico-a-participante-destacada-de-la-escuela-mujer-emprende","status":"publish","type":"post","link":"https:\/\/radiorevelacionfm.cl\/?p=11972","title":{"rendered":"SernamEG apoya con medio tecnol\u00f3gico a participante destacada de la Escuela Mujer Emprende"},"content":{"rendered":"<div class=\"flex_column av_one_full  flex_column_div av-zero-column-padding first  avia-builder-el-0  el_before_av_one_full  avia-builder-el-first  \" style='border-radius:0px; '><div  class='avia-image-container  av-styling-    avia-builder-el-1  avia-builder-el-no-sibling  avia-align-center '  itemprop=\"image\" itemscope=\"itemscope\" itemtype=\"https:\/\/schema.org\/ImageObject\"  ><div class='avia-image-container-inner'><div class='avia-image-overlay-wrap'><img decoding=\"async\" class='wp-image-11973 avia-img-lazy-loading-not-11973 avia_image' src=\"https:\/\/radiorevelacionfm.cl\/wp-content\/uploads\/2021\/12\/1-3-2-2.jpg\" alt='' title='1-3-2-2' height=\"600\" width=\"800\"  itemprop=\"thumbnailUrl\" srcset=\"https:\/\/radiorevelacionfm.cl\/wp-content\/uploads\/2021\/12\/1-3-2-2.jpg 800w, https:\/\/radiorevelacionfm.cl\/wp-content\/uploads\/2021\/12\/1-3-2-2-300x225.jpg 300w, https:\/\/radiorevelacionfm.cl\/wp-content\/uploads\/2021\/12\/1-3-2-2-768x576.jpg 768w, https:\/\/radiorevelacionfm.cl\/wp-content\/uploads\/2021\/12\/1-3-2-2-705x529.jpg 705w, https:\/\/radiorevelacionfm.cl\/wp-content\/uploads\/2021\/12\/1-3-2-2-600x450.jpg 600w\" sizes=\"(max-width: 800px) 100vw, 800px\" \/><\/div><\/div><\/div><\/div><div class=\"flex_column av_one_full  flex_column_div av-zero-column-padding first  avia-builder-el-2  el_after_av_one_full  el_before_av_one_full  column-top-margin\" style='border-radius:0px; '><section class=\"av_textblock_section \"  itemscope=\"itemscope\" itemtype=\"https:\/\/schema.org\/BlogPosting\" itemprop=\"blogPost\" ><div class='avia_textblock  '   itemprop=\"text\" ><p style=\"text-align: center;\"><strong><span style=\"font-size: 18pt;\">SernamEG apoya con medio tecnol\u00f3gico a participante destacada de la Escuela Mujer Emprende<\/span><\/strong><\/p>\n<div id=\"gtx-trans\" style=\"position: absolute; left: -50px; top: 4.31534px;\">\n<div class=\"gtx-trans-icon\"><\/div>\n<\/div>\n<\/div><\/section><\/div><div class=\"flex_column av_one_full  flex_column_div av-zero-column-padding first  avia-builder-el-4  el_after_av_one_full  el_before_av_hr  column-top-margin\" style='border-radius:0px; '><section class=\"av_textblock_section \"  itemscope=\"itemscope\" itemtype=\"https:\/\/schema.org\/BlogPosting\" itemprop=\"blogPost\" ><div class='avia_textblock  '   itemprop=\"text\" ><p style=\"text-align: justify;\">Con el objetivo de continuar potenciando a las participantes que cursaron la Escuela Mujer Emprende 2021, el Servicio Nacional de la Mujer y la Equidad de G\u00e9nero realiz\u00f3 la entrega de un insumo tecnol\u00f3gico en el marco del Reconocimiento Mujer Emprendedora de la regi\u00f3n de Ays\u00e9n, que recay\u00f3 este a\u00f1o en la coyhaiquina Silvana Gonz\u00e1lez Caipillan. Elegida por sus pares de Puerto Cisnes, R\u00edo Ib\u00e1\u00f1ez, Cochrane, Puerto Guadal, Chile Chico, Puerto Ays\u00e9n y Coyhaique.<\/p>\n<p style=\"text-align: justify;\">La Directora Regional de SernamEG, Elizabeth Guti\u00e9rrez Eggers, expres\u00f3: \u201cfelicitamos a Silvana porque tuvo el mejor rendimiento acad\u00e9mico al mismo tiempo que fue elegida por sus compa\u00f1eras por su responsabilidad y motivaci\u00f3n. Esperamos como Servicio que ella contin\u00fae con este mismo esp\u00edritu\u201d. Respecto a la autoexigencia constante de la instituci\u00f3n por entregar conocimientos adecuados a las necesidades de las participantes, la autoridad regional agreg\u00f3 que \u201ceste 2021 se incluy\u00f3 un m\u00f3dulo muy significativo en la Escuela Mujer Emprende que corresponde al de Asociatividad, que permiti\u00f3 a trav\u00e9s de los contenidos t\u00e9cnicos como los casos pr\u00e1cticos grupales, demostrar sus ventajas y beneficios. El apoyo surgido entre las emprendedoras fue muy importante, quienes pudieron apreciar que no s\u00f3lo es relevante el obtener beneficios econ\u00f3micos o productivos; sino que el fortalecimiento de redes es irreemplazable\u201d.<\/p>\n<p style=\"text-align: justify;\">Por su parte, Silvana Gonz\u00e1lez Caipillan, dijo: \u201cfue una gran experiencia el haber sido premiada con una Tablet que me sirve para mi emprendimiento La Ovejita Encantadora y tambi\u00e9n el ser elegida para representar a la regi\u00f3n de Ays\u00e9n como artesana a nombre de todas las participantes de la Escuela\u201d. Respecto a su trayectoria, precis\u00f3 que \u201cquiero agradecer al SernamEG ya que me brindaron esta oportunidad lo que represent\u00f3 un gran desaf\u00edo, donde pude aprender sobre el Canva y Marketing; y al mismo tiempo, me permiti\u00f3 conocer a mucha gente. Ahora comenzaron abrirse puertas para entrar a ferias y que la gente me conozca\u201d.<\/p>\n<p style=\"text-align: justify;\">El objetivo de la Escuela Mujer Emprende es la profesionalizaci\u00f3n de los emprendimientos, consolidando y profundizando conocimientos a trav\u00e9s del empoderamiento personal y relacional; abordando las brechas y las barreras de g\u00e9nero que afectan la sostenibilidad y desarrollo de los emprendimientos femeninos. Los m\u00f3dulos online este a\u00f1o se dividieron en dos etapas, la primera correspondiente a un Plan Com\u00fan con cursos denominados Marketing Digital, C\u00f3mo Emprender en Tiempos de Crisis, Elevator Pitch, Plan de Negocios y Gesti\u00f3n Financiera. La \u00faltima fase llamada Plan Transversal fue dividido en un primer m\u00f3dulo llamado Asociatividad y el siguiente fue definido de acuerdo al nivel del emprendimiento de cada participante en tres segmentos &#8211; Creatividad, a un Paso de Mejorar lo que Vendo; Formalizaci\u00f3n; y Exportaci\u00f3n-.<\/p>\n<\/div><\/section><\/div><div  style='height:50px' class='hr hr-invisible   avia-builder-el-6  el_after_av_one_full  el_before_av_social_share '><span class='hr-inner ' ><span class='hr-inner-style'><\/span><\/span><\/div><\/p>\n<div  class='av-social-sharing-box  avia-builder-el-7  el_after_av_hr  el_before_av_hr  '><div class='av-share-box'><h5 class='av-share-link-description av-no-toc '>Compartir esta noticia<\/h5><ul class='av-share-box-list noLightbox'><li class='av-share-link av-social-link-facebook' ><a target=\"_blank\" aria-label=\"Compartir en Facebook\" href='https:\/\/www.facebook.com\/sharer.php?u=https:\/\/radiorevelacionfm.cl\/?p=11972&#038;t=SernamEG%20apoya%20con%20medio%20tecnol%C3%B3gico%20a%20participante%20destacada%20de%20la%20Escuela%20Mujer%20Emprende' aria-hidden='false' data-av_icon='\ue8f3' data-av_iconfont='entypo-fontello' title='' data-avia-related-tooltip='Compartir en Facebook' rel=\"noopener\"><span class='avia_hidden_link_text'>Compartir en Facebook<\/span><\/a><\/li><li class='av-share-link av-social-link-twitter' ><a target=\"_blank\" aria-label=\"Compartir en Twitter\" href='https:\/\/twitter.com\/share?text=SernamEG%20apoya%20con%20medio%20tecnol%C3%B3gico%20a%20participante%20destacada%20de%20la%20Escuela%20Mujer%20Emprende&#038;url=https:\/\/radiorevelacionfm.cl\/?p=11972' aria-hidden='false' data-av_icon='\ue8f1' data-av_iconfont='entypo-fontello' title='' data-avia-related-tooltip='Compartir en Twitter' rel=\"noopener\"><span class='avia_hidden_link_text'>Compartir en Twitter<\/span><\/a><\/li><li class='av-share-link av-social-link-whatsapp' ><a target=\"_blank\" aria-label=\"Compartir en Whatsapp\" href='https:\/\/api.whatsapp.com\/send?text=https:\/\/radiorevelacionfm.cl\/?p=11972' aria-hidden='false' data-av_icon='\uf232' data-av_iconfont='entypo-fontello' title='' data-avia-related-tooltip='Compartir en Whatsapp' rel=\"noopener\"><span class='avia_hidden_link_text'>Compartir en Whatsapp<\/span><\/a><\/li><li class='av-share-link av-social-link-linkedin' ><a target=\"_blank\" aria-label=\"Compartir en LinkedIn\" href='https:\/\/linkedin.com\/shareArticle?mini=true&#038;title=SernamEG%20apoya%20con%20medio%20tecnol%C3%B3gico%20a%20participante%20destacada%20de%20la%20Escuela%20Mujer%20Emprende&#038;url=https:\/\/radiorevelacionfm.cl\/?p=11972' aria-hidden='false' data-av_icon='\ue8fc' data-av_iconfont='entypo-fontello' title='' data-avia-related-tooltip='Compartir en LinkedIn' rel=\"noopener\"><span class='avia_hidden_link_text'>Compartir en LinkedIn<\/span><\/a><\/li><li class='av-share-link av-social-link-mail' ><a  aria-label=\"Compartir por correo\" href='mailto:?subject=SernamEG%20apoya%20con%20medio%20tecnol%C3%B3gico%20a%20participante%20destacada%20de%20la%20Escuela%20Mujer%20Emprende&#038;body=https:\/\/radiorevelacionfm.cl\/?p=11972' aria-hidden='false' data-av_icon='\ue805' data-av_iconfont='entypo-fontello' title='' data-avia-related-tooltip='Compartir por correo'><span class='avia_hidden_link_text'>Compartir por correo<\/span><\/a><\/li><\/ul><\/div><\/div>\n<div  style='height:50px' class='hr hr-invisible   avia-builder-el-8  el_after_av_social_share  el_before_av_comments_list '><span class='hr-inner ' ><span class='hr-inner-style'><\/span><\/span><\/div>\n<div  class='av-buildercomment  av-blog-meta-html-info-disabled av-blog-meta-tag-disabled  '><\/div>\n","protected":false},"excerpt":{"rendered":"","protected":false},"author":1,"featured_media":11973,"comment_status":"open","ping_status":"open","sticky":false,"template":"","format":"standard","meta":{"footnotes":""},"categories":[38],"tags":[],"class_list":["post-11972","post","type-post","status-publish","format-standard","has-post-thumbnail","hentry","category-regional"],"jetpack_featured_media_url":"https:\/\/radiorevelacionfm.cl\/wp-content\/uploads\/2021\/12\/1-3-2-2.jpg","_links":{"self":[{"href":"https:\/\/radiorevelacionfm.cl\/index.php?rest_route=\/wp\/v2\/posts\/11972","targetHints":{"allow":["GET"]}}],"collection":[{"href":"https:\/\/radiorevelacionfm.cl\/index.php?rest_route=\/wp\/v2\/posts"}],"about":[{"href":"https:\/\/radiorevelacionfm.cl\/index.php?rest_route=\/wp\/v2\/types\/post"}],"author":[{"embeddable":true,"href":"https:\/\/radiorevelacionfm.cl\/index.php?rest_route=\/wp\/v2\/users\/1"}],"replies":[{"embeddable":true,"href":"https:\/\/radiorevelacionfm.cl\/index.php?rest_route=%2Fwp%2Fv2%2Fcomments&post=11972"}],"version-history":[{"count":2,"href":"https:\/\/radiorevelacionfm.cl\/index.php?rest_route=\/wp\/v2\/posts\/11972\/revisions"}],"predecessor-version":[{"id":11984,"href":"https:\/\/radiorevelacionfm.cl\/index.php?rest_route=\/wp\/v2\/posts\/11972\/revisions\/11984"}],"wp:featuredmedia":[{"embeddable":true,"href":"https:\/\/radiorevelacionfm.cl\/index.php?rest_route=\/wp\/v2\/media\/11973"}],"wp:attachment":[{"href":"https:\/\/radiorevelacionfm.cl\/index.php?rest_route=%2Fwp%2Fv2%2Fmedia&parent=11972"}],"wp:term":[{"taxonomy":"category","embeddable":true,"href":"https:\/\/radiorevelacionfm.cl\/index.php?rest_route=%2Fwp%2Fv2%2Fcategories&post=11972"},{"taxonomy":"post_tag","embeddable":true,"href":"https:\/\/radiorevelacionfm.cl\/index.php?rest_route=%2Fwp%2Fv2%2Ftags&post=11972"}],"curies":[{"name":"wp","href":"https:\/\/api.w.org\/{rel}","templated":true}]}}