{"id":11969,"date":"2021-12-16T19:40:08","date_gmt":"2021-12-16T22:40:08","guid":{"rendered":"https:\/\/radiorevelacionfm.cl\/?p=11969"},"modified":"2021-12-16T19:40:08","modified_gmt":"2021-12-16T22:40:08","slug":"feria-mujer-emprendedora-aysen-navidad-un-espacio-diferente","status":"publish","type":"post","link":"https:\/\/radiorevelacionfm.cl\/?p=11969","title":{"rendered":"Feria Mujer Emprendedora Ays\u00e9n \u2013 Navidad: un espacio diferente"},"content":{"rendered":"<div class=\"flex_column av_one_full  flex_column_div av-zero-column-padding first  avia-builder-el-0  el_before_av_one_full  avia-builder-el-first  \" style='border-radius:0px; '><div  class='avia-image-container  av-styling-    avia-builder-el-1  avia-builder-el-no-sibling  avia-align-center '  itemprop=\"image\" itemscope=\"itemscope\" itemtype=\"https:\/\/schema.org\/ImageObject\"  ><div class='avia-image-container-inner'><div class='avia-image-overlay-wrap'><img decoding=\"async\" class='wp-image-11970 avia-img-lazy-loading-not-11970 avia_image' src=\"https:\/\/radiorevelacionfm.cl\/wp-content\/uploads\/2021\/12\/IMG-20211216-WA0087-2-2-2.jpg\" alt='' title='IMG-20211216-WA0087-2-2-2' height=\"600\" width=\"888\"  itemprop=\"thumbnailUrl\" srcset=\"https:\/\/radiorevelacionfm.cl\/wp-content\/uploads\/2021\/12\/IMG-20211216-WA0087-2-2-2.jpg 888w, https:\/\/radiorevelacionfm.cl\/wp-content\/uploads\/2021\/12\/IMG-20211216-WA0087-2-2-2-300x203.jpg 300w, https:\/\/radiorevelacionfm.cl\/wp-content\/uploads\/2021\/12\/IMG-20211216-WA0087-2-2-2-768x519.jpg 768w, https:\/\/radiorevelacionfm.cl\/wp-content\/uploads\/2021\/12\/IMG-20211216-WA0087-2-2-2-705x476.jpg 705w, https:\/\/radiorevelacionfm.cl\/wp-content\/uploads\/2021\/12\/IMG-20211216-WA0087-2-2-2-600x405.jpg 600w\" sizes=\"(max-width: 888px) 100vw, 888px\" \/><\/div><\/div><\/div><\/div><div class=\"flex_column av_one_full  flex_column_div av-zero-column-padding first  avia-builder-el-2  el_after_av_one_full  el_before_av_one_full  column-top-margin\" style='border-radius:0px; '><section class=\"av_textblock_section \"  itemscope=\"itemscope\" itemtype=\"https:\/\/schema.org\/BlogPosting\" itemprop=\"blogPost\" ><div class='avia_textblock  '   itemprop=\"text\" ><p style=\"text-align: center;\"><strong><span style=\"font-size: 18pt;\">Feria Mujer Emprendedora Ays\u00e9n \u2013 Navidad: un espacio diferente<\/span><\/strong><\/p>\n<div id=\"gtx-trans\" style=\"position: absolute; left: -50px; top: 4.31534px;\">\n<div class=\"gtx-trans-icon\"><\/div>\n<\/div>\n<\/div><\/section><\/div><div class=\"flex_column av_one_full  flex_column_div av-zero-column-padding first  avia-builder-el-4  el_after_av_one_full  el_before_av_hr  column-top-margin\" style='border-radius:0px; '><section class=\"av_textblock_section \"  itemscope=\"itemscope\" itemtype=\"https:\/\/schema.org\/BlogPosting\" itemprop=\"blogPost\" ><div class='avia_textblock  '   itemprop=\"text\" ><p style=\"text-align: justify;\">Como \u201cun espacio diferente para esta navidad\u201d calificaron las participantes y expositoras de la versi\u00f3n navide\u00f1a de la Feria Mujer Emprendedora Ays\u00e9n a este importante evento. \u201c Para nuestro Ministerio un pilar clave es la autonom\u00eda econ\u00f3mica de la mujer y buscamos a trav\u00e9s de este eje desplegar una serie de acciones que, en complemento, permitan que esta autonom\u00eda se concrete. Una de ellas es fomentar espacios de venta, como el que tenemos estos dos d\u00edas junto a la Mesa de la Mujer Rural. Por eso los invitamos a venir, a conocer los productos que las mujeres han cultivado, elaborado y tra\u00eddo hasta Coyhaique con tanto cari\u00f1o\u201d coment\u00f3 la Seremi B\u00e1rbara Ortuzar.<\/p>\n<p style=\"text-align: justify;\">Hasta el viernes 17 alrededor de las 19.30 horas se extender\u00e1 esta nueva Feria Mujer, instancia de comercializaci\u00f3n, organizada por la Secretar\u00eda Regional Ministerial de la Mujer y la Equidad de G\u00e9nero, que se ha desarrollado desde al a\u00f1o 2019 en diversas versiones, y que en esta oportunidad y, en alianza con la Mesa de la Mujer Rural y las instituciones y organizaciones que la componen se despleg\u00f3 en el espacio de estacionamientos de la Seremi de Bienes Nacionales. Para la Directora de Prodemu Marlene Julio \u201cGracias al trabajo colaborativo que llevamos adelante con la Seremi de la Mujer y la Equidad de G\u00e9nero y por supuesto a trav\u00e9s de la Mesa de la Mujer Rural, como Prodemu hemos podido ayudar en levantar diferentes iniciativas que han ido en apoyo principalmente a la mujer emprendedor de la regi\u00f3n de Ays\u00e9n\u201d<\/p>\n<p style=\"text-align: justify;\">En la cita se encuentran mujeres de diversos puntos de la regi\u00f3n, algunos tan alejados como Melinka, sumado a localidades rurales de Coyhaique como seis lagunas, valle Simpson, Cerro Galera, Lago Castor y agrupaciones de Puerto Ays\u00e9n e Ib\u00e1\u00f1ez. Felipe Henriquez Seremi de Agricultura indic\u00f3 que \u201cEl trabajo que llevamos desde el Ministerio de Agricultura en conjunto con la Seremi de la Mujer, SernamEG y PRODEMU ha permitido poner a disposici\u00f3n servicios, atenci\u00f3n y asesor\u00eda a mujeres rurales de toda la regi\u00f3n, no solo de las cercan\u00edas de los centros poblados, sino tambi\u00e9n de comunas que son rurales y alejadas. Hoy d\u00eda el trabajo se est\u00e1 llevando adelante con mujeres que se dedican a diferentes rubros.<\/p>\n<p style=\"text-align: justify;\">Y efectivamente. La feria, que congrega a m\u00e1s de 20 expositoras con diversidad de rubros, congrega en este especial espacio de comercializaci\u00f3n a productoras, artesanas y campesinas que traen productos como hortalizas, verduras, frutas y huevos, con reproductoras de plantas; medicinales, suculentas, ornamentales y otras emprendedoras que han observado la oportunidad de ofrecer al p\u00fablico que las visite la opci\u00f3n de comprar un regalo distinto. Finalmente, Daniela Barrientos, del sector seis lagunas, y miembro de la asociaci\u00f3n gremial de mujeres Campesinas de la Patagonia invit\u00f3 a todos a venir a la Feria \u201cya que encontrar\u00e1 muchos productos de la regi\u00f3n, sobre todo regalos hechos con dedicaci\u00f3n y cari\u00f1o que le dan valor y exclusividad, lo que te permite entregar un producto \u00fanico y original\u201d.<\/p>\n<\/div><\/section><\/div><div  style='height:50px' class='hr hr-invisible   avia-builder-el-6  el_after_av_one_full  el_before_av_social_share '><span class='hr-inner ' ><span class='hr-inner-style'><\/span><\/span><\/div><\/p>\n<div  class='av-social-sharing-box  avia-builder-el-7  el_after_av_hr  el_before_av_hr  '><div class='av-share-box'><h5 class='av-share-link-description av-no-toc '>Compartir esta noticia<\/h5><ul class='av-share-box-list noLightbox'><li class='av-share-link av-social-link-facebook' ><a target=\"_blank\" aria-label=\"Compartir en Facebook\" href='https:\/\/www.facebook.com\/sharer.php?u=https:\/\/radiorevelacionfm.cl\/?p=11969&#038;t=Feria%20Mujer%20Emprendedora%20Ays%C3%A9n%20%E2%80%93%20Navidad%3A%20un%20espacio%20diferente' aria-hidden='false' data-av_icon='\ue8f3' data-av_iconfont='entypo-fontello' title='' data-avia-related-tooltip='Compartir en Facebook' rel=\"noopener\"><span class='avia_hidden_link_text'>Compartir en Facebook<\/span><\/a><\/li><li class='av-share-link av-social-link-twitter' ><a target=\"_blank\" aria-label=\"Compartir en Twitter\" href='https:\/\/twitter.com\/share?text=Feria%20Mujer%20Emprendedora%20Ays%C3%A9n%20%E2%80%93%20Navidad%3A%20un%20espacio%20diferente&#038;url=https:\/\/radiorevelacionfm.cl\/?p=11969' aria-hidden='false' data-av_icon='\ue8f1' data-av_iconfont='entypo-fontello' title='' data-avia-related-tooltip='Compartir en Twitter' rel=\"noopener\"><span class='avia_hidden_link_text'>Compartir en Twitter<\/span><\/a><\/li><li class='av-share-link av-social-link-whatsapp' ><a target=\"_blank\" aria-label=\"Compartir en Whatsapp\" href='https:\/\/api.whatsapp.com\/send?text=https:\/\/radiorevelacionfm.cl\/?p=11969' aria-hidden='false' data-av_icon='\uf232' data-av_iconfont='entypo-fontello' title='' data-avia-related-tooltip='Compartir en Whatsapp' rel=\"noopener\"><span class='avia_hidden_link_text'>Compartir en Whatsapp<\/span><\/a><\/li><li class='av-share-link av-social-link-linkedin' ><a target=\"_blank\" aria-label=\"Compartir en LinkedIn\" href='https:\/\/linkedin.com\/shareArticle?mini=true&#038;title=Feria%20Mujer%20Emprendedora%20Ays%C3%A9n%20%E2%80%93%20Navidad%3A%20un%20espacio%20diferente&#038;url=https:\/\/radiorevelacionfm.cl\/?p=11969' aria-hidden='false' data-av_icon='\ue8fc' data-av_iconfont='entypo-fontello' title='' data-avia-related-tooltip='Compartir en LinkedIn' rel=\"noopener\"><span class='avia_hidden_link_text'>Compartir en LinkedIn<\/span><\/a><\/li><li class='av-share-link av-social-link-mail' ><a  aria-label=\"Compartir por correo\" href='mailto:?subject=Feria%20Mujer%20Emprendedora%20Ays%C3%A9n%20%E2%80%93%20Navidad%3A%20un%20espacio%20diferente&#038;body=https:\/\/radiorevelacionfm.cl\/?p=11969' aria-hidden='false' data-av_icon='\ue805' data-av_iconfont='entypo-fontello' title='' data-avia-related-tooltip='Compartir por correo'><span class='avia_hidden_link_text'>Compartir por correo<\/span><\/a><\/li><\/ul><\/div><\/div>\n<div  style='height:50px' class='hr hr-invisible   avia-builder-el-8  el_after_av_social_share  el_before_av_comments_list '><span class='hr-inner ' ><span class='hr-inner-style'><\/span><\/span><\/div>\n<div  class='av-buildercomment  av-blog-meta-html-info-disabled av-blog-meta-tag-disabled  '><\/div>\n","protected":false},"excerpt":{"rendered":"","protected":false},"author":1,"featured_media":11970,"comment_status":"open","ping_status":"open","sticky":false,"template":"","format":"standard","meta":{"footnotes":""},"categories":[38],"tags":[],"class_list":["post-11969","post","type-post","status-publish","format-standard","has-post-thumbnail","hentry","category-regional"],"jetpack_featured_media_url":"https:\/\/radiorevelacionfm.cl\/wp-content\/uploads\/2021\/12\/IMG-20211216-WA0087-2-2-2.jpg","_links":{"self":[{"href":"https:\/\/radiorevelacionfm.cl\/index.php?rest_route=\/wp\/v2\/posts\/11969","targetHints":{"allow":["GET"]}}],"collection":[{"href":"https:\/\/radiorevelacionfm.cl\/index.php?rest_route=\/wp\/v2\/posts"}],"about":[{"href":"https:\/\/radiorevelacionfm.cl\/index.php?rest_route=\/wp\/v2\/types\/post"}],"author":[{"embeddable":true,"href":"https:\/\/radiorevelacionfm.cl\/index.php?rest_route=\/wp\/v2\/users\/1"}],"replies":[{"embeddable":true,"href":"https:\/\/radiorevelacionfm.cl\/index.php?rest_route=%2Fwp%2Fv2%2Fcomments&post=11969"}],"version-history":[{"count":2,"href":"https:\/\/radiorevelacionfm.cl\/index.php?rest_route=\/wp\/v2\/posts\/11969\/revisions"}],"predecessor-version":[{"id":11975,"href":"https:\/\/radiorevelacionfm.cl\/index.php?rest_route=\/wp\/v2\/posts\/11969\/revisions\/11975"}],"wp:featuredmedia":[{"embeddable":true,"href":"https:\/\/radiorevelacionfm.cl\/index.php?rest_route=\/wp\/v2\/media\/11970"}],"wp:attachment":[{"href":"https:\/\/radiorevelacionfm.cl\/index.php?rest_route=%2Fwp%2Fv2%2Fmedia&parent=11969"}],"wp:term":[{"taxonomy":"category","embeddable":true,"href":"https:\/\/radiorevelacionfm.cl\/index.php?rest_route=%2Fwp%2Fv2%2Fcategories&post=11969"},{"taxonomy":"post_tag","embeddable":true,"href":"https:\/\/radiorevelacionfm.cl\/index.php?rest_route=%2Fwp%2Fv2%2Ftags&post=11969"}],"curies":[{"name":"wp","href":"https:\/\/api.w.org\/{rel}","templated":true}]}}