{"id":11964,"date":"2021-12-16T17:26:33","date_gmt":"2021-12-16T20:26:33","guid":{"rendered":"https:\/\/radiorevelacionfm.cl\/?p=11964"},"modified":"2021-12-16T17:26:33","modified_gmt":"2021-12-16T20:26:33","slug":"anuncian-reapertura-de-los-pasos-fronterizos-huemules-y-jeinimeni-a-contar-del-22-de-diciembre","status":"publish","type":"post","link":"https:\/\/radiorevelacionfm.cl\/?p=11964","title":{"rendered":"Anuncian reapertura de los pasos fronterizos Huemules y Jeinimeni a contar del 22 de diciembre"},"content":{"rendered":"<div class=\"flex_column av_one_full  flex_column_div av-zero-column-padding first  avia-builder-el-0  el_before_av_one_full  avia-builder-el-first  \" style='border-radius:0px; '><div  class='avia-image-container  av-styling-    avia-builder-el-1  avia-builder-el-no-sibling  avia-align-center '  itemprop=\"image\" itemscope=\"itemscope\" itemtype=\"https:\/\/schema.org\/ImageObject\"  ><div class='avia-image-container-inner'><div class='avia-image-overlay-wrap'><img decoding=\"async\" class='wp-image-10113 avia-img-lazy-loading-not-10113 avia_image' src=\"https:\/\/radiorevelacionfm.cl\/wp-content\/uploads\/2021\/10\/PASO-JEINIMENI-1-1.jpg\" alt='' title='PASO-JEINIMENI (1) (1)' height=\"600\" width=\"800\"  itemprop=\"thumbnailUrl\" srcset=\"https:\/\/radiorevelacionfm.cl\/wp-content\/uploads\/2021\/10\/PASO-JEINIMENI-1-1.jpg 800w, https:\/\/radiorevelacionfm.cl\/wp-content\/uploads\/2021\/10\/PASO-JEINIMENI-1-1-300x225.jpg 300w, https:\/\/radiorevelacionfm.cl\/wp-content\/uploads\/2021\/10\/PASO-JEINIMENI-1-1-768x576.jpg 768w, https:\/\/radiorevelacionfm.cl\/wp-content\/uploads\/2021\/10\/PASO-JEINIMENI-1-1-705x529.jpg 705w, https:\/\/radiorevelacionfm.cl\/wp-content\/uploads\/2021\/10\/PASO-JEINIMENI-1-1-600x450.jpg 600w\" sizes=\"(max-width: 800px) 100vw, 800px\" \/><\/div><\/div><\/div><\/div><div class=\"flex_column av_one_full  flex_column_div av-zero-column-padding first  avia-builder-el-2  el_after_av_one_full  el_before_av_one_full  column-top-margin\" style='border-radius:0px; '><section class=\"av_textblock_section \"  itemscope=\"itemscope\" itemtype=\"https:\/\/schema.org\/BlogPosting\" itemprop=\"blogPost\" ><div class='avia_textblock  '   itemprop=\"text\" ><p style=\"text-align: center;\"><strong><span style=\"font-size: 18pt;\">Anuncian reapertura de los pasos fronterizos Huemules y Jeinimeni a contar del 22 de diciembre<\/span><\/strong><\/p>\n<div id=\"gtx-trans\" style=\"position: absolute; left: -50px; top: 4.31534px;\">\n<div class=\"gtx-trans-icon\"><\/div>\n<\/div>\n<\/div><\/section><\/div><div class=\"flex_column av_one_full  flex_column_div av-zero-column-padding first  avia-builder-el-4  el_after_av_one_full  el_before_av_hr  column-top-margin\" style='border-radius:0px; '><section class=\"av_textblock_section \"  itemscope=\"itemscope\" itemtype=\"https:\/\/schema.org\/BlogPosting\" itemprop=\"blogPost\" ><div class='avia_textblock  '   itemprop=\"text\" ><p style=\"text-align: justify;\">El pasado jueves 9 de diciembre, y durante su visita a Coyhaique, el ministro del Interior y Seguridad P\u00fablica, Rodrigo Delgado, anunci\u00f3 que el Gobierno estaba trabajando en la reapertura de las fronteras terrestres para antes de las fiestas de fin de a\u00f1o. A una semana de aquello, sus palabras fueron corroboradas por la Delegada Presidencial Regional, Margarita Ossa Rojas, quien confirm\u00f3 dicha medida para los pasos Huemules y Jeinimeni a contar del pr\u00f3ximo mi\u00e9rcoles 22 y as\u00ed posibilitar el paso de chilenos, extranjeros residentes y extranjeros no residentes.<\/p>\n<p style=\"text-align: justify;\">La representante del Presidente Sebasti\u00e1n Pi\u00f1era, Margarita Ossa Rojas, expres\u00f3 su satisfacci\u00f3n de concretar el anuncio \u201ctras varias semanas de gestiones\u201d indicando que \u201cpodemos anunciar hoy d\u00eda que desde el mi\u00e9rcoles 22 propiciaremos la apertura de dos fronteras: Huemules y Jeinimeni\u201d a\u00f1adiendo que \u201ceste ha sido un anhelo constante de muchos de nuestros connacionales y extranjeros, y trabajaremos por tener todo estructurado y organizado para abrir entre las 08.00 y 16.00 horas\u201d, dijo.<\/p>\n<p style=\"text-align: justify;\">Acto seguido, Ossa Rojas aclar\u00f3 que \u201cvamos a tener un periodo de apertura gradual para evaluar a fines de este a\u00f1o o principios de enero y si este horario se amplia\u201dcalificando la medida anunciada como \u201cun momento muy importante para nuestra regi\u00f3n despu\u00e9s de todo lo que hemos vivido con el Coronavirus\u201d.<\/p>\n<p style=\"text-align: justify;\">Adicionalmente, y para mayor seguridad, las autoridades informaron que en cada paso fronterizo terrestre \u2013 al ingreso a Chile \u2013 se tomar\u00e1 un test de ant\u00edgeno, sin costo alguno para el usuario.<\/p>\n<p style=\"text-align: justify;\"><strong>Requisitos<\/strong><\/p>\n<p style=\"text-align: justify;\">Seg\u00fan explic\u00f3 la seremi de Salud subrogante, Gloria Beecher, los requisitos para ingresar al pa\u00eds aplican para los chilenos, extranjeros residentes y extranjeros no residentes con sus vacunas validadas por el MINSAL y, para ni\u00f1os y ni\u00f1as menores de 6 a\u00f1os; situaci\u00f3n que est\u00e1 detallada en el Plan Fronteras Protegidas, disponible para descargar en <a href=\"http:\/\/www.gob.cl\/coronavirus\/pasoapaso\">www.gob.cl\/coronavirus\/pasoapaso<\/a>.<\/p>\n<p style=\"text-align: justify;\">De acuerdo a la autoridad subrogante, las personas que quieran ingresar al pa\u00eds tendr\u00e1n que presentar PCR negativo tomado en el pa\u00eds de origen, con 72 horas de antelaci\u00f3n y una declaraci\u00f3n jurada.<\/p>\n<p style=\"text-align: justify;\">En tanto, los extranjeros no residentes deber\u00e1n presentar en los pasos fronterizos \u201cPCR negativo, una declaraci\u00f3n jurada, un seguro m\u00e9dico que cubre enfermedades asociadas al COVID-19, (monto) acorde a las primas y costos asociados de cada empresa y la validaci\u00f3n de vacunas a trav\u00e9s del Ministerio de Salud\u201d, aclarando que la validaci\u00f3n debe efectuarse con anticipaci\u00f3n en el sitio <a href=\"http:\/\/www.yomevacuno.cl\/\">www.yomevacuno.cl<\/a>.<\/p>\n<p style=\"text-align: justify;\">Por su parte, para los ayseninos o nacionales que quieran salir del pa\u00eds en estas fechas tendr\u00e1n que verificar con el pa\u00eds de destino cu\u00e1les son sus medidas para el ingreso a sus territorios para combatir la pandemia.<\/p>\n<\/div><\/section><\/div><div  style='height:50px' class='hr hr-invisible   avia-builder-el-6  el_after_av_one_full  el_before_av_social_share '><span class='hr-inner ' ><span class='hr-inner-style'><\/span><\/span><\/div><\/p>\n<div  class='av-social-sharing-box  avia-builder-el-7  el_after_av_hr  el_before_av_hr  '><div class='av-share-box'><h5 class='av-share-link-description av-no-toc '>Compartir esta noticia<\/h5><ul class='av-share-box-list noLightbox'><li class='av-share-link av-social-link-facebook' ><a target=\"_blank\" aria-label=\"Compartir en Facebook\" href='https:\/\/www.facebook.com\/sharer.php?u=https:\/\/radiorevelacionfm.cl\/?p=11964&#038;t=Anuncian%20reapertura%20de%20los%20pasos%20fronterizos%20Huemules%20y%20Jeinimeni%20a%20contar%20del%2022%20de%20diciembre' aria-hidden='false' data-av_icon='\ue8f3' data-av_iconfont='entypo-fontello' title='' data-avia-related-tooltip='Compartir en Facebook' rel=\"noopener\"><span class='avia_hidden_link_text'>Compartir en Facebook<\/span><\/a><\/li><li class='av-share-link av-social-link-twitter' ><a target=\"_blank\" aria-label=\"Compartir en Twitter\" href='https:\/\/twitter.com\/share?text=Anuncian%20reapertura%20de%20los%20pasos%20fronterizos%20Huemules%20y%20Jeinimeni%20a%20contar%20del%2022%20de%20diciembre&#038;url=https:\/\/radiorevelacionfm.cl\/?p=11964' aria-hidden='false' data-av_icon='\ue8f1' data-av_iconfont='entypo-fontello' title='' data-avia-related-tooltip='Compartir en Twitter' rel=\"noopener\"><span class='avia_hidden_link_text'>Compartir en Twitter<\/span><\/a><\/li><li class='av-share-link av-social-link-whatsapp' ><a target=\"_blank\" aria-label=\"Compartir en Whatsapp\" href='https:\/\/api.whatsapp.com\/send?text=https:\/\/radiorevelacionfm.cl\/?p=11964' aria-hidden='false' data-av_icon='\uf232' data-av_iconfont='entypo-fontello' title='' data-avia-related-tooltip='Compartir en Whatsapp' rel=\"noopener\"><span class='avia_hidden_link_text'>Compartir en Whatsapp<\/span><\/a><\/li><li class='av-share-link av-social-link-linkedin' ><a target=\"_blank\" aria-label=\"Compartir en LinkedIn\" href='https:\/\/linkedin.com\/shareArticle?mini=true&#038;title=Anuncian%20reapertura%20de%20los%20pasos%20fronterizos%20Huemules%20y%20Jeinimeni%20a%20contar%20del%2022%20de%20diciembre&#038;url=https:\/\/radiorevelacionfm.cl\/?p=11964' aria-hidden='false' data-av_icon='\ue8fc' data-av_iconfont='entypo-fontello' title='' data-avia-related-tooltip='Compartir en LinkedIn' rel=\"noopener\"><span class='avia_hidden_link_text'>Compartir en LinkedIn<\/span><\/a><\/li><li class='av-share-link av-social-link-mail' ><a  aria-label=\"Compartir por correo\" href='mailto:?subject=Anuncian%20reapertura%20de%20los%20pasos%20fronterizos%20Huemules%20y%20Jeinimeni%20a%20contar%20del%2022%20de%20diciembre&#038;body=https:\/\/radiorevelacionfm.cl\/?p=11964' aria-hidden='false' data-av_icon='\ue805' data-av_iconfont='entypo-fontello' title='' data-avia-related-tooltip='Compartir por correo'><span class='avia_hidden_link_text'>Compartir por correo<\/span><\/a><\/li><\/ul><\/div><\/div>\n<div  style='height:50px' class='hr hr-invisible   avia-builder-el-8  el_after_av_social_share  el_before_av_comments_list '><span class='hr-inner ' ><span class='hr-inner-style'><\/span><\/span><\/div>\n<div  class='av-buildercomment  av-blog-meta-html-info-disabled av-blog-meta-tag-disabled  '><\/div>\n","protected":false},"excerpt":{"rendered":"","protected":false},"author":1,"featured_media":10113,"comment_status":"open","ping_status":"open","sticky":false,"template":"","format":"standard","meta":{"footnotes":""},"categories":[38],"tags":[],"class_list":["post-11964","post","type-post","status-publish","format-standard","has-post-thumbnail","hentry","category-regional"],"jetpack_featured_media_url":"https:\/\/radiorevelacionfm.cl\/wp-content\/uploads\/2021\/10\/PASO-JEINIMENI-1-1.jpg","_links":{"self":[{"href":"https:\/\/radiorevelacionfm.cl\/index.php?rest_route=\/wp\/v2\/posts\/11964","targetHints":{"allow":["GET"]}}],"collection":[{"href":"https:\/\/radiorevelacionfm.cl\/index.php?rest_route=\/wp\/v2\/posts"}],"about":[{"href":"https:\/\/radiorevelacionfm.cl\/index.php?rest_route=\/wp\/v2\/types\/post"}],"author":[{"embeddable":true,"href":"https:\/\/radiorevelacionfm.cl\/index.php?rest_route=\/wp\/v2\/users\/1"}],"replies":[{"embeddable":true,"href":"https:\/\/radiorevelacionfm.cl\/index.php?rest_route=%2Fwp%2Fv2%2Fcomments&post=11964"}],"version-history":[{"count":2,"href":"https:\/\/radiorevelacionfm.cl\/index.php?rest_route=\/wp\/v2\/posts\/11964\/revisions"}],"predecessor-version":[{"id":11966,"href":"https:\/\/radiorevelacionfm.cl\/index.php?rest_route=\/wp\/v2\/posts\/11964\/revisions\/11966"}],"wp:featuredmedia":[{"embeddable":true,"href":"https:\/\/radiorevelacionfm.cl\/index.php?rest_route=\/wp\/v2\/media\/10113"}],"wp:attachment":[{"href":"https:\/\/radiorevelacionfm.cl\/index.php?rest_route=%2Fwp%2Fv2%2Fmedia&parent=11964"}],"wp:term":[{"taxonomy":"category","embeddable":true,"href":"https:\/\/radiorevelacionfm.cl\/index.php?rest_route=%2Fwp%2Fv2%2Fcategories&post=11964"},{"taxonomy":"post_tag","embeddable":true,"href":"https:\/\/radiorevelacionfm.cl\/index.php?rest_route=%2Fwp%2Fv2%2Ftags&post=11964"}],"curies":[{"name":"wp","href":"https:\/\/api.w.org\/{rel}","templated":true}]}}