{"id":11961,"date":"2021-12-17T09:13:05","date_gmt":"2021-12-17T12:13:05","guid":{"rendered":"https:\/\/radiorevelacionfm.cl\/?p=11961"},"modified":"2021-12-17T09:13:05","modified_gmt":"2021-12-17T12:13:05","slug":"emprendedores-de-la-region-podran-ser-parte-de-nuevos-programas-de-sercotec","status":"publish","type":"post","link":"https:\/\/radiorevelacionfm.cl\/?p=11961","title":{"rendered":"Emprendedores de la regi\u00f3n podr\u00e1n ser parte de nuevos programas de Sercotec"},"content":{"rendered":"<div class=\"flex_column av_one_full  flex_column_div av-zero-column-padding first  avia-builder-el-0  el_before_av_one_full  avia-builder-el-first  \" style='border-radius:0px; '><div  class='avia-image-container  av-styling-    avia-builder-el-1  avia-builder-el-no-sibling  avia-align-center '  itemprop=\"image\" itemscope=\"itemscope\" itemtype=\"https:\/\/schema.org\/ImageObject\"  ><div class='avia-image-container-inner'><div class='avia-image-overlay-wrap'><img decoding=\"async\" class='wp-image-11962 avia-img-lazy-loading-not-11962 avia_image' src=\"https:\/\/radiorevelacionfm.cl\/wp-content\/uploads\/2021\/12\/LANZAMIENTO-PROGRAMAS-FNDR-SERCOTEC-4-2-2.jpeg\" alt='' title='LANZAMIENTO PROGRAMAS FNDR SERCOTEC (4)-2-2' height=\"600\" width=\"995\"  itemprop=\"thumbnailUrl\" srcset=\"https:\/\/radiorevelacionfm.cl\/wp-content\/uploads\/2021\/12\/LANZAMIENTO-PROGRAMAS-FNDR-SERCOTEC-4-2-2.jpeg 995w, https:\/\/radiorevelacionfm.cl\/wp-content\/uploads\/2021\/12\/LANZAMIENTO-PROGRAMAS-FNDR-SERCOTEC-4-2-2-300x181.jpeg 300w, https:\/\/radiorevelacionfm.cl\/wp-content\/uploads\/2021\/12\/LANZAMIENTO-PROGRAMAS-FNDR-SERCOTEC-4-2-2-768x463.jpeg 768w, https:\/\/radiorevelacionfm.cl\/wp-content\/uploads\/2021\/12\/LANZAMIENTO-PROGRAMAS-FNDR-SERCOTEC-4-2-2-705x425.jpeg 705w, https:\/\/radiorevelacionfm.cl\/wp-content\/uploads\/2021\/12\/LANZAMIENTO-PROGRAMAS-FNDR-SERCOTEC-4-2-2-600x362.jpeg 600w\" sizes=\"(max-width: 995px) 100vw, 995px\" \/><\/div><\/div><\/div><\/div><div class=\"flex_column av_one_full  flex_column_div av-zero-column-padding first  avia-builder-el-2  el_after_av_one_full  el_before_av_one_full  column-top-margin\" style='border-radius:0px; '><section class=\"av_textblock_section \"  itemscope=\"itemscope\" itemtype=\"https:\/\/schema.org\/BlogPosting\" itemprop=\"blogPost\" ><div class='avia_textblock  '   itemprop=\"text\" ><p style=\"text-align: center;\"><strong><span style=\"font-size: 18pt;\">Emprendedores de la regi\u00f3n podr\u00e1n ser parte de nuevos programas de Sercotec<\/span><\/strong><\/p>\n<div id=\"gtx-trans\" style=\"position: absolute; left: -50px; top: 4.31534px;\">\n<div class=\"gtx-trans-icon\"><\/div>\n<\/div>\n<\/div><\/section><\/div><div class=\"flex_column av_one_full  flex_column_div av-zero-column-padding first  avia-builder-el-4  el_after_av_one_full  el_before_av_hr  column-top-margin\" style='border-radius:0px; '><section class=\"av_textblock_section \"  itemscope=\"itemscope\" itemtype=\"https:\/\/schema.org\/BlogPosting\" itemprop=\"blogPost\" ><div class='avia_textblock  '   itemprop=\"text\" ><p style=\"text-align: justify;\">Autoridades regionales dieron el vamos a las iniciativas que se enmarcan en los nuevos programas de Sercotec, que tienen como objetivo dar cobertura a sectores productivos rezagados de otros programas tanto en rubros como de manera territorial.<\/p>\n<p style=\"text-align: justify;\">As\u00ed lo explic\u00f3 la gerenta de programas de Sercotec Nacional Marilyn Masbernat: \u201cEn esta oportunidad se decidi\u00f3 que los postulantes s\u00f3lo puedan disponer de un copago del 1% y eso realmente ha facilitado la postulaci\u00f3n a estos beneficios. Adem\u00e1s, Sercotec entregar\u00e1 un monto m\u00e1ximo de hasta 4 millones quinientos mil pesos, los que se podr\u00e1n ocupar tanto en inversiones de equipamiento o de acciones de gesti\u00f3n empresarial. Por eso hacemos un llamado a postular en el sitio <a href=\"http:\/\/sercotec.cl\/\" data-saferedirecturl=\"https:\/\/www.google.com\/url?q=http:\/\/sercotec.cl&amp;source=gmail&amp;ust=1639769298448000&amp;usg=AOvVaw0OTJsScKIA9wCK2A8JjlNN\">sercotec.cl<\/a> hasta el hasta las 15:00 horas del d\u00eda 20 de diciembre de 2021\u201d.<\/p>\n<p style=\"text-align: justify;\">En tanto Jessica Lagos, jefa de divisi\u00f3n de fomento e industria del Gobierno Regional, indic\u00f3 que \u201cestamos muy contentos de poder financiar esta iniciativa que ejecuta Sercotec y que viene a apoyar de manera concreta a las Pymes de nuestra regi\u00f3n. En el caso del programa emprende turismo territorial, le estamos entregando prioridad al resto de las 8 comunas de Ays\u00e9n, ya que las comunas de Ays\u00e9n y Coyhaique fueron cubiertas en instrumentos de financiamientos anteriores durante este a\u00f1o, por lo tanto, la focalizaci\u00f3n est\u00e1 en estas ocho comunas (Cisnes, Lago Verde, R\u00edo Ib\u00e1\u00f1ez, Cochrane, Chile Chico, Tortel, O\u2019Higgins y Guaitecas) que tambi\u00e9n necesitan del apoyo del Estado para concretar sus emprendimientos\u201d.<\/p>\n<p style=\"text-align: justify;\">Finalmente, para el Seremi de Econom\u00eda Carlos Pacheco estas acciones vienen a \u201cinyectar de manera concreta y con financiamiento a m\u00faltiples rubros dentro de las micro y peque\u00f1as empresas que hoy realizan una labor activa en la econom\u00eda local y que son las mayores generadoras de empleo en la regi\u00f3n. Siempre destacamos la labor de Sercotec y sus funcionarios ya que especialmente en los \u00faltimos 2 a\u00f1os de pandemia han sido fundamentales con sus diversos y amplios instrumentos de apoyo al emprendimiento. En pleno diciembre y cuando se acaba el a\u00f1o, seguimos entregando apoyo financiero ad-portas de una nueva temporada estival, donde proyectamos una verdadera alza que ya se est\u00e1 observando por ejemplo en el sector turismo y que esperamos que pueda proyectarse a otros rubros de la econom\u00eda local\u201d, sentenci\u00f3 la autoridad.<\/p>\n<p style=\"text-align: justify;\">Desde el Servicio de cooperaci\u00f3n t\u00e9cnica indicaron que en el caso del programa emprende turismo territorial que cierra este lunes 20 de diciembre el emprendedor\/a deber\u00e1 realizar las siguientes acciones a la hora de postular: registrarse como usuario\/a en <a href=\"http:\/\/www.sercotec.cl\/\" data-saferedirecturl=\"https:\/\/www.google.com\/url?q=http:\/\/www.sercotec.cl&amp;source=gmail&amp;ust=1639769298448000&amp;usg=AOvVaw0H5QqjH2JcUfHEtKOIWYGq\">www.sercotec.cl<\/a>, o bien, actualizar sus antecedentes de registro. Adem\u00e1s, deber\u00e1 contestar la prueba de caracterizaci\u00f3n del emprendimiento y finalmente y completar el formulario de la idea de negocios que se requiere implementar, el cual es un instrumento elaborado por Sercotec.<\/p>\n<p style=\"text-align: justify;\">En el lanzamiento de estos instrumentos de apoyo financiero participaron la Directora regional de Sercotec Cinthya Pantanalli, el Director regional de Sernatur Patricio Bast\u00edas y beneficiarios del \u201ctaller de bicicletas Thomas\u201d de Coyhaique.<\/p>\n<\/div><\/section><\/div><div  style='height:50px' class='hr hr-invisible   avia-builder-el-6  el_after_av_one_full  el_before_av_social_share '><span class='hr-inner ' ><span class='hr-inner-style'><\/span><\/span><\/div><\/p>\n<div  class='av-social-sharing-box  avia-builder-el-7  el_after_av_hr  el_before_av_hr  '><div class='av-share-box'><h5 class='av-share-link-description av-no-toc '>Compartir esta noticia<\/h5><ul class='av-share-box-list noLightbox'><li class='av-share-link av-social-link-facebook' ><a target=\"_blank\" aria-label=\"Compartir en Facebook\" href='https:\/\/www.facebook.com\/sharer.php?u=https:\/\/radiorevelacionfm.cl\/?p=11961&#038;t=Emprendedores%20de%20la%20regi%C3%B3n%20podr%C3%A1n%20ser%20parte%20de%20nuevos%20programas%20de%20Sercotec' aria-hidden='false' data-av_icon='\ue8f3' data-av_iconfont='entypo-fontello' title='' data-avia-related-tooltip='Compartir en Facebook' rel=\"noopener\"><span class='avia_hidden_link_text'>Compartir en Facebook<\/span><\/a><\/li><li class='av-share-link av-social-link-twitter' ><a target=\"_blank\" aria-label=\"Compartir en Twitter\" href='https:\/\/twitter.com\/share?text=Emprendedores%20de%20la%20regi%C3%B3n%20podr%C3%A1n%20ser%20parte%20de%20nuevos%20programas%20de%20Sercotec&#038;url=https:\/\/radiorevelacionfm.cl\/?p=11961' aria-hidden='false' data-av_icon='\ue8f1' data-av_iconfont='entypo-fontello' title='' data-avia-related-tooltip='Compartir en Twitter' rel=\"noopener\"><span class='avia_hidden_link_text'>Compartir en Twitter<\/span><\/a><\/li><li class='av-share-link av-social-link-whatsapp' ><a target=\"_blank\" aria-label=\"Compartir en Whatsapp\" href='https:\/\/api.whatsapp.com\/send?text=https:\/\/radiorevelacionfm.cl\/?p=11961' aria-hidden='false' data-av_icon='\uf232' data-av_iconfont='entypo-fontello' title='' data-avia-related-tooltip='Compartir en Whatsapp' rel=\"noopener\"><span class='avia_hidden_link_text'>Compartir en Whatsapp<\/span><\/a><\/li><li class='av-share-link av-social-link-linkedin' ><a target=\"_blank\" aria-label=\"Compartir en LinkedIn\" href='https:\/\/linkedin.com\/shareArticle?mini=true&#038;title=Emprendedores%20de%20la%20regi%C3%B3n%20podr%C3%A1n%20ser%20parte%20de%20nuevos%20programas%20de%20Sercotec&#038;url=https:\/\/radiorevelacionfm.cl\/?p=11961' aria-hidden='false' data-av_icon='\ue8fc' data-av_iconfont='entypo-fontello' title='' data-avia-related-tooltip='Compartir en LinkedIn' rel=\"noopener\"><span class='avia_hidden_link_text'>Compartir en LinkedIn<\/span><\/a><\/li><li class='av-share-link av-social-link-mail' ><a  aria-label=\"Compartir por correo\" href='mailto:?subject=Emprendedores%20de%20la%20regi%C3%B3n%20podr%C3%A1n%20ser%20parte%20de%20nuevos%20programas%20de%20Sercotec&#038;body=https:\/\/radiorevelacionfm.cl\/?p=11961' aria-hidden='false' data-av_icon='\ue805' data-av_iconfont='entypo-fontello' title='' data-avia-related-tooltip='Compartir por correo'><span class='avia_hidden_link_text'>Compartir por correo<\/span><\/a><\/li><\/ul><\/div><\/div>\n<div  style='height:50px' class='hr hr-invisible   avia-builder-el-8  el_after_av_social_share  el_before_av_comments_list '><span class='hr-inner ' ><span class='hr-inner-style'><\/span><\/span><\/div>\n<div  class='av-buildercomment  av-blog-meta-html-info-disabled av-blog-meta-tag-disabled  '><\/div>\n","protected":false},"excerpt":{"rendered":"","protected":false},"author":1,"featured_media":11962,"comment_status":"open","ping_status":"open","sticky":false,"template":"","format":"standard","meta":{"footnotes":""},"categories":[38],"tags":[],"class_list":["post-11961","post","type-post","status-publish","format-standard","has-post-thumbnail","hentry","category-regional"],"jetpack_featured_media_url":"https:\/\/radiorevelacionfm.cl\/wp-content\/uploads\/2021\/12\/LANZAMIENTO-PROGRAMAS-FNDR-SERCOTEC-4-2-2.jpeg","_links":{"self":[{"href":"https:\/\/radiorevelacionfm.cl\/index.php?rest_route=\/wp\/v2\/posts\/11961","targetHints":{"allow":["GET"]}}],"collection":[{"href":"https:\/\/radiorevelacionfm.cl\/index.php?rest_route=\/wp\/v2\/posts"}],"about":[{"href":"https:\/\/radiorevelacionfm.cl\/index.php?rest_route=\/wp\/v2\/types\/post"}],"author":[{"embeddable":true,"href":"https:\/\/radiorevelacionfm.cl\/index.php?rest_route=\/wp\/v2\/users\/1"}],"replies":[{"embeddable":true,"href":"https:\/\/radiorevelacionfm.cl\/index.php?rest_route=%2Fwp%2Fv2%2Fcomments&post=11961"}],"version-history":[{"count":2,"href":"https:\/\/radiorevelacionfm.cl\/index.php?rest_route=\/wp\/v2\/posts\/11961\/revisions"}],"predecessor-version":[{"id":11980,"href":"https:\/\/radiorevelacionfm.cl\/index.php?rest_route=\/wp\/v2\/posts\/11961\/revisions\/11980"}],"wp:featuredmedia":[{"embeddable":true,"href":"https:\/\/radiorevelacionfm.cl\/index.php?rest_route=\/wp\/v2\/media\/11962"}],"wp:attachment":[{"href":"https:\/\/radiorevelacionfm.cl\/index.php?rest_route=%2Fwp%2Fv2%2Fmedia&parent=11961"}],"wp:term":[{"taxonomy":"category","embeddable":true,"href":"https:\/\/radiorevelacionfm.cl\/index.php?rest_route=%2Fwp%2Fv2%2Fcategories&post=11961"},{"taxonomy":"post_tag","embeddable":true,"href":"https:\/\/radiorevelacionfm.cl\/index.php?rest_route=%2Fwp%2Fv2%2Ftags&post=11961"}],"curies":[{"name":"wp","href":"https:\/\/api.w.org\/{rel}","templated":true}]}}