{"id":11958,"date":"2021-12-17T14:40:06","date_gmt":"2021-12-17T17:40:06","guid":{"rendered":"https:\/\/radiorevelacionfm.cl\/?p=11958"},"modified":"2021-12-17T15:14:17","modified_gmt":"2021-12-17T18:14:17","slug":"sence-aysen-destaca-participacion-en-la-feria-de-empleo-presencial","status":"publish","type":"post","link":"https:\/\/radiorevelacionfm.cl\/?p=11958","title":{"rendered":"SENCE Ays\u00e9n destaca participaci\u00f3n en la Feria de Empleo Presencial"},"content":{"rendered":"<div class=\"flex_column av_one_full  flex_column_div av-zero-column-padding first  avia-builder-el-0  el_before_av_one_full  avia-builder-el-first  \" style='border-radius:0px; '><div  class='avia-image-container  av-styling-    avia-builder-el-1  avia-builder-el-no-sibling  avia-align-center '  itemprop=\"image\" itemscope=\"itemscope\" itemtype=\"https:\/\/schema.org\/ImageObject\"  ><div class='avia-image-container-inner'><div class='avia-image-overlay-wrap'><img decoding=\"async\" class='wp-image-11959 avia-img-lazy-loading-not-11959 avia_image' src=\"https:\/\/radiorevelacionfm.cl\/wp-content\/uploads\/2021\/12\/feria-de-empleo-1-2_optimized.jpg\" alt='' title='feria-de-empleo-1-2_optimized' height=\"600\" width=\"800\"  itemprop=\"thumbnailUrl\" srcset=\"https:\/\/radiorevelacionfm.cl\/wp-content\/uploads\/2021\/12\/feria-de-empleo-1-2_optimized.jpg 800w, https:\/\/radiorevelacionfm.cl\/wp-content\/uploads\/2021\/12\/feria-de-empleo-1-2_optimized-300x225.jpg 300w, https:\/\/radiorevelacionfm.cl\/wp-content\/uploads\/2021\/12\/feria-de-empleo-1-2_optimized-768x576.jpg 768w, https:\/\/radiorevelacionfm.cl\/wp-content\/uploads\/2021\/12\/feria-de-empleo-1-2_optimized-705x529.jpg 705w, https:\/\/radiorevelacionfm.cl\/wp-content\/uploads\/2021\/12\/feria-de-empleo-1-2_optimized-600x450.jpg 600w\" sizes=\"(max-width: 800px) 100vw, 800px\" \/><\/div><\/div><\/div><\/div><div class=\"flex_column av_one_full  flex_column_div av-zero-column-padding first  avia-builder-el-2  el_after_av_one_full  el_before_av_one_full  column-top-margin\" style='border-radius:0px; '><section class=\"av_textblock_section \"  itemscope=\"itemscope\" itemtype=\"https:\/\/schema.org\/BlogPosting\" itemprop=\"blogPost\" ><div class='avia_textblock  '   itemprop=\"text\" ><p style=\"text-align: center;\"><span style=\"font-size: 18pt;\"><b><span lang=\"ES\">SENCE Ays\u00e9n destaca participaci\u00f3n en la Feria de Empleo Presencial<\/span><\/b><\/span><\/p>\n<div id=\"gtx-trans\" style=\"position: absolute; left: -50px; top: 4.31534px;\">\n<div class=\"gtx-trans-icon\"><\/div>\n<\/div>\n<\/div><\/section><\/div><div class=\"flex_column av_one_full  flex_column_div av-zero-column-padding first  avia-builder-el-4  el_after_av_one_full  el_before_av_hr  column-top-margin\" style='border-radius:0px; '><section class=\"av_textblock_section \"  itemscope=\"itemscope\" itemtype=\"https:\/\/schema.org\/BlogPosting\" itemprop=\"blogPost\" ><div class='avia_textblock  '   itemprop=\"text\" ><p class=\"v1MsoNormal\" style=\"text-align: justify;\"><span lang=\"ES\">El jueves 9 de diciembre en la capital regional, Coyhaique, el Servicio Nacional de Capacitaci\u00f3n y Empleo, SENCE, despu\u00e9s de 2 a\u00f1os, llev\u00f3 a cabo una feria de Empleo presencial, en la cual se ofrecieron m\u00e1s de 350 puestos de trabajo, en la que participaron 25 empresas nacionales con presencia regional, adem\u00e1s de varias pymes a trav\u00e9s de Sercotec y del Centro de Negocios. Se calcularon m\u00e1s de 1.000 asistentes y 152 postulaciones a puestos de trabajo en el mismo lugar.<\/span><\/p>\n<p class=\"v1MsoNormal\" style=\"text-align: justify;\"><span lang=\"ES\">Esta iniciativa se enmarca en la agenda de reactivaci\u00f3n laboral que est\u00e1 impulsando el Ministerio del Trabajo y Previsi\u00f3n Social con sus servicios dependientes, en este caso SENCE, el que a su vez est\u00e1 a cargo de los incentivos laborales tanto para las Empresas y PYMES, con el Subsidio al Empleo en sus l\u00edneas Contrata y Regresa, y para los trabajadores y Trabajadoras a con el IFE Laboral, que se acaba de extender hasta marzo del 2022, adem\u00e1s del Subsidio Protege para madres o cuidadores de ni\u00f1os\/as menores de 2 a\u00f1os.<\/span><\/p>\n<p class=\"v1MsoNormal\" style=\"text-align: justify;\"><span lang=\"ES\">Para la Directora Regional del SENCE, Katherine Kingma, este tipo de apoyos laborales son muy importantes, sobre todo en la regi\u00f3n y en esta fecha \u00abLa pol\u00edtica del SENCE es apoyar a nuestros trabajadores y trabajadoras con capacitaciones pertinentes para que puedan mejorar sus competencias y tambi\u00e9n en algunos casos buscar un nuevo empleo, y esto va de la mano con las ferias laborales, poner a disposici\u00f3n ofertas laborales y apoyar tanto a las empresas como a los trabajadores\/as, quienes son nuestros usuarios. En la feria laboral que realizamos recientemente en Coyhaique, logramos hacer ese cruce y la verdad es que estamos muy conformes por la convocatoria y el compromiso del empresariado y las PYMES, ya que participaron con ofertas claras y con buenos salarios y logramos reactivar el trabajo en nuestra regi\u00f3n\u00bb concluy\u00f3.<\/span><\/p>\n<p class=\"v1MsoNormal\" style=\"text-align: justify;\"><span lang=\"ES\">Por su parte, la Seremi del Trabajo y Previsi\u00f3n Social, Andrea Ponce, mencion\u00f3 \u00abTenemos que recordar que en diciembre del a\u00f1o 2020 el desempleo estaba en 6,8% en la regi\u00f3n de Ays\u00e9n y en este a\u00f1o, el 2021 la regi\u00f3n presenta un 3,8% de desempleo, lo que son n\u00fameros muy buenos, de \u00e9poca pre pandemia, y que van de la mano con la ayuda estatal y sobre todo, con los apoyos del SENCE, ya que el IFE Laboral en la regi\u00f3n de Ays\u00e9n ya ha beneficiado a un total de 2.464 trabajadores, siendo 1.135 mujeres y 1329 hombres, lo que nos indica que el empleo se ha ido reactivando de manera equitativa entre hombres y mujeres y, claramente, esta feria laboral que acabamos de realizar complementa a\u00fan m\u00e1s el apoyo en materia laboral.<\/span><\/p>\n<p class=\"v1MsoNormal\" style=\"text-align: justify;\"><span lang=\"ES\">En la Feria Laboral se entreg\u00f3 capacitaci\u00f3n sobre confecci\u00f3n de curr\u00edculum, apresto o preparaci\u00f3n para una entrevista laboral, entre otros temas. Para conocer m\u00e1s sobre los apoyos laborales y las capacitaciones gratuitas de SENCE, pueden ingresar en <\/span><a href=\"http:\/\/www.sence.cl\/\" target=\"_blank\" rel=\"noopener noreferrer\"><span lang=\"ES\">www.sence.cl<\/span><\/a><span lang=\"ES\"> o acercarse de manera presencial, tomando los resguardos sanitarios a nuestros canales de atenci\u00f3n en Coyhaique y las capitales provinciales de la regi\u00f3n de Ays\u00e9n. \u00a0<\/span><\/p>\n<\/div><\/section><\/div><div  style='height:50px' class='hr hr-invisible   avia-builder-el-6  el_after_av_one_full  el_before_av_social_share '><span class='hr-inner ' ><span class='hr-inner-style'><\/span><\/span><\/div><\/p>\n<div  class='av-social-sharing-box  avia-builder-el-7  el_after_av_hr  el_before_av_hr  '><div class='av-share-box'><h5 class='av-share-link-description av-no-toc '>Compartir esta noticia<\/h5><ul class='av-share-box-list noLightbox'><li class='av-share-link av-social-link-facebook' ><a target=\"_blank\" aria-label=\"Compartir en Facebook\" href='https:\/\/www.facebook.com\/sharer.php?u=https:\/\/radiorevelacionfm.cl\/?p=11958&#038;t=SENCE%20Ays%C3%A9n%20destaca%20participaci%C3%B3n%20en%20la%20Feria%20de%20Empleo%20Presencial' aria-hidden='false' data-av_icon='\ue8f3' data-av_iconfont='entypo-fontello' title='' data-avia-related-tooltip='Compartir en Facebook' rel=\"noopener\"><span class='avia_hidden_link_text'>Compartir en Facebook<\/span><\/a><\/li><li class='av-share-link av-social-link-twitter' ><a target=\"_blank\" aria-label=\"Compartir en Twitter\" href='https:\/\/twitter.com\/share?text=SENCE%20Ays%C3%A9n%20destaca%20participaci%C3%B3n%20en%20la%20Feria%20de%20Empleo%20Presencial&#038;url=https:\/\/radiorevelacionfm.cl\/?p=11958' aria-hidden='false' data-av_icon='\ue8f1' data-av_iconfont='entypo-fontello' title='' data-avia-related-tooltip='Compartir en Twitter' rel=\"noopener\"><span class='avia_hidden_link_text'>Compartir en Twitter<\/span><\/a><\/li><li class='av-share-link av-social-link-whatsapp' ><a target=\"_blank\" aria-label=\"Compartir en Whatsapp\" href='https:\/\/api.whatsapp.com\/send?text=https:\/\/radiorevelacionfm.cl\/?p=11958' aria-hidden='false' data-av_icon='\uf232' data-av_iconfont='entypo-fontello' title='' data-avia-related-tooltip='Compartir en Whatsapp' rel=\"noopener\"><span class='avia_hidden_link_text'>Compartir en Whatsapp<\/span><\/a><\/li><li class='av-share-link av-social-link-linkedin' ><a target=\"_blank\" aria-label=\"Compartir en LinkedIn\" href='https:\/\/linkedin.com\/shareArticle?mini=true&#038;title=SENCE%20Ays%C3%A9n%20destaca%20participaci%C3%B3n%20en%20la%20Feria%20de%20Empleo%20Presencial&#038;url=https:\/\/radiorevelacionfm.cl\/?p=11958' aria-hidden='false' data-av_icon='\ue8fc' data-av_iconfont='entypo-fontello' title='' data-avia-related-tooltip='Compartir en LinkedIn' rel=\"noopener\"><span class='avia_hidden_link_text'>Compartir en LinkedIn<\/span><\/a><\/li><li class='av-share-link av-social-link-mail' ><a  aria-label=\"Compartir por correo\" href='mailto:?subject=SENCE%20Ays%C3%A9n%20destaca%20participaci%C3%B3n%20en%20la%20Feria%20de%20Empleo%20Presencial&#038;body=https:\/\/radiorevelacionfm.cl\/?p=11958' aria-hidden='false' data-av_icon='\ue805' data-av_iconfont='entypo-fontello' title='' data-avia-related-tooltip='Compartir por correo'><span class='avia_hidden_link_text'>Compartir por correo<\/span><\/a><\/li><\/ul><\/div><\/div>\n<div  style='height:50px' class='hr hr-invisible   avia-builder-el-8  el_after_av_social_share  el_before_av_comments_list '><span class='hr-inner ' ><span class='hr-inner-style'><\/span><\/span><\/div>\n<div  class='av-buildercomment  av-blog-meta-html-info-disabled av-blog-meta-tag-disabled  '><\/div>\n","protected":false},"excerpt":{"rendered":"","protected":false},"author":1,"featured_media":11959,"comment_status":"open","ping_status":"open","sticky":false,"template":"","format":"standard","meta":{"footnotes":""},"categories":[56],"tags":[],"class_list":["post-11958","post","type-post","status-publish","format-standard","has-post-thumbnail","hentry","category-trabajo"],"jetpack_featured_media_url":"https:\/\/radiorevelacionfm.cl\/wp-content\/uploads\/2021\/12\/feria-de-empleo-1-2_optimized.jpg","_links":{"self":[{"href":"https:\/\/radiorevelacionfm.cl\/index.php?rest_route=\/wp\/v2\/posts\/11958","targetHints":{"allow":["GET"]}}],"collection":[{"href":"https:\/\/radiorevelacionfm.cl\/index.php?rest_route=\/wp\/v2\/posts"}],"about":[{"href":"https:\/\/radiorevelacionfm.cl\/index.php?rest_route=\/wp\/v2\/types\/post"}],"author":[{"embeddable":true,"href":"https:\/\/radiorevelacionfm.cl\/index.php?rest_route=\/wp\/v2\/users\/1"}],"replies":[{"embeddable":true,"href":"https:\/\/radiorevelacionfm.cl\/index.php?rest_route=%2Fwp%2Fv2%2Fcomments&post=11958"}],"version-history":[{"count":2,"href":"https:\/\/radiorevelacionfm.cl\/index.php?rest_route=\/wp\/v2\/posts\/11958\/revisions"}],"predecessor-version":[{"id":11995,"href":"https:\/\/radiorevelacionfm.cl\/index.php?rest_route=\/wp\/v2\/posts\/11958\/revisions\/11995"}],"wp:featuredmedia":[{"embeddable":true,"href":"https:\/\/radiorevelacionfm.cl\/index.php?rest_route=\/wp\/v2\/media\/11959"}],"wp:attachment":[{"href":"https:\/\/radiorevelacionfm.cl\/index.php?rest_route=%2Fwp%2Fv2%2Fmedia&parent=11958"}],"wp:term":[{"taxonomy":"category","embeddable":true,"href":"https:\/\/radiorevelacionfm.cl\/index.php?rest_route=%2Fwp%2Fv2%2Fcategories&post=11958"},{"taxonomy":"post_tag","embeddable":true,"href":"https:\/\/radiorevelacionfm.cl\/index.php?rest_route=%2Fwp%2Fv2%2Ftags&post=11958"}],"curies":[{"name":"wp","href":"https:\/\/api.w.org\/{rel}","templated":true}]}}