{"id":11954,"date":"2021-12-16T16:59:48","date_gmt":"2021-12-16T19:59:48","guid":{"rendered":"https:\/\/radiorevelacionfm.cl\/?p=11954"},"modified":"2021-12-16T16:59:48","modified_gmt":"2021-12-16T19:59:48","slug":"inauguran-oficina-modular-del-registro-civil-en-raul-marin-balmaceda","status":"publish","type":"post","link":"https:\/\/radiorevelacionfm.cl\/?p=11954","title":{"rendered":"Inauguran oficina modular del Registro Civil en Ra\u00fal Mar\u00edn Balmaceda"},"content":{"rendered":"<div class=\"flex_column av_one_full  flex_column_div av-zero-column-padding first  avia-builder-el-0  el_before_av_one_full  avia-builder-el-first  \" style='border-radius:0px; '><div  class='avia-image-container  av-styling-    avia-builder-el-1  avia-builder-el-no-sibling  avia-align-center '  itemprop=\"image\" itemscope=\"itemscope\" itemtype=\"https:\/\/schema.org\/ImageObject\"  ><div class='avia-image-container-inner'><div class='avia-image-overlay-wrap'><img decoding=\"async\" class='wp-image-11955 avia-img-lazy-loading-not-11955 avia_image' src=\"https:\/\/radiorevelacionfm.cl\/wp-content\/uploads\/2021\/12\/image-2_optimized.jpeg\" alt='' title='image-2_optimized' height=\"600\" width=\"800\"  itemprop=\"thumbnailUrl\" srcset=\"https:\/\/radiorevelacionfm.cl\/wp-content\/uploads\/2021\/12\/image-2_optimized.jpeg 800w, https:\/\/radiorevelacionfm.cl\/wp-content\/uploads\/2021\/12\/image-2_optimized-300x225.jpeg 300w, https:\/\/radiorevelacionfm.cl\/wp-content\/uploads\/2021\/12\/image-2_optimized-768x576.jpeg 768w, https:\/\/radiorevelacionfm.cl\/wp-content\/uploads\/2021\/12\/image-2_optimized-705x529.jpeg 705w, https:\/\/radiorevelacionfm.cl\/wp-content\/uploads\/2021\/12\/image-2_optimized-600x450.jpeg 600w\" sizes=\"(max-width: 800px) 100vw, 800px\" \/><\/div><\/div><\/div><\/div><div class=\"flex_column av_one_full  flex_column_div av-zero-column-padding first  avia-builder-el-2  el_after_av_one_full  el_before_av_one_full  column-top-margin\" style='border-radius:0px; '><section class=\"av_textblock_section \"  itemscope=\"itemscope\" itemtype=\"https:\/\/schema.org\/BlogPosting\" itemprop=\"blogPost\" ><div class='avia_textblock  '   itemprop=\"text\" ><p style=\"text-align: center;\"><span style=\"font-size: 18pt;\"><strong>Inauguran oficina modular del Registro Civil en Ra\u00fal Mar\u00edn Balmaceda<\/strong><\/span><\/p>\n<div id=\"gtx-trans\" style=\"position: absolute; left: -50px; top: 4.31534px;\">\n<div class=\"gtx-trans-icon\"><\/div>\n<\/div>\n<\/div><\/section><\/div><div class=\"flex_column av_one_full  flex_column_div av-zero-column-padding first  avia-builder-el-4  el_after_av_one_full  el_before_av_hr  column-top-margin\" style='border-radius:0px; '><section class=\"av_textblock_section \"  itemscope=\"itemscope\" itemtype=\"https:\/\/schema.org\/BlogPosting\" itemprop=\"blogPost\" ><div class='avia_textblock  '   itemprop=\"text\" ><p style=\"text-align: justify;\">Cumpliendo con un anhelo que por a\u00f1os ten\u00eda la comunidad de Ra\u00fal Mar\u00edn Balmaceda, recientemente fue inaugurada la oficina modular del Servicio de Registro Civil e Identificaci\u00f3n, espacio f\u00edsico que permitir\u00e1 una atenci\u00f3n m\u00e1s expedita, y cumpliendo con el est\u00e1ndar de las oficinas a nivel nacional. Dicha ceremonia cont\u00f3 con la presencia del Seremi de Justicia y DD.HH Luis Prieto, el Alcalde de la comuna de Cisnes Francisco Roncagliolo y el Director Regional del Servicio DE Registro Civil e Identificaci\u00f3n Rodrigo Aguilera, los concejales Larry Letcher y Cristian Jaramillo e invitados especiales.<\/p>\n<p style=\"text-align: justify;\">Se trata de un espacio de 15,02 metros cuadrados dise\u00f1ados y distribuidos en espacios para la atenci\u00f3n, instancia que fue altamente valorada por los usuarios del servicio, dado que no contaban con un espacio propio donde atender las necesidades de todos los habitantes de la localidad.<\/p>\n<p style=\"text-align: justify;\">El alcalde de la comuna de Cisnes, Francisco Roncagliolo relev\u00f3 la importancia de contar con esta oficina en la localidad se\u00f1alando que \u201ccomo comuna estamos muy contentos que podamos seguir avanzando con el Registro Civil, es un servicio que tiene un gran apoyo a la comunidad por la cantidad de certificados, por los registros que lleva, y siempre es importante contar con un punto de atenci\u00f3n de muy buena calidad en la zona, y hoy en Ra\u00fal Mar\u00edn Balmaceda se ha cumplido un anhelo de la comunidad que era precisamente tener una oficina instalada, operativa y funcionando, y que entregue los servicios que se prestan en todas las oficinas del Registro Civil, as\u00ed que muy contento por este logro y por este avance\u201d.<\/p>\n<p style=\"text-align: justify;\">En tanto, el Seremi de Justicia y DD.HH Luis Prieto indic\u00f3 que \u201ca pesar de las restricciones presupuestarias en estos tiempos de pandemia, la Direcci\u00f3n Regional del Registro Civil ha logrado levantar varias iniciativas de infraestructura con recursos sectoriales, las cuales adem\u00e1s han tenido la virtud de tener un componente de descentralizaci\u00f3n, ya que a esta oficina modular en Ra\u00fal Mar\u00edn Balmaceda, se suman las inversiones realizadas en las oficinas de La Junta, Iba\u00f1ez, La Tapera, Balmaceda y Puyuhuapi, logrando de ese modo que nuestros vecinos de estas localidades accedan al m\u00e1s alto est\u00e1ndar de infraestructura del Servicio\u201d.<\/p>\n<p style=\"text-align: justify;\">Finalmente, el Director Regional del Servicio de Registro Civil e Identificaci\u00f3n, Rodrigo Aguilera manifest\u00f3 que \u201cestamos muy contentos como Registro Civil de poder entregar esta oficina modular a la comunidad de Ra\u00fal Mar\u00edn Balmaceda, esta oficina represent\u00f3 una inversi\u00f3n de aproximadamente 18 millones de pesos y viene a satisfacer una necesidad que tiene esta localidad, de un lugar m\u00e1s apropiado para atender a nuestros usuarios, y donde vamos a poder regularizar nuestras atenciones desde la Junta a la localidad, as\u00ed que muy feliz por Ra\u00fal Mar\u00edn Balmaceda\u201d.<\/p>\n<\/div><\/section><\/div><div  style='height:50px' class='hr hr-invisible   avia-builder-el-6  el_after_av_one_full  el_before_av_social_share '><span class='hr-inner ' ><span class='hr-inner-style'><\/span><\/span><\/div><\/p>\n<div  class='av-social-sharing-box  avia-builder-el-7  el_after_av_hr  el_before_av_hr  '><div class='av-share-box'><h5 class='av-share-link-description av-no-toc '>Compartir esta noticia<\/h5><ul class='av-share-box-list noLightbox'><li class='av-share-link av-social-link-facebook' ><a target=\"_blank\" aria-label=\"Compartir en Facebook\" href='https:\/\/www.facebook.com\/sharer.php?u=https:\/\/radiorevelacionfm.cl\/?p=11954&#038;t=Inauguran%20oficina%20modular%20del%20Registro%20Civil%20en%20Ra%C3%BAl%20Mar%C3%ADn%20Balmaceda' aria-hidden='false' data-av_icon='\ue8f3' data-av_iconfont='entypo-fontello' title='' data-avia-related-tooltip='Compartir en Facebook' rel=\"noopener\"><span class='avia_hidden_link_text'>Compartir en Facebook<\/span><\/a><\/li><li class='av-share-link av-social-link-twitter' ><a target=\"_blank\" aria-label=\"Compartir en Twitter\" href='https:\/\/twitter.com\/share?text=Inauguran%20oficina%20modular%20del%20Registro%20Civil%20en%20Ra%C3%BAl%20Mar%C3%ADn%20Balmaceda&#038;url=https:\/\/radiorevelacionfm.cl\/?p=11954' aria-hidden='false' data-av_icon='\ue8f1' data-av_iconfont='entypo-fontello' title='' data-avia-related-tooltip='Compartir en Twitter' rel=\"noopener\"><span class='avia_hidden_link_text'>Compartir en Twitter<\/span><\/a><\/li><li class='av-share-link av-social-link-whatsapp' ><a target=\"_blank\" aria-label=\"Compartir en Whatsapp\" href='https:\/\/api.whatsapp.com\/send?text=https:\/\/radiorevelacionfm.cl\/?p=11954' aria-hidden='false' data-av_icon='\uf232' data-av_iconfont='entypo-fontello' title='' data-avia-related-tooltip='Compartir en Whatsapp' rel=\"noopener\"><span class='avia_hidden_link_text'>Compartir en Whatsapp<\/span><\/a><\/li><li class='av-share-link av-social-link-linkedin' ><a target=\"_blank\" aria-label=\"Compartir en LinkedIn\" href='https:\/\/linkedin.com\/shareArticle?mini=true&#038;title=Inauguran%20oficina%20modular%20del%20Registro%20Civil%20en%20Ra%C3%BAl%20Mar%C3%ADn%20Balmaceda&#038;url=https:\/\/radiorevelacionfm.cl\/?p=11954' aria-hidden='false' data-av_icon='\ue8fc' data-av_iconfont='entypo-fontello' title='' data-avia-related-tooltip='Compartir en LinkedIn' rel=\"noopener\"><span class='avia_hidden_link_text'>Compartir en LinkedIn<\/span><\/a><\/li><li class='av-share-link av-social-link-mail' ><a  aria-label=\"Compartir por correo\" href='mailto:?subject=Inauguran%20oficina%20modular%20del%20Registro%20Civil%20en%20Ra%C3%BAl%20Mar%C3%ADn%20Balmaceda&#038;body=https:\/\/radiorevelacionfm.cl\/?p=11954' aria-hidden='false' data-av_icon='\ue805' data-av_iconfont='entypo-fontello' title='' data-avia-related-tooltip='Compartir por correo'><span class='avia_hidden_link_text'>Compartir por correo<\/span><\/a><\/li><\/ul><\/div><\/div>\n<div  style='height:50px' class='hr hr-invisible   avia-builder-el-8  el_after_av_social_share  el_before_av_comments_list '><span class='hr-inner ' ><span class='hr-inner-style'><\/span><\/span><\/div>\n<div  class='av-buildercomment  av-blog-meta-html-info-disabled av-blog-meta-tag-disabled  '><\/div>\n","protected":false},"excerpt":{"rendered":"","protected":false},"author":1,"featured_media":11955,"comment_status":"open","ping_status":"open","sticky":false,"template":"","format":"standard","meta":{"footnotes":""},"categories":[38],"tags":[],"class_list":["post-11954","post","type-post","status-publish","format-standard","has-post-thumbnail","hentry","category-regional"],"jetpack_featured_media_url":"https:\/\/radiorevelacionfm.cl\/wp-content\/uploads\/2021\/12\/image-2_optimized.jpeg","_links":{"self":[{"href":"https:\/\/radiorevelacionfm.cl\/index.php?rest_route=\/wp\/v2\/posts\/11954","targetHints":{"allow":["GET"]}}],"collection":[{"href":"https:\/\/radiorevelacionfm.cl\/index.php?rest_route=\/wp\/v2\/posts"}],"about":[{"href":"https:\/\/radiorevelacionfm.cl\/index.php?rest_route=\/wp\/v2\/types\/post"}],"author":[{"embeddable":true,"href":"https:\/\/radiorevelacionfm.cl\/index.php?rest_route=\/wp\/v2\/users\/1"}],"replies":[{"embeddable":true,"href":"https:\/\/radiorevelacionfm.cl\/index.php?rest_route=%2Fwp%2Fv2%2Fcomments&post=11954"}],"version-history":[{"count":2,"href":"https:\/\/radiorevelacionfm.cl\/index.php?rest_route=\/wp\/v2\/posts\/11954\/revisions"}],"predecessor-version":[{"id":11957,"href":"https:\/\/radiorevelacionfm.cl\/index.php?rest_route=\/wp\/v2\/posts\/11954\/revisions\/11957"}],"wp:featuredmedia":[{"embeddable":true,"href":"https:\/\/radiorevelacionfm.cl\/index.php?rest_route=\/wp\/v2\/media\/11955"}],"wp:attachment":[{"href":"https:\/\/radiorevelacionfm.cl\/index.php?rest_route=%2Fwp%2Fv2%2Fmedia&parent=11954"}],"wp:term":[{"taxonomy":"category","embeddable":true,"href":"https:\/\/radiorevelacionfm.cl\/index.php?rest_route=%2Fwp%2Fv2%2Fcategories&post=11954"},{"taxonomy":"post_tag","embeddable":true,"href":"https:\/\/radiorevelacionfm.cl\/index.php?rest_route=%2Fwp%2Fv2%2Ftags&post=11954"}],"curies":[{"name":"wp","href":"https:\/\/api.w.org\/{rel}","templated":true}]}}