{"id":11950,"date":"2021-12-16T16:10:42","date_gmt":"2021-12-16T19:10:42","guid":{"rendered":"https:\/\/radiorevelacionfm.cl\/?p=11950"},"modified":"2021-12-16T16:10:42","modified_gmt":"2021-12-16T19:10:42","slug":"taller-laboral-patagonia-reinaugura-su-sede-con-nuevo-equipamiento-y-mejoras-en-sus-instalaciones","status":"publish","type":"post","link":"https:\/\/radiorevelacionfm.cl\/?p=11950","title":{"rendered":"Taller Laboral Patagonia reinaugura su sede con nuevo equipamiento y mejoras en sus instalaciones"},"content":{"rendered":"<div class=\"flex_column av_one_full  flex_column_div av-zero-column-padding first  avia-builder-el-0  el_before_av_one_full  avia-builder-el-first  \" style='border-radius:0px; '><div  class='avia-image-container  av-styling-    avia-builder-el-1  avia-builder-el-no-sibling  avia-align-center '  itemprop=\"image\" itemscope=\"itemscope\" itemtype=\"https:\/\/schema.org\/ImageObject\"  ><div class='avia-image-container-inner'><div class='avia-image-overlay-wrap'><img decoding=\"async\" class='wp-image-11951 avia-img-lazy-loading-not-11951 avia_image' src=\"https:\/\/radiorevelacionfm.cl\/wp-content\/uploads\/2021\/12\/3-3-2.jpg\" alt='' title='3-3-2' height=\"600\" width=\"1023\"  itemprop=\"thumbnailUrl\" srcset=\"https:\/\/radiorevelacionfm.cl\/wp-content\/uploads\/2021\/12\/3-3-2.jpg 1023w, https:\/\/radiorevelacionfm.cl\/wp-content\/uploads\/2021\/12\/3-3-2-300x176.jpg 300w, https:\/\/radiorevelacionfm.cl\/wp-content\/uploads\/2021\/12\/3-3-2-768x450.jpg 768w, https:\/\/radiorevelacionfm.cl\/wp-content\/uploads\/2021\/12\/3-3-2-705x413.jpg 705w, https:\/\/radiorevelacionfm.cl\/wp-content\/uploads\/2021\/12\/3-3-2-600x352.jpg 600w\" sizes=\"(max-width: 1023px) 100vw, 1023px\" \/><\/div><\/div><\/div><\/div><div class=\"flex_column av_one_full  flex_column_div av-zero-column-padding first  avia-builder-el-2  el_after_av_one_full  el_before_av_one_full  column-top-margin\" style='border-radius:0px; '><section class=\"av_textblock_section \"  itemscope=\"itemscope\" itemtype=\"https:\/\/schema.org\/BlogPosting\" itemprop=\"blogPost\" ><div class='avia_textblock  '   itemprop=\"text\" ><p style=\"text-align: center;\"><span style=\"font-size: 18pt;\"><strong>Taller Laboral Patagonia reinaugura su sede con nuevo equipamiento y mejoras en sus instalaciones<\/strong><\/span><\/p>\n<div id=\"gtx-trans\" style=\"position: absolute; left: -50px; top: 4.31534px;\">\n<div class=\"gtx-trans-icon\"><\/div>\n<\/div>\n<\/div><\/section><\/div><div class=\"flex_column av_one_full  flex_column_div av-zero-column-padding first  avia-builder-el-4  el_after_av_one_full  el_before_av_hr  column-top-margin\" style='border-radius:0px; '><section class=\"av_textblock_section \"  itemscope=\"itemscope\" itemtype=\"https:\/\/schema.org\/BlogPosting\" itemprop=\"blogPost\" ><div class='avia_textblock  '   itemprop=\"text\" ><p style=\"text-align: justify;\">Hasta el Taller Laboral Patagonia llegaron la Embajadora de Turqu\u00eda en Chile, G\u00fclcan Ako\u011fuz; el Director Nacional del FOSIS, Felipe Bettancourt; el Seremi de Desarrollo Social y Familia, Marcelo J\u00e9lvez; y la Directora Regional del FOSIS, Dominique Br\u00e4utigam, para reunirse con apoderados y representantes de esta organizaci\u00f3n y reinaugurar su sede.<\/p>\n<p style=\"text-align: justify;\">En la oportunidad, pudieron conocer las maquinarias y herramientas de \u00faltima generaci\u00f3n y las mejoras en infraestructura realizadas gracias al proyecto financiado por la Agencia Turca de Cooperaci\u00f3n y Coordinaci\u00f3n, TIKA, y patrocinado por el Fondo de Solidaridad e Inversi\u00f3n Social, FOSIS, por el que la agrupaci\u00f3n recibi\u00f3 $33 millones.<\/p>\n<p style=\"text-align: justify;\">El Director Nacional del FOSIS, Felipe Bettancourt, asegur\u00f3 que \u201cestamos muy contentos de poder haber sido un puente entre la cooperaci\u00f3n internacional del Gobierno turco a trav\u00e9s de TIKA y el Taller Laboral Patagonia, que apoya a j\u00f3venes y adultos en su proceso de reinserci\u00f3n y desarrollo respecto a producir servicios y productos que pueden ayudar a la comunidad. Este puente que pudo ser el FOSIS al conectar estos dos mundos, es muy provechos y es algo que buscamos a trav\u00e9s de todas nuestra alianzas p\u00fablico privadas y a trav\u00e9s tambi\u00e9n de la cooperaci\u00f3n internacional\u201d.<\/p>\n<p style=\"text-align: justify;\">El Taller Laboral Patagonia naci\u00f3 en 1978 y est\u00e1 integrado por 15 j\u00f3venes y adultos con necesidades educativas especiales que se dedican a la venta de productos de reposter\u00eda como galletas, brownies, queques, roscas y empanadas entre otros. Tambi\u00e9n ofrecen el servicio de coffee break o c\u00f3ctel para actividades p\u00fablicas y eventos. Durante 2021, TIKA, se acerc\u00f3 al FOSIS para invitarlos a participar de las postulaciones a su fondo de apoyo a proyectos en Am\u00e9rica Latina. El FOSIS en la regi\u00f3n de Ays\u00e9n con apoyo del Taller Laboral formul\u00f3 este proyecto y fue seleccionada.<\/p>\n<p style=\"text-align: justify;\">G\u00fclcan Ako\u011fuz, Embajadora de Turqu\u00eda en Chile, destac\u00f3 que \u201cTIKA apoya a organizaciones similares en otros pa\u00edses y en Chile la cooperaci\u00f3n es entre TIKA y AGCI. En esta ocasi\u00f3n ellos cooperaron con el FOSIS para la renovaci\u00f3n de este centro orientado a personas con discapacidad de la Patagonia. Estamos muy felices que TIKA entregue la asistencia y recursos para la renovaci\u00f3n de este hermoso proyecto\u201d.<\/p>\n<p style=\"text-align: justify;\">Las mejoras en la infraestructura del Taller Laboral Patagonia incluyeron instalaci\u00f3n el\u00e9ctrica, remodelaci\u00f3n de ba\u00f1os, puertas, ventanas termopanel, hall de acceso, implementaci\u00f3n de una sala de ventas, revestimiento de piso, pintura interior del edificio, sello de cubierta y ca\u00edda de agua junto con una bodega nueva. La adquisici\u00f3n de equipamiento permiti\u00f3 financiar una campana mural, extractor de aire, licuadora, revolvedoras, amasadoras, sobadora, horno, mes\u00f3n, visicooler, mes\u00f3n refrigerado, freidora, ba\u00f1o mar\u00eda, batidora, cocina, congelador y vitrina exhibidora<\/p>\n<p style=\"text-align: justify;\">Alejandra Canum\u00e1n, presidenta del Taller Laboral Patagonia, coment\u00f3 que el proyecto ha sido para ellos \u201cun sue\u00f1o cumplido. Si bien este centro de padres es una entidad privada, para nosotros era un sue\u00f1o ver todas esas instalaciones mejoradas, arregladas, con maquinaria nueva, un punto de venta que jam\u00e1s hubi\u00e9semos podido hacer, por m\u00e1s beneficios que hici\u00e9ramos o por m\u00e1s proyectos que hubi\u00e9semos postulado. Esto complet\u00f3 todo lo que necesit\u00e1bamos. Estamos contentos porque vamos a poder elaborar m\u00e1s productos y vamos a tener un lugar donde poder venderlos. Agradecer al Gobierno turco junto al FOSIS que nos ayudaron para que esto sea posible y lograr concretar todas las mejoras\u201d.<\/p>\n<p style=\"text-align: justify;\">La Directora Regional del FOSIS, Dominique Br\u00e4utigam, manifest\u00f3 que \u00abestamos muy orgullosos de esta iniciativa y de la colaboraci\u00f3n del Gobierno turco. Gracias al proyecto se generan nuevas y m\u00e1s oportunidades para potenciar las ventas de las personas con discapacidad, que son usuarios del Taller Laboral Patagonia. Ahora se dispone de m\u00e1quinas que van a permitir realizar venta de productos al por mayor y promover la productividad de lo que se realiza en el taller, mejorando la calidad de vida de las personas con discapacidad, promoviendo la inclusi\u00f3n laboral de los usuarios y familias beneficiarias de este taller que est\u00e1 presente en la regi\u00f3n de Ays\u00e9n.\u00bb<\/p>\n<p style=\"text-align: justify;\">Marcelo J\u00e9lvez, Seremi de Desarrollo Social y Familia, recalc\u00f3 que \u00abesto marca un antes y un despu\u00e9s del Taller Laboral Patagonia en cuanto a su infraestructura. Quiero reconocer que esta directiva, liderada por Alejandra y Rosita, asumi\u00f3 el a\u00f1o 2019 con harto esfuerzo y muchas ganas de hacer cosas. Hoy, gracias al enlace del FOSIS, a sus buenos oficios y a los profesionales del Ministerio de Desarrollo Social y Familia, que estamos constantemente buscando socios estrat\u00e9gicos para apoyar este tipo de proyectos, podemos concretar sue\u00f1os tan importantes como el que hoy vemos reflejado en este taller.\u00bb<\/p>\n<\/div><\/section><\/div><div  style='height:50px' class='hr hr-invisible   avia-builder-el-6  el_after_av_one_full  el_before_av_social_share '><span class='hr-inner ' ><span class='hr-inner-style'><\/span><\/span><\/div><\/p>\n<div  class='av-social-sharing-box  avia-builder-el-7  el_after_av_hr  el_before_av_hr  '><div class='av-share-box'><h5 class='av-share-link-description av-no-toc '>Compartir esta noticia<\/h5><ul class='av-share-box-list noLightbox'><li class='av-share-link av-social-link-facebook' ><a target=\"_blank\" aria-label=\"Compartir en Facebook\" href='https:\/\/www.facebook.com\/sharer.php?u=https:\/\/radiorevelacionfm.cl\/?p=11950&#038;t=Taller%20Laboral%20Patagonia%20reinaugura%20su%20sede%20con%20nuevo%20equipamiento%20y%20mejoras%20en%20sus%20instalaciones' aria-hidden='false' data-av_icon='\ue8f3' data-av_iconfont='entypo-fontello' title='' data-avia-related-tooltip='Compartir en Facebook' rel=\"noopener\"><span class='avia_hidden_link_text'>Compartir en Facebook<\/span><\/a><\/li><li class='av-share-link av-social-link-twitter' ><a target=\"_blank\" aria-label=\"Compartir en Twitter\" href='https:\/\/twitter.com\/share?text=Taller%20Laboral%20Patagonia%20reinaugura%20su%20sede%20con%20nuevo%20equipamiento%20y%20mejoras%20en%20sus%20instalaciones&#038;url=https:\/\/radiorevelacionfm.cl\/?p=11950' aria-hidden='false' data-av_icon='\ue8f1' data-av_iconfont='entypo-fontello' title='' data-avia-related-tooltip='Compartir en Twitter' rel=\"noopener\"><span class='avia_hidden_link_text'>Compartir en Twitter<\/span><\/a><\/li><li class='av-share-link av-social-link-whatsapp' ><a target=\"_blank\" aria-label=\"Compartir en Whatsapp\" href='https:\/\/api.whatsapp.com\/send?text=https:\/\/radiorevelacionfm.cl\/?p=11950' aria-hidden='false' data-av_icon='\uf232' data-av_iconfont='entypo-fontello' title='' data-avia-related-tooltip='Compartir en Whatsapp' rel=\"noopener\"><span class='avia_hidden_link_text'>Compartir en Whatsapp<\/span><\/a><\/li><li class='av-share-link av-social-link-linkedin' ><a target=\"_blank\" aria-label=\"Compartir en LinkedIn\" href='https:\/\/linkedin.com\/shareArticle?mini=true&#038;title=Taller%20Laboral%20Patagonia%20reinaugura%20su%20sede%20con%20nuevo%20equipamiento%20y%20mejoras%20en%20sus%20instalaciones&#038;url=https:\/\/radiorevelacionfm.cl\/?p=11950' aria-hidden='false' data-av_icon='\ue8fc' data-av_iconfont='entypo-fontello' title='' data-avia-related-tooltip='Compartir en LinkedIn' rel=\"noopener\"><span class='avia_hidden_link_text'>Compartir en LinkedIn<\/span><\/a><\/li><li class='av-share-link av-social-link-mail' ><a  aria-label=\"Compartir por correo\" href='mailto:?subject=Taller%20Laboral%20Patagonia%20reinaugura%20su%20sede%20con%20nuevo%20equipamiento%20y%20mejoras%20en%20sus%20instalaciones&#038;body=https:\/\/radiorevelacionfm.cl\/?p=11950' aria-hidden='false' data-av_icon='\ue805' data-av_iconfont='entypo-fontello' title='' data-avia-related-tooltip='Compartir por correo'><span class='avia_hidden_link_text'>Compartir por correo<\/span><\/a><\/li><\/ul><\/div><\/div>\n<div  style='height:50px' class='hr hr-invisible   avia-builder-el-8  el_after_av_social_share  el_before_av_comments_list '><span class='hr-inner ' ><span class='hr-inner-style'><\/span><\/span><\/div>\n<div  class='av-buildercomment  av-blog-meta-html-info-disabled av-blog-meta-tag-disabled  '><\/div>\n","protected":false},"excerpt":{"rendered":"","protected":false},"author":1,"featured_media":11951,"comment_status":"open","ping_status":"open","sticky":false,"template":"","format":"standard","meta":{"footnotes":""},"categories":[38],"tags":[],"class_list":["post-11950","post","type-post","status-publish","format-standard","has-post-thumbnail","hentry","category-regional"],"jetpack_featured_media_url":"https:\/\/radiorevelacionfm.cl\/wp-content\/uploads\/2021\/12\/3-3-2.jpg","_links":{"self":[{"href":"https:\/\/radiorevelacionfm.cl\/index.php?rest_route=\/wp\/v2\/posts\/11950","targetHints":{"allow":["GET"]}}],"collection":[{"href":"https:\/\/radiorevelacionfm.cl\/index.php?rest_route=\/wp\/v2\/posts"}],"about":[{"href":"https:\/\/radiorevelacionfm.cl\/index.php?rest_route=\/wp\/v2\/types\/post"}],"author":[{"embeddable":true,"href":"https:\/\/radiorevelacionfm.cl\/index.php?rest_route=\/wp\/v2\/users\/1"}],"replies":[{"embeddable":true,"href":"https:\/\/radiorevelacionfm.cl\/index.php?rest_route=%2Fwp%2Fv2%2Fcomments&post=11950"}],"version-history":[{"count":2,"href":"https:\/\/radiorevelacionfm.cl\/index.php?rest_route=\/wp\/v2\/posts\/11950\/revisions"}],"predecessor-version":[{"id":11953,"href":"https:\/\/radiorevelacionfm.cl\/index.php?rest_route=\/wp\/v2\/posts\/11950\/revisions\/11953"}],"wp:featuredmedia":[{"embeddable":true,"href":"https:\/\/radiorevelacionfm.cl\/index.php?rest_route=\/wp\/v2\/media\/11951"}],"wp:attachment":[{"href":"https:\/\/radiorevelacionfm.cl\/index.php?rest_route=%2Fwp%2Fv2%2Fmedia&parent=11950"}],"wp:term":[{"taxonomy":"category","embeddable":true,"href":"https:\/\/radiorevelacionfm.cl\/index.php?rest_route=%2Fwp%2Fv2%2Fcategories&post=11950"},{"taxonomy":"post_tag","embeddable":true,"href":"https:\/\/radiorevelacionfm.cl\/index.php?rest_route=%2Fwp%2Fv2%2Ftags&post=11950"}],"curies":[{"name":"wp","href":"https:\/\/api.w.org\/{rel}","templated":true}]}}