{"id":11943,"date":"2021-12-16T15:06:34","date_gmt":"2021-12-16T18:06:34","guid":{"rendered":"https:\/\/radiorevelacionfm.cl\/?p=11943"},"modified":"2021-12-16T15:06:34","modified_gmt":"2021-12-16T18:06:34","slug":"seremi-de-energia-y-sec-fiscalizan-venta-de-luces-navidenas","status":"publish","type":"post","link":"https:\/\/radiorevelacionfm.cl\/?p=11943","title":{"rendered":"Seremi de Energ\u00eda y SEC fiscalizan venta de luces navide\u00f1as"},"content":{"rendered":"<div class=\"flex_column av_one_full  flex_column_div av-zero-column-padding first  avia-builder-el-0  el_before_av_one_full  avia-builder-el-first  \" style='border-radius:0px; '><div  class='avia-image-container  av-styling-    avia-builder-el-1  avia-builder-el-no-sibling  avia-align-center '  itemprop=\"image\" itemscope=\"itemscope\" itemtype=\"https:\/\/schema.org\/ImageObject\"  ><div class='avia-image-container-inner'><div class='avia-image-overlay-wrap'><img decoding=\"async\" class='wp-image-11944 avia-img-lazy-loading-not-11944 avia_image' src=\"https:\/\/radiorevelacionfm.cl\/wp-content\/uploads\/2021\/12\/foto-1-2_optimized.jpeg\" alt='' title='foto-1--2_optimized' height=\"600\" width=\"800\"  itemprop=\"thumbnailUrl\" srcset=\"https:\/\/radiorevelacionfm.cl\/wp-content\/uploads\/2021\/12\/foto-1-2_optimized.jpeg 800w, https:\/\/radiorevelacionfm.cl\/wp-content\/uploads\/2021\/12\/foto-1-2_optimized-300x225.jpeg 300w, https:\/\/radiorevelacionfm.cl\/wp-content\/uploads\/2021\/12\/foto-1-2_optimized-768x576.jpeg 768w, https:\/\/radiorevelacionfm.cl\/wp-content\/uploads\/2021\/12\/foto-1-2_optimized-705x529.jpeg 705w, https:\/\/radiorevelacionfm.cl\/wp-content\/uploads\/2021\/12\/foto-1-2_optimized-600x450.jpeg 600w\" sizes=\"(max-width: 800px) 100vw, 800px\" \/><\/div><\/div><\/div><\/div><div class=\"flex_column av_one_full  flex_column_div av-zero-column-padding first  avia-builder-el-2  el_after_av_one_full  el_before_av_one_full  column-top-margin\" style='border-radius:0px; '><section class=\"av_textblock_section \"  itemscope=\"itemscope\" itemtype=\"https:\/\/schema.org\/BlogPosting\" itemprop=\"blogPost\" ><div class='avia_textblock  '   itemprop=\"text\" ><p style=\"text-align: center;\"><span style=\"font-size: 18pt;\"><strong>Seremi de Energ\u00eda y SEC fiscalizan venta de luces navide\u00f1as <\/strong><\/span><\/p>\n<div id=\"gtx-trans\" style=\"position: absolute; left: -50px; top: 4.31534px;\">\n<div class=\"gtx-trans-icon\"><\/div>\n<\/div>\n<\/div><\/section><\/div><div class=\"flex_column av_one_full  flex_column_div av-zero-column-padding first  avia-builder-el-4  el_after_av_one_full  el_before_av_hr  column-top-margin\" style='border-radius:0px; '><section class=\"av_textblock_section \"  itemscope=\"itemscope\" itemtype=\"https:\/\/schema.org\/BlogPosting\" itemprop=\"blogPost\" ><div class='avia_textblock  '   itemprop=\"text\" ><p style=\"text-align: justify;\">Una intensa fiscalizaci\u00f3n es la que ha estado desarrollando durante las \u00faltimas semanas la Superintendencia de Electricidad y Combustibles SEC, a lo largo del pa\u00eds para verificar que s\u00f3lo se est\u00e9n comercializando luces navide\u00f1as, alargadores o \u201czapatillas\u201d y otros productos el\u00e9ctricos, que cuenten con SELLO SEC.<\/p>\n<p style=\"text-align: justify;\">En este contexto el Seremi de Energ\u00eda de Ays\u00e9n, Juan Luis Amen\u00e1bar, junto al Director Regional SEC, Hugo Ardiles, y fiscalizadores de este organismo revisaron que los productos el\u00e9ctricos que se encuentran a la venta en el comercio local, cuenten con los requerimientos establecidos por la normativa vigente.<\/p>\n<p style=\"text-align: justify;\">Cabe destacar que la obligaci\u00f3n de certificar, y por tanto de tener SELLO SEC, es s\u00f3lo para las luces navide\u00f1as que se conectan a la red el\u00e9ctrica, por lo que aquellas que funcionan con pilas o las denominadas \u201csolares\u201d no requieren esta certificaci\u00f3n.<\/p>\n<p style=\"text-align: justify;\">Al respecto, el Seremi Amen\u00e1bar destac\u00f3 que \u201ccomo sector Energ\u00eda queremos que las familias puedan celebrar estas fiestas de fin de a\u00f1o con la mayor seguridad posible, y que nada empa\u00f1e esos momentos de felicidad y alegr\u00eda. En ese sentido, hemos acompa\u00f1ado a la SEC para verificar que en el comercio local se est\u00e9n vendiendo luces navide\u00f1as y productos el\u00e9ctricos que cuenten con su respectiva certificaci\u00f3n SEC, la que debe ser visible en el empaquetado del producto\u201d.<\/p>\n<p style=\"text-align: justify;\">Durante el a\u00f1o 2021 seg\u00fan cifras de la SEC, a nivel nacional se han certificado 399.401 unidades de guirnaldas y luces navide\u00f1as y 3.276.087 alargadores, que es un producto que tambi\u00e9n se usa bastante en esta \u00e9poca, pues muchas veces se requiere de varios enchufes para poder conectar las luces. Como resultado de las fiscalizaciones de la SEC, se han formulado cargos a 31 empresas por ingresar al pa\u00eds cerca de 400 mil luces navide\u00f1as sin certificaci\u00f3n.<\/p>\n<p style=\"text-align: justify;\">Al respecto, el Director Regional SEC indic\u00f3 que \u201cla ciudadan\u00eda tiene derecho a utilizar productos seguros, siendo el SELLO SEC el elemento que permite ratificar que un art\u00edculo cumple con las normas de seguridad vigentes. Para conocer en detalle los datos de certificaci\u00f3n de un producto que posee SELLO SEC, basta con escanear con un tel\u00e9fono celular el c\u00f3digo QR existente en la etiqueta, o ingresar en la p\u00e1gina web <a href=\"http:\/\/www.sec.cl\/\">www.sec.cl<\/a> el c\u00f3digo num\u00e9rico presente en el distintivo, que permite ver el pa\u00eds de origen, fecha de certificaci\u00f3n e informaci\u00f3n sobre el organismo que realiz\u00f3 el proceso entre otros antecedentes\u201d.<\/p>\n<p style=\"text-align: justify;\">Ardiles explic\u00f3 que se debe tener especial cuidado con la decoraci\u00f3n exterior de las viviendas, en especial cuando se trata de decoraciones que deben estar conectadas a la red el\u00e9ctrica. Para este tipo de luces o art\u00edculos que funcionan con electricidad, se debe verificar que tengan en su envase la informaci\u00f3n \u201cpara uso exterior\u201d.<\/p>\n<p style=\"text-align: justify;\">Las autoridades hicieron tambi\u00e9n un llamado al ahorro energ\u00e9tico, apagando las luces que decoran la casa cuando se sale de esta o se duerme. Con esta simple medida, las familias de Ays\u00e9n estar\u00e1n ahorrando energ\u00eda y cuidando la vida \u00fatil de estos productos el\u00e9ctricos.<\/p>\n<p style=\"text-align: justify;\">Finalmente, ante cualquier situaci\u00f3n de potencial riesgo al utilizar los energ\u00e9ticos, el llamado es a reportarlo a trav\u00e9s de la p\u00e1gina web www.sec.cl, sitio web al que se puede acceder tambi\u00e9n desde celulares.<\/p>\n<\/div><\/section><\/div><div  style='height:50px' class='hr hr-invisible   avia-builder-el-6  el_after_av_one_full  el_before_av_social_share '><span class='hr-inner ' ><span class='hr-inner-style'><\/span><\/span><\/div><\/p>\n<div  class='av-social-sharing-box  avia-builder-el-7  el_after_av_hr  el_before_av_hr  '><div class='av-share-box'><h5 class='av-share-link-description av-no-toc '>Compartir esta noticia<\/h5><ul class='av-share-box-list noLightbox'><li class='av-share-link av-social-link-facebook' ><a target=\"_blank\" aria-label=\"Compartir en Facebook\" href='https:\/\/www.facebook.com\/sharer.php?u=https:\/\/radiorevelacionfm.cl\/?p=11943&#038;t=Seremi%20de%20Energ%C3%ADa%20y%20SEC%20fiscalizan%20venta%20de%20luces%20navide%C3%B1as' aria-hidden='false' data-av_icon='\ue8f3' data-av_iconfont='entypo-fontello' title='' data-avia-related-tooltip='Compartir en Facebook' rel=\"noopener\"><span class='avia_hidden_link_text'>Compartir en Facebook<\/span><\/a><\/li><li class='av-share-link av-social-link-twitter' ><a target=\"_blank\" aria-label=\"Compartir en Twitter\" href='https:\/\/twitter.com\/share?text=Seremi%20de%20Energ%C3%ADa%20y%20SEC%20fiscalizan%20venta%20de%20luces%20navide%C3%B1as&#038;url=https:\/\/radiorevelacionfm.cl\/?p=11943' aria-hidden='false' data-av_icon='\ue8f1' data-av_iconfont='entypo-fontello' title='' data-avia-related-tooltip='Compartir en Twitter' rel=\"noopener\"><span class='avia_hidden_link_text'>Compartir en Twitter<\/span><\/a><\/li><li class='av-share-link av-social-link-whatsapp' ><a target=\"_blank\" aria-label=\"Compartir en Whatsapp\" href='https:\/\/api.whatsapp.com\/send?text=https:\/\/radiorevelacionfm.cl\/?p=11943' aria-hidden='false' data-av_icon='\uf232' data-av_iconfont='entypo-fontello' title='' data-avia-related-tooltip='Compartir en Whatsapp' rel=\"noopener\"><span class='avia_hidden_link_text'>Compartir en Whatsapp<\/span><\/a><\/li><li class='av-share-link av-social-link-linkedin' ><a target=\"_blank\" aria-label=\"Compartir en LinkedIn\" href='https:\/\/linkedin.com\/shareArticle?mini=true&#038;title=Seremi%20de%20Energ%C3%ADa%20y%20SEC%20fiscalizan%20venta%20de%20luces%20navide%C3%B1as&#038;url=https:\/\/radiorevelacionfm.cl\/?p=11943' aria-hidden='false' data-av_icon='\ue8fc' data-av_iconfont='entypo-fontello' title='' data-avia-related-tooltip='Compartir en LinkedIn' rel=\"noopener\"><span class='avia_hidden_link_text'>Compartir en LinkedIn<\/span><\/a><\/li><li class='av-share-link av-social-link-mail' ><a  aria-label=\"Compartir por correo\" href='mailto:?subject=Seremi%20de%20Energ%C3%ADa%20y%20SEC%20fiscalizan%20venta%20de%20luces%20navide%C3%B1as&#038;body=https:\/\/radiorevelacionfm.cl\/?p=11943' aria-hidden='false' data-av_icon='\ue805' data-av_iconfont='entypo-fontello' title='' data-avia-related-tooltip='Compartir por correo'><span class='avia_hidden_link_text'>Compartir por correo<\/span><\/a><\/li><\/ul><\/div><\/div>\n<div  style='height:50px' class='hr hr-invisible   avia-builder-el-8  el_after_av_social_share  el_before_av_comments_list '><span class='hr-inner ' ><span class='hr-inner-style'><\/span><\/span><\/div>\n<div  class='av-buildercomment  av-blog-meta-html-info-disabled av-blog-meta-tag-disabled  '><\/div>\n","protected":false},"excerpt":{"rendered":"","protected":false},"author":1,"featured_media":11944,"comment_status":"open","ping_status":"open","sticky":false,"template":"","format":"standard","meta":{"footnotes":""},"categories":[38],"tags":[],"class_list":["post-11943","post","type-post","status-publish","format-standard","has-post-thumbnail","hentry","category-regional"],"jetpack_featured_media_url":"https:\/\/radiorevelacionfm.cl\/wp-content\/uploads\/2021\/12\/foto-1-2_optimized.jpeg","_links":{"self":[{"href":"https:\/\/radiorevelacionfm.cl\/index.php?rest_route=\/wp\/v2\/posts\/11943","targetHints":{"allow":["GET"]}}],"collection":[{"href":"https:\/\/radiorevelacionfm.cl\/index.php?rest_route=\/wp\/v2\/posts"}],"about":[{"href":"https:\/\/radiorevelacionfm.cl\/index.php?rest_route=\/wp\/v2\/types\/post"}],"author":[{"embeddable":true,"href":"https:\/\/radiorevelacionfm.cl\/index.php?rest_route=\/wp\/v2\/users\/1"}],"replies":[{"embeddable":true,"href":"https:\/\/radiorevelacionfm.cl\/index.php?rest_route=%2Fwp%2Fv2%2Fcomments&post=11943"}],"version-history":[{"count":2,"href":"https:\/\/radiorevelacionfm.cl\/index.php?rest_route=\/wp\/v2\/posts\/11943\/revisions"}],"predecessor-version":[{"id":11948,"href":"https:\/\/radiorevelacionfm.cl\/index.php?rest_route=\/wp\/v2\/posts\/11943\/revisions\/11948"}],"wp:featuredmedia":[{"embeddable":true,"href":"https:\/\/radiorevelacionfm.cl\/index.php?rest_route=\/wp\/v2\/media\/11944"}],"wp:attachment":[{"href":"https:\/\/radiorevelacionfm.cl\/index.php?rest_route=%2Fwp%2Fv2%2Fmedia&parent=11943"}],"wp:term":[{"taxonomy":"category","embeddable":true,"href":"https:\/\/radiorevelacionfm.cl\/index.php?rest_route=%2Fwp%2Fv2%2Fcategories&post=11943"},{"taxonomy":"post_tag","embeddable":true,"href":"https:\/\/radiorevelacionfm.cl\/index.php?rest_route=%2Fwp%2Fv2%2Ftags&post=11943"}],"curies":[{"name":"wp","href":"https:\/\/api.w.org\/{rel}","templated":true}]}}