{"id":11934,"date":"2021-12-16T14:09:35","date_gmt":"2021-12-16T17:09:35","guid":{"rendered":"https:\/\/radiorevelacionfm.cl\/?p=11934"},"modified":"2021-12-16T14:11:46","modified_gmt":"2021-12-16T17:11:46","slug":"operativos-en-la-junta-y-coyhaique-culmina-con-dos-personas-detenidas-por-infraccion-a-la-ley-de-drogas","status":"publish","type":"post","link":"https:\/\/radiorevelacionfm.cl\/?p=11934","title":{"rendered":"Operativos en La Junta y Coyhaique culminaron con dos personas detenidas por infracci\u00f3n a la Ley de Drogas"},"content":{"rendered":"<div class=\"flex_column av_one_full  flex_column_div av-zero-column-padding first  avia-builder-el-0  el_before_av_one_full  avia-builder-el-first  \" style='border-radius:0px; '><div  class='avia-image-container  av-styling-    avia-builder-el-1  avia-builder-el-no-sibling  avia-align-center '  itemprop=\"image\" itemscope=\"itemscope\" itemtype=\"https:\/\/schema.org\/ImageObject\"  ><div class='avia-image-container-inner'><div class='avia-image-overlay-wrap'><img decoding=\"async\" class='wp-image-11935 avia-img-lazy-loading-not-11935 avia_image' src=\"https:\/\/radiorevelacionfm.cl\/wp-content\/uploads\/2021\/12\/f891c2d4-8c09-44e9-910c-4b7c1a4493dd-2-2.jpg\" alt='' title='f891c2d4-8c09-44e9-910c-4b7c1a4493dd-2-2' height=\"600\" width=\"731\"  itemprop=\"thumbnailUrl\" srcset=\"https:\/\/radiorevelacionfm.cl\/wp-content\/uploads\/2021\/12\/f891c2d4-8c09-44e9-910c-4b7c1a4493dd-2-2.jpg 731w, https:\/\/radiorevelacionfm.cl\/wp-content\/uploads\/2021\/12\/f891c2d4-8c09-44e9-910c-4b7c1a4493dd-2-2-300x246.jpg 300w, https:\/\/radiorevelacionfm.cl\/wp-content\/uploads\/2021\/12\/f891c2d4-8c09-44e9-910c-4b7c1a4493dd-2-2-705x579.jpg 705w, https:\/\/radiorevelacionfm.cl\/wp-content\/uploads\/2021\/12\/f891c2d4-8c09-44e9-910c-4b7c1a4493dd-2-2-600x492.jpg 600w\" sizes=\"(max-width: 731px) 100vw, 731px\" \/><\/div><\/div><\/div><\/div>\n<div class=\"flex_column av_one_full  flex_column_div av-zero-column-padding first  avia-builder-el-2  el_after_av_one_full  el_before_av_one_full  column-top-margin\" style='border-radius:0px; '><section class=\"av_textblock_section \"  itemscope=\"itemscope\" itemtype=\"https:\/\/schema.org\/BlogPosting\" itemprop=\"blogPost\" ><div class='avia_textblock  '   itemprop=\"text\" ><p style=\"text-align: center;\"><strong><span style=\"font-size: 18pt;\">Operativos en La Junta y Coyhaique culminaron con dos personas detenidas por infracci\u00f3n a la Ley de Drogas<\/span><\/strong><\/p>\n<div id=\"gtx-trans\" style=\"position: absolute; left: -50px; top: 4.31534px;\">\n<div class=\"gtx-trans-icon\"><\/div>\n<\/div>\n<\/div><\/section><\/div><div class=\"flex_column av_one_full  flex_column_div av-zero-column-padding first  avia-builder-el-4  el_after_av_one_full  el_before_av_hr  column-top-margin\" style='border-radius:0px; '><section class=\"av_textblock_section \"  itemscope=\"itemscope\" itemtype=\"https:\/\/schema.org\/BlogPosting\" itemprop=\"blogPost\" ><div class='avia_textblock  '   itemprop=\"text\" ><p class=\"v1MsoNormal\" style=\"text-align: justify;\">En virtud de una orden de investigar emanada desde la Fiscal\u00eda Local de Chile Chico, Carabineros de la Secci\u00f3n OS-7 Ays\u00e9n se aboc\u00f3 al desarrollo de m\u00faltiples diligencias de su especialidad, las cuales culminaron con la detenci\u00f3n de dos personas por el delito de tr\u00e1fico de drogas, contemplado en la Ley 20.000.<\/p>\n<p class=\"v1MsoNormal\" style=\"text-align: justify;\">Lo anterior llev\u00f3 al personal especializado a efectuar un control vehicular en la localidad de La Junta sumado a un ingreso y registro a un domicilio en la ciudad de Coyhaique, diligencia que permiti\u00f3 el decomiso de 64 grs. de clorhidrato de coca\u00edna, 28 grs. de marihuana, 10 grs. de tussi, 10 comprimidos de MDMA (\u00e9xtasis) y dos tel\u00e9fonos celulares.<\/p>\n<p class=\"v1MsoNormal\" style=\"text-align: justify;\">Respecto al tussi (2CB) se trata de un tipo de droga de dise\u00f1o de color rosa u otras tonalidades, sintetizada en laboratorio, la cual se comercializa en forma de polvo o pastillas, cuya presencia en nuestro pa\u00eds data de antes del a\u00f1o 2019. Al igual que el \u00e9xtasis, resulta altamente perjudicial para la salud de las personas.<\/p>\n<p class=\"v1MsoNormal\" style=\"text-align: justify;\">Los antecedentes del procedimiento fueron remitidos a la Fiscal\u00eda que dirige investigaci\u00f3n por esta materia, en tanto que los aprehendidos fueron derivados a la audiencia de control de detenci\u00f3n por este hecho.<\/p>\n<p style=\"text-align: justify;\">Carabineros reiter\u00f3 el llamado a la comunidad a realizar las denuncias y otorgar informaci\u00f3n a trav\u00e9s del Fono Drogas 135, n\u00famero gratuito de Carabineros de Chile, el cual es atendido por agentes especializados del OS-7, quienes durante las 24 horas del d\u00eda reciben denuncias de forma reservada y an\u00f3nima, con la finalidad de iniciar los procesos investigativos en conjunto con la Fiscal\u00eda y poner a los imputados a disposici\u00f3n de los Tribunales de Justicia, con la finalidad de mantener a la comunidad y especialmente a los menores alejados del flagelo de las drogas que tanto da\u00f1o generan en las personas.<\/p>\n<\/div><\/section><\/div><\/p>\n<div  style='height:50px' class='hr hr-invisible   avia-builder-el-6  el_after_av_one_full  el_before_av_social_share '><span class='hr-inner ' ><span class='hr-inner-style'><\/span><\/span><\/div>\n<div  class='av-social-sharing-box  avia-builder-el-7  el_after_av_hr  el_before_av_hr  '><div class='av-share-box'><h5 class='av-share-link-description av-no-toc '>Compartir esta noticia<\/h5><ul class='av-share-box-list noLightbox'><li class='av-share-link av-social-link-facebook' ><a target=\"_blank\" aria-label=\"Compartir en Facebook\" href='https:\/\/www.facebook.com\/sharer.php?u=https:\/\/radiorevelacionfm.cl\/?p=11934&#038;t=Operativos%20en%20La%20Junta%20y%20Coyhaique%20culminaron%20con%20dos%20personas%20detenidas%20por%20infracci%C3%B3n%20a%20la%20Ley%20de%20Drogas' aria-hidden='false' data-av_icon='\ue8f3' data-av_iconfont='entypo-fontello' title='' data-avia-related-tooltip='Compartir en Facebook' rel=\"noopener\"><span class='avia_hidden_link_text'>Compartir en Facebook<\/span><\/a><\/li><li class='av-share-link av-social-link-twitter' ><a target=\"_blank\" aria-label=\"Compartir en Twitter\" href='https:\/\/twitter.com\/share?text=Operativos%20en%20La%20Junta%20y%20Coyhaique%20culminaron%20con%20dos%20personas%20detenidas%20por%20infracci%C3%B3n%20a%20la%20Ley%20de%20Drogas&#038;url=https:\/\/radiorevelacionfm.cl\/?p=11934' aria-hidden='false' data-av_icon='\ue8f1' data-av_iconfont='entypo-fontello' title='' data-avia-related-tooltip='Compartir en Twitter' rel=\"noopener\"><span class='avia_hidden_link_text'>Compartir en Twitter<\/span><\/a><\/li><li class='av-share-link av-social-link-whatsapp' ><a target=\"_blank\" aria-label=\"Compartir en Whatsapp\" href='https:\/\/api.whatsapp.com\/send?text=https:\/\/radiorevelacionfm.cl\/?p=11934' aria-hidden='false' data-av_icon='\uf232' data-av_iconfont='entypo-fontello' title='' data-avia-related-tooltip='Compartir en Whatsapp' rel=\"noopener\"><span class='avia_hidden_link_text'>Compartir en Whatsapp<\/span><\/a><\/li><li class='av-share-link av-social-link-linkedin' ><a target=\"_blank\" aria-label=\"Compartir en LinkedIn\" href='https:\/\/linkedin.com\/shareArticle?mini=true&#038;title=Operativos%20en%20La%20Junta%20y%20Coyhaique%20culminaron%20con%20dos%20personas%20detenidas%20por%20infracci%C3%B3n%20a%20la%20Ley%20de%20Drogas&#038;url=https:\/\/radiorevelacionfm.cl\/?p=11934' aria-hidden='false' data-av_icon='\ue8fc' data-av_iconfont='entypo-fontello' title='' data-avia-related-tooltip='Compartir en LinkedIn' rel=\"noopener\"><span class='avia_hidden_link_text'>Compartir en LinkedIn<\/span><\/a><\/li><li class='av-share-link av-social-link-mail' ><a  aria-label=\"Compartir por correo\" href='mailto:?subject=Operativos%20en%20La%20Junta%20y%20Coyhaique%20culminaron%20con%20dos%20personas%20detenidas%20por%20infracci%C3%B3n%20a%20la%20Ley%20de%20Drogas&#038;body=https:\/\/radiorevelacionfm.cl\/?p=11934' aria-hidden='false' data-av_icon='\ue805' data-av_iconfont='entypo-fontello' title='' data-avia-related-tooltip='Compartir por correo'><span class='avia_hidden_link_text'>Compartir por correo<\/span><\/a><\/li><\/ul><\/div><\/div>\n<div  style='height:50px' class='hr hr-invisible   avia-builder-el-8  el_after_av_social_share  el_before_av_comments_list '><span class='hr-inner ' ><span class='hr-inner-style'><\/span><\/span><\/div>\n<div  class='av-buildercomment  av-blog-meta-html-info-disabled av-blog-meta-tag-disabled  '><\/div>\n","protected":false},"excerpt":{"rendered":"","protected":false},"author":1,"featured_media":11935,"comment_status":"open","ping_status":"open","sticky":false,"template":"","format":"standard","meta":{"footnotes":""},"categories":[36],"tags":[],"class_list":["post-11934","post","type-post","status-publish","format-standard","has-post-thumbnail","hentry","category-policial"],"jetpack_featured_media_url":"https:\/\/radiorevelacionfm.cl\/wp-content\/uploads\/2021\/12\/f891c2d4-8c09-44e9-910c-4b7c1a4493dd-2-2.jpg","_links":{"self":[{"href":"https:\/\/radiorevelacionfm.cl\/index.php?rest_route=\/wp\/v2\/posts\/11934","targetHints":{"allow":["GET"]}}],"collection":[{"href":"https:\/\/radiorevelacionfm.cl\/index.php?rest_route=\/wp\/v2\/posts"}],"about":[{"href":"https:\/\/radiorevelacionfm.cl\/index.php?rest_route=\/wp\/v2\/types\/post"}],"author":[{"embeddable":true,"href":"https:\/\/radiorevelacionfm.cl\/index.php?rest_route=\/wp\/v2\/users\/1"}],"replies":[{"embeddable":true,"href":"https:\/\/radiorevelacionfm.cl\/index.php?rest_route=%2Fwp%2Fv2%2Fcomments&post=11934"}],"version-history":[{"count":3,"href":"https:\/\/radiorevelacionfm.cl\/index.php?rest_route=\/wp\/v2\/posts\/11934\/revisions"}],"predecessor-version":[{"id":11937,"href":"https:\/\/radiorevelacionfm.cl\/index.php?rest_route=\/wp\/v2\/posts\/11934\/revisions\/11937"}],"wp:featuredmedia":[{"embeddable":true,"href":"https:\/\/radiorevelacionfm.cl\/index.php?rest_route=\/wp\/v2\/media\/11935"}],"wp:attachment":[{"href":"https:\/\/radiorevelacionfm.cl\/index.php?rest_route=%2Fwp%2Fv2%2Fmedia&parent=11934"}],"wp:term":[{"taxonomy":"category","embeddable":true,"href":"https:\/\/radiorevelacionfm.cl\/index.php?rest_route=%2Fwp%2Fv2%2Fcategories&post=11934"},{"taxonomy":"post_tag","embeddable":true,"href":"https:\/\/radiorevelacionfm.cl\/index.php?rest_route=%2Fwp%2Fv2%2Ftags&post=11934"}],"curies":[{"name":"wp","href":"https:\/\/api.w.org\/{rel}","templated":true}]}}