{"id":11925,"date":"2021-12-16T10:51:26","date_gmt":"2021-12-16T13:51:26","guid":{"rendered":"https:\/\/radiorevelacionfm.cl\/?p=11925"},"modified":"2021-12-16T11:00:51","modified_gmt":"2021-12-16T14:00:51","slug":"promulgan-ley-juan-barrios-que-endurece-penas-por-ataque-incendiarios-contra-vehiculos-motorizados","status":"publish","type":"post","link":"https:\/\/radiorevelacionfm.cl\/?p=11925","title":{"rendered":"Promulgan Ley Juan Barrios que endurece penas por ataque incendiarios contra veh\u00edculos motorizados"},"content":{"rendered":"<div class=\"flex_column av_one_full  flex_column_div av-zero-column-padding first  avia-builder-el-0  el_before_av_one_full  avia-builder-el-first  \" style='border-radius:0px; '><div  class='avia-image-container  av-styling-    avia-builder-el-1  avia-builder-el-no-sibling  avia-align-center '  itemprop=\"image\" itemscope=\"itemscope\" itemtype=\"https:\/\/schema.org\/ImageObject\"  ><div class='avia-image-container-inner'><div class='avia-image-overlay-wrap'><img decoding=\"async\" class='wp-image-11926 avia-img-lazy-loading-not-11926 avia_image' src=\"https:\/\/radiorevelacionfm.cl\/wp-content\/uploads\/2021\/12\/Ley-Juan-Barrios-2-2.jpg\" alt='' title='Ley Juan Barrios-2-2' height=\"600\" width=\"901\"  itemprop=\"thumbnailUrl\" srcset=\"https:\/\/radiorevelacionfm.cl\/wp-content\/uploads\/2021\/12\/Ley-Juan-Barrios-2-2.jpg 901w, https:\/\/radiorevelacionfm.cl\/wp-content\/uploads\/2021\/12\/Ley-Juan-Barrios-2-2-300x200.jpg 300w, https:\/\/radiorevelacionfm.cl\/wp-content\/uploads\/2021\/12\/Ley-Juan-Barrios-2-2-768x511.jpg 768w, https:\/\/radiorevelacionfm.cl\/wp-content\/uploads\/2021\/12\/Ley-Juan-Barrios-2-2-705x469.jpg 705w, https:\/\/radiorevelacionfm.cl\/wp-content\/uploads\/2021\/12\/Ley-Juan-Barrios-2-2-600x400.jpg 600w\" sizes=\"(max-width: 901px) 100vw, 901px\" \/><\/div><\/div><\/div><\/div>\n<div class=\"flex_column av_one_full  flex_column_div av-zero-column-padding first  avia-builder-el-2  el_after_av_one_full  el_before_av_one_full  column-top-margin\" style='border-radius:0px; '><section class=\"av_textblock_section \"  itemscope=\"itemscope\" itemtype=\"https:\/\/schema.org\/BlogPosting\" itemprop=\"blogPost\" ><div class='avia_textblock  '   itemprop=\"text\" ><p style=\"text-align: center;\"><span style=\"font-size: 18pt;\"><strong>Promulgan Ley Juan Barrios que endurece penas por ataque incendiarios contra veh\u00edculos motorizados<\/strong><\/span><\/p>\n<div id=\"gtx-trans\" style=\"position: absolute; left: -50px; top: 4.31534px;\">\n<div class=\"gtx-trans-icon\"><\/div>\n<\/div>\n<\/div><\/section><\/div>\n<div class=\"flex_column av_one_full  flex_column_div av-zero-column-padding first  avia-builder-el-4  el_after_av_one_full  el_before_av_hr  column-top-margin\" style='border-radius:0px; '><section class=\"av_textblock_section \"  itemscope=\"itemscope\" itemtype=\"https:\/\/schema.org\/BlogPosting\" itemprop=\"blogPost\" ><div class='avia_textblock  '   itemprop=\"text\" ><p style=\"text-align: justify;\">El Presidente de la Rep\u00fablica, Sebasti\u00e1n Pi\u00f1era promulg\u00f3 la ley Juan Barrios, que incrementa las sanciones penales para los ataques incendiarios contra todo tipo de veh\u00edculos motorizados. La ley toma su nombre en homenaje al camionero que durante la noche del 9 de febrero de 2020 sufri\u00f3 un ataque incendiario mientras se encontraba durmiendo dentro su cami\u00f3n. Producto de las graves quemaduras, que afectaron el 30% de su cuerpo y dejaron las v\u00edas respiratorias comprometidas, Juan Barrios finalmente perdi\u00f3 la vida el 4 de marzo del mismo a\u00f1o.<\/p>\n<p style=\"text-align: justify;\">Hasta ahora, si bien la normativa penal vigente sancionaba m\u00e1s gravosamente el delito de incendio cuando producto de este se produce la muerte de una persona, mutilaciones, lesiones graves o se pon\u00eda en peligro su integridad fi\u0301sica, solo lo hac\u00eda cuando el incendio era en edificios, trenes de ferrocarril o buques, entre otros, quedando excluidos los vehi\u0301culos motorizados. Asi\u0301, si se incendiaba un vehi\u0301culo con personas en su interior, la sancio\u0301n seri\u0301a la del delito simple de incendio, que tiene la pena ma\u0301s baja.<\/p>\n<p style=\"text-align: justify;\">La nueva ley modifica el C\u00f3digo Penal para incluir a los veh\u00edculos motorizados con personas en su interior a los delitos de incendio, y crea una nueva agravante para quienes incurran en el il\u00edcito. Asimismo, se crea un agravante que aumenta en un grado la pena (que puede ir desde 15 a\u00f1os y un d\u00eda, hasta presidio perpetuo) en el caso de los delitos de incendio cuando este recayera sobre un veh\u00edculo motorizado con personas en su interior, y que sean obligadas a descender del mismo para la comisi\u00f3n del il\u00edcito.<\/p>\n<p style=\"text-align: justify;\">El presidente explic\u00f3 que \u201cla Ley Juan Barrios pone t\u00e9rmino a una impunidad en que quedaban los ataques incendiarios cometidos contra veh\u00edculos motorizados y otros, porque simplemente no estaban contemplados en nuestro C\u00f3digo Penal que data del a\u00f1o 1874. Hoy estamos dando un importante paso adelante para poder hacer justicia con Juan y con tantas y tantas otras personas que han sufrido las consecuencias del terrorismo y la violencia\u201d.<\/p>\n<\/div><\/section><\/div><div  style='height:50px' class='hr hr-invisible   avia-builder-el-6  el_after_av_one_full  el_before_av_social_share '><span class='hr-inner ' ><span class='hr-inner-style'><\/span><\/span><\/div><\/p>\n<div  class='av-social-sharing-box  avia-builder-el-7  el_after_av_hr  el_before_av_hr  '><div class='av-share-box'><h5 class='av-share-link-description av-no-toc '>Compartir esta noticia<\/h5><ul class='av-share-box-list noLightbox'><li class='av-share-link av-social-link-facebook' ><a target=\"_blank\" aria-label=\"Compartir en Facebook\" href='https:\/\/www.facebook.com\/sharer.php?u=https:\/\/radiorevelacionfm.cl\/?p=11925&#038;t=Promulgan%20Ley%20Juan%20Barrios%20que%20endurece%20penas%20por%20ataque%20incendiarios%20contra%20veh%C3%ADculos%20motorizados' aria-hidden='false' data-av_icon='\ue8f3' data-av_iconfont='entypo-fontello' title='' data-avia-related-tooltip='Compartir en Facebook' rel=\"noopener\"><span class='avia_hidden_link_text'>Compartir en Facebook<\/span><\/a><\/li><li class='av-share-link av-social-link-twitter' ><a target=\"_blank\" aria-label=\"Compartir en Twitter\" href='https:\/\/twitter.com\/share?text=Promulgan%20Ley%20Juan%20Barrios%20que%20endurece%20penas%20por%20ataque%20incendiarios%20contra%20veh%C3%ADculos%20motorizados&#038;url=https:\/\/radiorevelacionfm.cl\/?p=11925' aria-hidden='false' data-av_icon='\ue8f1' data-av_iconfont='entypo-fontello' title='' data-avia-related-tooltip='Compartir en Twitter' rel=\"noopener\"><span class='avia_hidden_link_text'>Compartir en Twitter<\/span><\/a><\/li><li class='av-share-link av-social-link-whatsapp' ><a target=\"_blank\" aria-label=\"Compartir en Whatsapp\" href='https:\/\/api.whatsapp.com\/send?text=https:\/\/radiorevelacionfm.cl\/?p=11925' aria-hidden='false' data-av_icon='\uf232' data-av_iconfont='entypo-fontello' title='' data-avia-related-tooltip='Compartir en Whatsapp' rel=\"noopener\"><span class='avia_hidden_link_text'>Compartir en Whatsapp<\/span><\/a><\/li><li class='av-share-link av-social-link-linkedin' ><a target=\"_blank\" aria-label=\"Compartir en LinkedIn\" href='https:\/\/linkedin.com\/shareArticle?mini=true&#038;title=Promulgan%20Ley%20Juan%20Barrios%20que%20endurece%20penas%20por%20ataque%20incendiarios%20contra%20veh%C3%ADculos%20motorizados&#038;url=https:\/\/radiorevelacionfm.cl\/?p=11925' aria-hidden='false' data-av_icon='\ue8fc' data-av_iconfont='entypo-fontello' title='' data-avia-related-tooltip='Compartir en LinkedIn' rel=\"noopener\"><span class='avia_hidden_link_text'>Compartir en LinkedIn<\/span><\/a><\/li><li class='av-share-link av-social-link-mail' ><a  aria-label=\"Compartir por correo\" href='mailto:?subject=Promulgan%20Ley%20Juan%20Barrios%20que%20endurece%20penas%20por%20ataque%20incendiarios%20contra%20veh%C3%ADculos%20motorizados&#038;body=https:\/\/radiorevelacionfm.cl\/?p=11925' aria-hidden='false' data-av_icon='\ue805' data-av_iconfont='entypo-fontello' title='' data-avia-related-tooltip='Compartir por correo'><span class='avia_hidden_link_text'>Compartir por correo<\/span><\/a><\/li><\/ul><\/div><\/div>\n<div  style='height:50px' class='hr hr-invisible   avia-builder-el-8  el_after_av_social_share  el_before_av_comments_list '><span class='hr-inner ' ><span class='hr-inner-style'><\/span><\/span><\/div>\n<div  class='av-buildercomment  av-blog-meta-html-info-disabled av-blog-meta-tag-disabled  '><\/div>\n","protected":false},"excerpt":{"rendered":"","protected":false},"author":1,"featured_media":11926,"comment_status":"open","ping_status":"open","sticky":false,"template":"","format":"standard","meta":{"footnotes":""},"categories":[55],"tags":[],"class_list":["post-11925","post","type-post","status-publish","format-standard","has-post-thumbnail","hentry","category-justicia"],"jetpack_featured_media_url":"https:\/\/radiorevelacionfm.cl\/wp-content\/uploads\/2021\/12\/Ley-Juan-Barrios-2-2.jpg","_links":{"self":[{"href":"https:\/\/radiorevelacionfm.cl\/index.php?rest_route=\/wp\/v2\/posts\/11925","targetHints":{"allow":["GET"]}}],"collection":[{"href":"https:\/\/radiorevelacionfm.cl\/index.php?rest_route=\/wp\/v2\/posts"}],"about":[{"href":"https:\/\/radiorevelacionfm.cl\/index.php?rest_route=\/wp\/v2\/types\/post"}],"author":[{"embeddable":true,"href":"https:\/\/radiorevelacionfm.cl\/index.php?rest_route=\/wp\/v2\/users\/1"}],"replies":[{"embeddable":true,"href":"https:\/\/radiorevelacionfm.cl\/index.php?rest_route=%2Fwp%2Fv2%2Fcomments&post=11925"}],"version-history":[{"count":3,"href":"https:\/\/radiorevelacionfm.cl\/index.php?rest_route=\/wp\/v2\/posts\/11925\/revisions"}],"predecessor-version":[{"id":11928,"href":"https:\/\/radiorevelacionfm.cl\/index.php?rest_route=\/wp\/v2\/posts\/11925\/revisions\/11928"}],"wp:featuredmedia":[{"embeddable":true,"href":"https:\/\/radiorevelacionfm.cl\/index.php?rest_route=\/wp\/v2\/media\/11926"}],"wp:attachment":[{"href":"https:\/\/radiorevelacionfm.cl\/index.php?rest_route=%2Fwp%2Fv2%2Fmedia&parent=11925"}],"wp:term":[{"taxonomy":"category","embeddable":true,"href":"https:\/\/radiorevelacionfm.cl\/index.php?rest_route=%2Fwp%2Fv2%2Fcategories&post=11925"},{"taxonomy":"post_tag","embeddable":true,"href":"https:\/\/radiorevelacionfm.cl\/index.php?rest_route=%2Fwp%2Fv2%2Ftags&post=11925"}],"curies":[{"name":"wp","href":"https:\/\/api.w.org\/{rel}","templated":true}]}}