{"id":11920,"date":"2021-12-16T10:16:57","date_gmt":"2021-12-16T13:16:57","guid":{"rendered":"https:\/\/radiorevelacionfm.cl\/?p=11920"},"modified":"2021-12-16T10:16:57","modified_gmt":"2021-12-16T13:16:57","slug":"habitantes-de-villa-manihuales-vuelven-a-recuperar-su-sonrisa-con-programa-de-salud-municipal","status":"publish","type":"post","link":"https:\/\/radiorevelacionfm.cl\/?p=11920","title":{"rendered":"Habitantes de Villa Ma\u00f1ihuales vuelven a recuperar su sonrisa con programa de salud municipal"},"content":{"rendered":"<div class=\"flex_column av_one_full  flex_column_div av-zero-column-padding first  avia-builder-el-0  el_before_av_one_full  avia-builder-el-first  \" style='border-radius:0px; '><div  class='avia-image-container  av-styling-    avia-builder-el-1  avia-builder-el-no-sibling  avia-align-center '  itemprop=\"image\" itemscope=\"itemscope\" itemtype=\"https:\/\/schema.org\/ImageObject\"  ><div class='avia-image-container-inner'><div class='avia-image-overlay-wrap'><img decoding=\"async\" class='wp-image-11921 avia-img-lazy-loading-not-11921 avia_image' src=\"https:\/\/radiorevelacionfm.cl\/wp-content\/uploads\/2021\/12\/Programa-Sonrie-Foto-2-2-2.jpg\" alt='' title='Programa Sonr\u00ede - Foto 2-2-2' height=\"600\" width=\"1013\"  itemprop=\"thumbnailUrl\" srcset=\"https:\/\/radiorevelacionfm.cl\/wp-content\/uploads\/2021\/12\/Programa-Sonrie-Foto-2-2-2.jpg 1013w, https:\/\/radiorevelacionfm.cl\/wp-content\/uploads\/2021\/12\/Programa-Sonrie-Foto-2-2-2-300x178.jpg 300w, https:\/\/radiorevelacionfm.cl\/wp-content\/uploads\/2021\/12\/Programa-Sonrie-Foto-2-2-2-768x455.jpg 768w, https:\/\/radiorevelacionfm.cl\/wp-content\/uploads\/2021\/12\/Programa-Sonrie-Foto-2-2-2-705x418.jpg 705w, https:\/\/radiorevelacionfm.cl\/wp-content\/uploads\/2021\/12\/Programa-Sonrie-Foto-2-2-2-600x355.jpg 600w\" sizes=\"(max-width: 1013px) 100vw, 1013px\" \/><\/div><\/div><\/div><\/div><div class=\"flex_column av_one_full  flex_column_div av-zero-column-padding first  avia-builder-el-2  el_after_av_one_full  el_before_av_one_full  column-top-margin\" style='border-radius:0px; '><section class=\"av_textblock_section \"  itemscope=\"itemscope\" itemtype=\"https:\/\/schema.org\/BlogPosting\" itemprop=\"blogPost\" ><div class='avia_textblock  '   itemprop=\"text\" ><p style=\"text-align: center;\"><span style=\"font-size: 18pt;\"><strong>Habitantes de Villa Ma\u00f1ihuales vuelven a recuperar su sonrisa con programa de salud municipal<\/strong><\/span><\/p>\n<div id=\"gtx-trans\" style=\"position: absolute; left: -50px; top: 4.31534px;\">\n<div class=\"gtx-trans-icon\"><\/div>\n<\/div>\n<\/div><\/section><\/div><div class=\"flex_column av_one_full  flex_column_div av-zero-column-padding first  avia-builder-el-4  el_after_av_one_full  el_before_av_hr  column-top-margin\" style='border-radius:0px; '><section class=\"av_textblock_section \"  itemscope=\"itemscope\" itemtype=\"https:\/\/schema.org\/BlogPosting\" itemprop=\"blogPost\" ><div class='avia_textblock  '   itemprop=\"text\" ><p style=\"text-align: justify;\">Este mes, la Municipalidad de Ays\u00e9n mediante su departamento de Direcci\u00f3n de Desarrollo Comunitario (DIDECO), lanz\u00f3 el Programa Sonr\u00ede, iniciativa que en su primera etapa tiene como meta mejorar la salud bucal de las personas mayores de 60 a\u00f1os, residentes en Villa Ma\u00f1ihuales.<\/p>\n<p style=\"text-align: justify;\">En un convenio con la Cl\u00ednica Dental Ventisquero, un grupo de 20 personas oriundas de Ma\u00f1ihuales fueron atendidas por profesionales del centro de salud. El Programa Sonr\u00ede proporciona una gama de servicios orientados a subsanar falencias odontol\u00f3gicas y alimenticias, as\u00ed como mejorar sus condiciones fisiol\u00f3gicas, psicol\u00f3gicas y de paso, elevar su autoestima.<\/p>\n<p style=\"text-align: justify;\">Beatriz Oyarzo, delegada municipal, comenta que la propuesta nace de una conversaci\u00f3n con Marco Co\u00f1uecar, director de Seguridad P\u00fablica. \u201cVe\u00edamos las situaciones que ten\u00edamos en deficiencias de salud en Villa Ma\u00f1ihuales y una de esas tantas es el tema dental. Es muy necesario para los vecinos. La verdad es que el municipio se la ha jugado en esto y ha tenido un rol fundamental para que estos vecinos vuelvan a sonre\u00edr\u201d.<\/p>\n<p style=\"text-align: justify;\">El programa fue aprobado por el Honorable Concejo Municipal en sesi\u00f3n transmitida v\u00eda streaming, y su grupo objetivo son mayores de 60 a\u00f1os que presenten p\u00e9rdidas de piezas dentales u otras carencias por la imposibilidad de acceder a especialistas. \u201cHoy d\u00eda a trav\u00e9s de la atenci\u00f3n de un odont\u00f3logo nos encontramos mejorando su condici\u00f3n de vida. As\u00ed que estamos muy contentos. Los beneficiarios estaban felices; nosotros vamos a seguir generando las ayudas correspondientes para las personas mayores sobre todo\u201d, expres\u00f3 el alcalde Julio Uribe Alvarado.<\/p>\n<p style=\"text-align: justify;\">\u201cEn esta oportunidad se van a hacer pr\u00f3tesis, limpieza y eliminaci\u00f3n de caries de los 20 pacientes de Villa Ma\u00f1ihuales\u201d, precis\u00f3 el dentista Julio Molina, quien tambi\u00e9n puso en relieve la naturaleza de la iniciativa al ser una de las precursoras de la comuna, a lo que agreg\u00f3 lo necesario de mantener en el tiempo y replicar iniciativas como la acaecidas para garantizar de manera transversa el acceso a una atenci\u00f3n digna a las personas.<\/p>\n<p style=\"text-align: justify;\">\u201cMuy buena la atenci\u00f3n. Todo lo que hemos visto hasta ac\u00e1, muy bueno y le doy gracias a Dios porque vamos a poder re\u00edr tranquilas, sentirnos bien\u201d, manifest\u00f3 Mar\u00eda Isabel, beneficiaria del Programa Sonr\u00ede.<\/p>\n<\/div><\/section><\/div><div  style='height:50px' class='hr hr-invisible   avia-builder-el-6  el_after_av_one_full  el_before_av_social_share '><span class='hr-inner ' ><span class='hr-inner-style'><\/span><\/span><\/div><\/p>\n<div  class='av-social-sharing-box  avia-builder-el-7  el_after_av_hr  el_before_av_hr  '><div class='av-share-box'><h5 class='av-share-link-description av-no-toc '>Compartir esta noticia<\/h5><ul class='av-share-box-list noLightbox'><li class='av-share-link av-social-link-facebook' ><a target=\"_blank\" aria-label=\"Compartir en Facebook\" href='https:\/\/www.facebook.com\/sharer.php?u=https:\/\/radiorevelacionfm.cl\/?p=11920&#038;t=Habitantes%20de%20Villa%20Ma%C3%B1ihuales%20vuelven%20a%20recuperar%20su%20sonrisa%20con%20programa%20de%20salud%20municipal' aria-hidden='false' data-av_icon='\ue8f3' data-av_iconfont='entypo-fontello' title='' data-avia-related-tooltip='Compartir en Facebook' rel=\"noopener\"><span class='avia_hidden_link_text'>Compartir en Facebook<\/span><\/a><\/li><li class='av-share-link av-social-link-twitter' ><a target=\"_blank\" aria-label=\"Compartir en Twitter\" href='https:\/\/twitter.com\/share?text=Habitantes%20de%20Villa%20Ma%C3%B1ihuales%20vuelven%20a%20recuperar%20su%20sonrisa%20con%20programa%20de%20salud%20municipal&#038;url=https:\/\/radiorevelacionfm.cl\/?p=11920' aria-hidden='false' data-av_icon='\ue8f1' data-av_iconfont='entypo-fontello' title='' data-avia-related-tooltip='Compartir en Twitter' rel=\"noopener\"><span class='avia_hidden_link_text'>Compartir en Twitter<\/span><\/a><\/li><li class='av-share-link av-social-link-whatsapp' ><a target=\"_blank\" aria-label=\"Compartir en Whatsapp\" href='https:\/\/api.whatsapp.com\/send?text=https:\/\/radiorevelacionfm.cl\/?p=11920' aria-hidden='false' data-av_icon='\uf232' data-av_iconfont='entypo-fontello' title='' data-avia-related-tooltip='Compartir en Whatsapp' rel=\"noopener\"><span class='avia_hidden_link_text'>Compartir en Whatsapp<\/span><\/a><\/li><li class='av-share-link av-social-link-linkedin' ><a target=\"_blank\" aria-label=\"Compartir en LinkedIn\" href='https:\/\/linkedin.com\/shareArticle?mini=true&#038;title=Habitantes%20de%20Villa%20Ma%C3%B1ihuales%20vuelven%20a%20recuperar%20su%20sonrisa%20con%20programa%20de%20salud%20municipal&#038;url=https:\/\/radiorevelacionfm.cl\/?p=11920' aria-hidden='false' data-av_icon='\ue8fc' data-av_iconfont='entypo-fontello' title='' data-avia-related-tooltip='Compartir en LinkedIn' rel=\"noopener\"><span class='avia_hidden_link_text'>Compartir en LinkedIn<\/span><\/a><\/li><li class='av-share-link av-social-link-mail' ><a  aria-label=\"Compartir por correo\" href='mailto:?subject=Habitantes%20de%20Villa%20Ma%C3%B1ihuales%20vuelven%20a%20recuperar%20su%20sonrisa%20con%20programa%20de%20salud%20municipal&#038;body=https:\/\/radiorevelacionfm.cl\/?p=11920' aria-hidden='false' data-av_icon='\ue805' data-av_iconfont='entypo-fontello' title='' data-avia-related-tooltip='Compartir por correo'><span class='avia_hidden_link_text'>Compartir por correo<\/span><\/a><\/li><\/ul><\/div><\/div>\n<div  style='height:50px' class='hr hr-invisible   avia-builder-el-8  el_after_av_social_share  el_before_av_comments_list '><span class='hr-inner ' ><span class='hr-inner-style'><\/span><\/span><\/div>\n<div  class='av-buildercomment  av-blog-meta-html-info-disabled av-blog-meta-tag-disabled  '><\/div>\n","protected":false},"excerpt":{"rendered":"","protected":false},"author":1,"featured_media":11921,"comment_status":"open","ping_status":"open","sticky":false,"template":"","format":"standard","meta":{"footnotes":""},"categories":[38],"tags":[],"class_list":["post-11920","post","type-post","status-publish","format-standard","has-post-thumbnail","hentry","category-regional"],"jetpack_featured_media_url":"https:\/\/radiorevelacionfm.cl\/wp-content\/uploads\/2021\/12\/Programa-Sonrie-Foto-2-2-2.jpg","_links":{"self":[{"href":"https:\/\/radiorevelacionfm.cl\/index.php?rest_route=\/wp\/v2\/posts\/11920","targetHints":{"allow":["GET"]}}],"collection":[{"href":"https:\/\/radiorevelacionfm.cl\/index.php?rest_route=\/wp\/v2\/posts"}],"about":[{"href":"https:\/\/radiorevelacionfm.cl\/index.php?rest_route=\/wp\/v2\/types\/post"}],"author":[{"embeddable":true,"href":"https:\/\/radiorevelacionfm.cl\/index.php?rest_route=\/wp\/v2\/users\/1"}],"replies":[{"embeddable":true,"href":"https:\/\/radiorevelacionfm.cl\/index.php?rest_route=%2Fwp%2Fv2%2Fcomments&post=11920"}],"version-history":[{"count":2,"href":"https:\/\/radiorevelacionfm.cl\/index.php?rest_route=\/wp\/v2\/posts\/11920\/revisions"}],"predecessor-version":[{"id":11924,"href":"https:\/\/radiorevelacionfm.cl\/index.php?rest_route=\/wp\/v2\/posts\/11920\/revisions\/11924"}],"wp:featuredmedia":[{"embeddable":true,"href":"https:\/\/radiorevelacionfm.cl\/index.php?rest_route=\/wp\/v2\/media\/11921"}],"wp:attachment":[{"href":"https:\/\/radiorevelacionfm.cl\/index.php?rest_route=%2Fwp%2Fv2%2Fmedia&parent=11920"}],"wp:term":[{"taxonomy":"category","embeddable":true,"href":"https:\/\/radiorevelacionfm.cl\/index.php?rest_route=%2Fwp%2Fv2%2Fcategories&post=11920"},{"taxonomy":"post_tag","embeddable":true,"href":"https:\/\/radiorevelacionfm.cl\/index.php?rest_route=%2Fwp%2Fv2%2Ftags&post=11920"}],"curies":[{"name":"wp","href":"https:\/\/api.w.org\/{rel}","templated":true}]}}