{"id":11915,"date":"2021-12-16T09:38:11","date_gmt":"2021-12-16T12:38:11","guid":{"rendered":"https:\/\/radiorevelacionfm.cl\/?p=11915"},"modified":"2021-12-16T09:38:11","modified_gmt":"2021-12-16T12:38:11","slug":"alianza-busca-posicionar-a-polideportivo-como-centro-de-deporte-y-salud-en-base-a-modelo-implementado-en-suecia","status":"publish","type":"post","link":"https:\/\/radiorevelacionfm.cl\/?p=11915","title":{"rendered":"Alianza busca posicionar a Polideportivo como centro de deporte y salud en base a modelo implementado en Suecia"},"content":{"rendered":"<div class=\"flex_column av_one_full  flex_column_div av-zero-column-padding first  avia-builder-el-0  el_before_av_one_full  avia-builder-el-first  \" style='border-radius:0px; '><div  class='avia-image-container  av-styling-    avia-builder-el-1  avia-builder-el-no-sibling  avia-align-center '  itemprop=\"image\" itemscope=\"itemscope\" itemtype=\"https:\/\/schema.org\/ImageObject\"  ><div class='avia-image-container-inner'><div class='avia-image-overlay-wrap'><img decoding=\"async\" class='wp-image-11916 avia-img-lazy-loading-not-11916 avia_image' src=\"https:\/\/radiorevelacionfm.cl\/wp-content\/uploads\/2021\/12\/programa-polideportivo-foto-3-2_optimized.jpg\" alt='' title='programa-polideportivo---foto-3-2_optimized' height=\"600\" width=\"900\"  itemprop=\"thumbnailUrl\" srcset=\"https:\/\/radiorevelacionfm.cl\/wp-content\/uploads\/2021\/12\/programa-polideportivo-foto-3-2_optimized.jpg 900w, https:\/\/radiorevelacionfm.cl\/wp-content\/uploads\/2021\/12\/programa-polideportivo-foto-3-2_optimized-300x200.jpg 300w, https:\/\/radiorevelacionfm.cl\/wp-content\/uploads\/2021\/12\/programa-polideportivo-foto-3-2_optimized-768x512.jpg 768w, https:\/\/radiorevelacionfm.cl\/wp-content\/uploads\/2021\/12\/programa-polideportivo-foto-3-2_optimized-705x470.jpg 705w, https:\/\/radiorevelacionfm.cl\/wp-content\/uploads\/2021\/12\/programa-polideportivo-foto-3-2_optimized-600x400.jpg 600w\" sizes=\"(max-width: 900px) 100vw, 900px\" \/><\/div><\/div><\/div><\/div><div class=\"flex_column av_one_full  flex_column_div av-zero-column-padding first  avia-builder-el-2  el_after_av_one_full  el_before_av_one_full  column-top-margin\" style='border-radius:0px; '><section class=\"av_textblock_section \"  itemscope=\"itemscope\" itemtype=\"https:\/\/schema.org\/BlogPosting\" itemprop=\"blogPost\" ><div class='avia_textblock  '   itemprop=\"text\" ><p style=\"text-align: center;\"><span style=\"font-size: 18pt;\"><strong>Alianza busca posicionar a Polideportivo como centro de deporte y salud en base a modelo implementado en Suecia<\/strong><\/span><\/p>\n<div id=\"gtx-trans\" style=\"position: absolute; left: -50px; top: 4.31534px;\">\n<div class=\"gtx-trans-icon\"><\/div>\n<\/div>\n<\/div><\/section><\/div><div class=\"flex_column av_one_full  flex_column_div av-zero-column-padding first  avia-builder-el-4  el_after_av_one_full  el_before_av_hr  column-top-margin\" style='border-radius:0px; '><section class=\"av_textblock_section \"  itemscope=\"itemscope\" itemtype=\"https:\/\/schema.org\/BlogPosting\" itemprop=\"blogPost\" ><div class='avia_textblock  '   itemprop=\"text\" ><p style=\"text-align: justify;\">Este martes, el alcalde Julio Uribe Alvarado, junto a la asesora urbana de SECPLAN, Roc\u00edo B\u00f3rquez, el director del Polideportivo, Carlos C\u00e1rcamo y el coordinador de deporte, Jorge Villegas, sostuvieron una reuni\u00f3n con profesionales provenientes de la red p\u00fablica de salud para delimitar plan piloto que posicionar\u00e1 al Polideportivo como centro integral de salud y deporte de la regi\u00f3n.<\/p>\n<p style=\"text-align: justify;\">La propuesta tra\u00edda por la doctora Mar\u00eda Jos\u00e9 Vald\u00e9s del CESFAM, y el kinesi\u00f3logo Jaime Joost del Hospital Puerto Ays\u00e9n, es un modelo de salud que toma por referencia la experiencia de Suecia. Llamado \u201cPrograma de prescripci\u00f3n de actividad f\u00edsica y ejercicio terap\u00e9utico Puerto Ays\u00e9n\u201d, el modelo sugiere ser utilizado de manera continua en los establecimientos de salud con el objetivo de aumentar los niveles de actividad f\u00edsica.<\/p>\n<p style=\"text-align: justify;\">Con el respaldo de un fisi\u00f3logo, el que trabajar\u00e1 junto al equipo de preparaci\u00f3n del Polideportivo, se preinscribir\u00e1n rutinas acordes a lo diagnosticado por personal especializado. \u201cLa idea de este proyecto es transformar c\u00f3mo entendemos la salud en Puerto Ays\u00e9n, que podamos de alguna forma involucrarnos en nuestra salud de manera diferente y a trav\u00e9s de la actividad f\u00edsica potenciar las distintas instancias que nos transforman en personas, que nos mantienen sanos en el tiempo y nos hacen estar m\u00e1s conectado con nuestra familia\u201d, especific\u00f3 Vald\u00e9s.<\/p>\n<p style=\"text-align: justify;\">La alianza forjada mediante esta red que incluye al municipio, al CESFAM y el Hospital de Puerto Ays\u00e9n, busca proyectar al Polideportivo como un espacio pionero al integrar no s\u00f3lo al equipo de preparadores f\u00edsicos y profesionales, sino tambi\u00e9n a personal m\u00e9dico. Ante ese escenario, el alcalde Julio Uribe Alvarado se\u00f1al\u00f3 que es un trabajo coordinado que mejorar\u00e1 la calidad de vida de la comunidad. \u201cEs un proyecto que en estos momentos estamos en la primera etapa de evaluaci\u00f3n y de buscar financiamiento para llevarlo a cabo\u201d, detall\u00f3.<\/p>\n<p style=\"text-align: justify;\">Se estima que la cantidad de personas beneficiadas ser\u00edan unas 200 por mes, las que estar\u00e1n acompa\u00f1adas durante todo el proceso del \u201cPrograma de prescripci\u00f3n de actividad f\u00edsica y ejercicio terap\u00e9utico Puerto Ays\u00e9n\u201d.<\/p>\n<p style=\"text-align: justify;\">Al respecto, el kinesi\u00f3logo del Hospital Puerto Ays\u00e9n, Jaime Joost, se\u00f1al\u00f3 \u201cla idea como equipo de rehabilitaci\u00f3n del hospital es ser parte de esta iniciativa, hacernos cargo de la salud de la poblaci\u00f3n, generar estas nuevas instancias en donde la poblaci\u00f3n se pueda hacer cargo de su condici\u00f3n de salud, eso es algo nuevo a nivel nacional incluso, entonces como Puerto Ays\u00e9n queremos ser l\u00edderes del cambio en nuestra visi\u00f3n de salud en general, y creo que el aporte y el trabajo en grupo va a poder causar un impacto en la poblaci\u00f3n\u201d.<\/p>\n<\/div><\/section><\/div><div  style='height:50px' class='hr hr-invisible   avia-builder-el-6  el_after_av_one_full  el_before_av_social_share '><span class='hr-inner ' ><span class='hr-inner-style'><\/span><\/span><\/div><\/p>\n<div  class='av-social-sharing-box  avia-builder-el-7  el_after_av_hr  el_before_av_hr  '><div class='av-share-box'><h5 class='av-share-link-description av-no-toc '>Compartir esta noticia<\/h5><ul class='av-share-box-list noLightbox'><li class='av-share-link av-social-link-facebook' ><a target=\"_blank\" aria-label=\"Compartir en Facebook\" href='https:\/\/www.facebook.com\/sharer.php?u=https:\/\/radiorevelacionfm.cl\/?p=11915&#038;t=Alianza%20busca%20posicionar%20a%20Polideportivo%20como%20centro%20de%20deporte%20y%20salud%20en%20base%20a%20modelo%20implementado%20en%20Suecia' aria-hidden='false' data-av_icon='\ue8f3' data-av_iconfont='entypo-fontello' title='' data-avia-related-tooltip='Compartir en Facebook' rel=\"noopener\"><span class='avia_hidden_link_text'>Compartir en Facebook<\/span><\/a><\/li><li class='av-share-link av-social-link-twitter' ><a target=\"_blank\" aria-label=\"Compartir en Twitter\" href='https:\/\/twitter.com\/share?text=Alianza%20busca%20posicionar%20a%20Polideportivo%20como%20centro%20de%20deporte%20y%20salud%20en%20base%20a%20modelo%20implementado%20en%20Suecia&#038;url=https:\/\/radiorevelacionfm.cl\/?p=11915' aria-hidden='false' data-av_icon='\ue8f1' data-av_iconfont='entypo-fontello' title='' data-avia-related-tooltip='Compartir en Twitter' rel=\"noopener\"><span class='avia_hidden_link_text'>Compartir en Twitter<\/span><\/a><\/li><li class='av-share-link av-social-link-whatsapp' ><a target=\"_blank\" aria-label=\"Compartir en Whatsapp\" href='https:\/\/api.whatsapp.com\/send?text=https:\/\/radiorevelacionfm.cl\/?p=11915' aria-hidden='false' data-av_icon='\uf232' data-av_iconfont='entypo-fontello' title='' data-avia-related-tooltip='Compartir en Whatsapp' rel=\"noopener\"><span class='avia_hidden_link_text'>Compartir en Whatsapp<\/span><\/a><\/li><li class='av-share-link av-social-link-linkedin' ><a target=\"_blank\" aria-label=\"Compartir en LinkedIn\" href='https:\/\/linkedin.com\/shareArticle?mini=true&#038;title=Alianza%20busca%20posicionar%20a%20Polideportivo%20como%20centro%20de%20deporte%20y%20salud%20en%20base%20a%20modelo%20implementado%20en%20Suecia&#038;url=https:\/\/radiorevelacionfm.cl\/?p=11915' aria-hidden='false' data-av_icon='\ue8fc' data-av_iconfont='entypo-fontello' title='' data-avia-related-tooltip='Compartir en LinkedIn' rel=\"noopener\"><span class='avia_hidden_link_text'>Compartir en LinkedIn<\/span><\/a><\/li><li class='av-share-link av-social-link-mail' ><a  aria-label=\"Compartir por correo\" href='mailto:?subject=Alianza%20busca%20posicionar%20a%20Polideportivo%20como%20centro%20de%20deporte%20y%20salud%20en%20base%20a%20modelo%20implementado%20en%20Suecia&#038;body=https:\/\/radiorevelacionfm.cl\/?p=11915' aria-hidden='false' data-av_icon='\ue805' data-av_iconfont='entypo-fontello' title='' data-avia-related-tooltip='Compartir por correo'><span class='avia_hidden_link_text'>Compartir por correo<\/span><\/a><\/li><\/ul><\/div><\/div>\n<div  style='height:50px' class='hr hr-invisible   avia-builder-el-8  el_after_av_social_share  el_before_av_comments_list '><span class='hr-inner ' ><span class='hr-inner-style'><\/span><\/span><\/div>\n<div  class='av-buildercomment  av-blog-meta-html-info-disabled av-blog-meta-tag-disabled  '><\/div>\n","protected":false},"excerpt":{"rendered":"","protected":false},"author":1,"featured_media":11916,"comment_status":"open","ping_status":"open","sticky":false,"template":"","format":"standard","meta":{"footnotes":""},"categories":[38],"tags":[],"class_list":["post-11915","post","type-post","status-publish","format-standard","has-post-thumbnail","hentry","category-regional"],"jetpack_featured_media_url":"https:\/\/radiorevelacionfm.cl\/wp-content\/uploads\/2021\/12\/programa-polideportivo-foto-3-2_optimized.jpg","_links":{"self":[{"href":"https:\/\/radiorevelacionfm.cl\/index.php?rest_route=\/wp\/v2\/posts\/11915","targetHints":{"allow":["GET"]}}],"collection":[{"href":"https:\/\/radiorevelacionfm.cl\/index.php?rest_route=\/wp\/v2\/posts"}],"about":[{"href":"https:\/\/radiorevelacionfm.cl\/index.php?rest_route=\/wp\/v2\/types\/post"}],"author":[{"embeddable":true,"href":"https:\/\/radiorevelacionfm.cl\/index.php?rest_route=\/wp\/v2\/users\/1"}],"replies":[{"embeddable":true,"href":"https:\/\/radiorevelacionfm.cl\/index.php?rest_route=%2Fwp%2Fv2%2Fcomments&post=11915"}],"version-history":[{"count":2,"href":"https:\/\/radiorevelacionfm.cl\/index.php?rest_route=\/wp\/v2\/posts\/11915\/revisions"}],"predecessor-version":[{"id":11923,"href":"https:\/\/radiorevelacionfm.cl\/index.php?rest_route=\/wp\/v2\/posts\/11915\/revisions\/11923"}],"wp:featuredmedia":[{"embeddable":true,"href":"https:\/\/radiorevelacionfm.cl\/index.php?rest_route=\/wp\/v2\/media\/11916"}],"wp:attachment":[{"href":"https:\/\/radiorevelacionfm.cl\/index.php?rest_route=%2Fwp%2Fv2%2Fmedia&parent=11915"}],"wp:term":[{"taxonomy":"category","embeddable":true,"href":"https:\/\/radiorevelacionfm.cl\/index.php?rest_route=%2Fwp%2Fv2%2Fcategories&post=11915"},{"taxonomy":"post_tag","embeddable":true,"href":"https:\/\/radiorevelacionfm.cl\/index.php?rest_route=%2Fwp%2Fv2%2Ftags&post=11915"}],"curies":[{"name":"wp","href":"https:\/\/api.w.org\/{rel}","templated":true}]}}