{"id":11912,"date":"2021-12-16T09:18:58","date_gmt":"2021-12-16T12:18:58","guid":{"rendered":"https:\/\/radiorevelacionfm.cl\/?p=11912"},"modified":"2021-12-16T09:18:58","modified_gmt":"2021-12-16T12:18:58","slug":"recuerdan-que-trabajadores-tienen-permiso-legal-de-2-horas-para-votar-en-elecciones-de-este-domingo-19-de-diciembre","status":"publish","type":"post","link":"https:\/\/radiorevelacionfm.cl\/?p=11912","title":{"rendered":"Recuerdan que trabajadores tienen permiso legal de 2 horas para votar en elecciones de este domingo 19 de diciembre"},"content":{"rendered":"<div class=\"flex_column av_one_full  flex_column_div av-zero-column-padding first  avia-builder-el-0  el_before_av_one_full  avia-builder-el-first  \" style='border-radius:0px; '><div  class='avia-image-container  av-styling-    avia-builder-el-1  avia-builder-el-no-sibling  avia-align-center '  itemprop=\"image\" itemscope=\"itemscope\" itemtype=\"https:\/\/schema.org\/ImageObject\"  ><div class='avia-image-container-inner'><div class='avia-image-overlay-wrap'><img decoding=\"async\" class='wp-image-11913 avia-img-lazy-loading-not-11913 avia_image' src=\"https:\/\/radiorevelacionfm.cl\/wp-content\/uploads\/2021\/12\/permiso-elecciones-37-b-2_optimized.jpg\" alt='' title='permiso-elecciones-(37)-b-2_optimized' height=\"600\" width=\"899\"  itemprop=\"thumbnailUrl\" srcset=\"https:\/\/radiorevelacionfm.cl\/wp-content\/uploads\/2021\/12\/permiso-elecciones-37-b-2_optimized.jpg 899w, https:\/\/radiorevelacionfm.cl\/wp-content\/uploads\/2021\/12\/permiso-elecciones-37-b-2_optimized-300x200.jpg 300w, https:\/\/radiorevelacionfm.cl\/wp-content\/uploads\/2021\/12\/permiso-elecciones-37-b-2_optimized-768x513.jpg 768w, https:\/\/radiorevelacionfm.cl\/wp-content\/uploads\/2021\/12\/permiso-elecciones-37-b-2_optimized-705x471.jpg 705w, https:\/\/radiorevelacionfm.cl\/wp-content\/uploads\/2021\/12\/permiso-elecciones-37-b-2_optimized-600x400.jpg 600w\" sizes=\"(max-width: 899px) 100vw, 899px\" \/><\/div><\/div><\/div><\/div><div class=\"flex_column av_one_full  flex_column_div av-zero-column-padding first  avia-builder-el-2  el_after_av_one_full  el_before_av_one_full  column-top-margin\" style='border-radius:0px; '><section class=\"av_textblock_section \"  itemscope=\"itemscope\" itemtype=\"https:\/\/schema.org\/BlogPosting\" itemprop=\"blogPost\" ><div class='avia_textblock  '   itemprop=\"text\" ><p style=\"text-align: center;\"><span style=\"font-size: 18pt;\"><b>Recuerdan que trabajadores tienen permiso legal de 2 horas para votar en elecciones de este domingo 19 de diciembre<\/b><\/span><\/p>\n<div id=\"gtx-trans\" style=\"position: absolute; left: -50px; top: 4.31534px;\">\n<div class=\"gtx-trans-icon\"><\/div>\n<\/div>\n<\/div><\/section><\/div><div class=\"flex_column av_one_full  flex_column_div av-zero-column-padding first  avia-builder-el-4  el_after_av_one_full  el_before_av_hr  column-top-margin\" style='border-radius:0px; '><section class=\"av_textblock_section \"  itemscope=\"itemscope\" itemtype=\"https:\/\/schema.org\/BlogPosting\" itemprop=\"blogPost\" ><div class='avia_textblock  '   itemprop=\"text\" ><p class=\"v1MsoNormal\" style=\"text-align: justify;\">La Direcci\u00f3n del Trabajo (DT) fiscalizar\u00e1 este domingo 19 de diciembre, d\u00eda de la segunda vuelta de las elecciones presidenciales, que se respete el derecho a sufragio de los trabajadores que deban laborar ese d\u00eda.<\/p>\n<p class=\"v1MsoNormal\" style=\"text-align: justify;\">La Directora regional del Trabajo, Victoria Sierra, anunci\u00f3 que se fiscalizar\u00e1n las denuncias que sean recibidas y coment\u00f3 los detalles del permiso laboral, \u00abEl comercio y otras actividades productivas pueden funcionar este domingo 19 de diciembre que es d\u00eda de elecciones, salvo las tiendas que sean centros comerciales tipo mall con administraci\u00f3n \u00fanica, lo cual en nuestra Regi\u00f3n de Ays\u00e9n no hay. Como Direcci\u00f3n del Trabajo tenemos el deber de recordar a los trabajadores\/as y empleadores que este domingo tienen como derecho legal 2 horas para ir a votar en las elecciones, el que es independiente a la hora de colaci\u00f3n y no puede haber un descuento en sus remuneraciones. Este permiso es un derecho y solicitamos a quienes deban trabajar ese d\u00eda y a quienes se les niegue el permiso, a realizar la denuncia en el n\u00famero 600 450 4000, entre las 09:00 y las 14:00 horas de este domingo, ya que nuestros fiscalizadores estar\u00e1n de turno, atentos a los requerimientos, ya sea para orientar o para recibir las denuncias\u00bb, afirm\u00f3 la autoridad.<\/p>\n<p class=\"v1MsoNormal\" style=\"text-align: justify;\">Un llamado a los empleadores a respetar este derecho laboral realiz\u00f3 Andrea Ponce, Seremi del Trabajo y Previsi\u00f3n Social, \u00abTodos los chilenos y chilenas tienen derecho de ejercer su deber ciudadano de votar en las elecciones y por eso hacemos un llamado a los empleadores a respetar este derecho laboral y otorgar el permiso de 2 horas, llegando a acuerdos y teniendo flexibilidad, teniendo en cuenta que los trabajadores y trabajadoras deben trasladarse y tal vez tengan que hacer filas para votar. Afortunadamente en nuestra Regi\u00f3n de Ays\u00e9n no hemos tenido que cursar multas a alguna empresa por no dar este permiso laboral y esperamos que ello contin\u00fae as\u00ed, y si alguien ve vulnerado su derecho, llame para denunciar a la Direcci\u00f3n del Trabajo. Recordamos adem\u00e1s que la pandemia no ha terminado y que vayan a votar usando mascarilla, llevando su alcohol gel y l\u00e1piz pasta azul, adem\u00e1s de mantener distancia f\u00edsica\u00bb.<\/p>\n<p class=\"v1MsoNormal\" style=\"text-align: justify;\"><strong>Permiso para acudir a votar <\/strong><\/p>\n<p class=\"v1MsoNormal\" style=\"text-align: justify;\">Respecto del permiso para sufragar, la DT inform\u00f3 que se fiscalizar\u00e1:<\/p>\n<p class=\"v1MsoNormal\" style=\"text-align: justify;\">\u00d8\u00a0 Otorgamiento de permiso de dos horas para sufragar a aquellos trabajadores que deban laborar ese d\u00eda. <strong>Sanciones de entre 3 y 60 Unidades Tributarias Mensuales por infracci\u00f3n. Es decir, fluctuar\u00e1n entre los $162.513 y los $3.250.260, dependiendo de si la empresa es micro, peque\u00f1a, mediana o grande. <\/strong><\/p>\n<div style=\"text-align: justify;\"><strong>\u00d8\u00a0 Otorgamiento de permiso laboral a los trabajadores designados como vocales de mesa, miembros de colegios escrutadores o delegados de la Junta Electoral. Las multas aplicables son las mismas del caso anterior.<\/strong><\/div>\n<\/div><\/section><\/div><div  style='height:50px' class='hr hr-invisible   avia-builder-el-6  el_after_av_one_full  el_before_av_social_share '><span class='hr-inner ' ><span class='hr-inner-style'><\/span><\/span><\/div><\/p>\n<div  class='av-social-sharing-box  avia-builder-el-7  el_after_av_hr  el_before_av_hr  '><div class='av-share-box'><h5 class='av-share-link-description av-no-toc '>Compartir esta noticia<\/h5><ul class='av-share-box-list noLightbox'><li class='av-share-link av-social-link-facebook' ><a target=\"_blank\" aria-label=\"Compartir en Facebook\" href='https:\/\/www.facebook.com\/sharer.php?u=https:\/\/radiorevelacionfm.cl\/?p=11912&#038;t=Recuerdan%20que%20trabajadores%20tienen%20permiso%20legal%20de%202%20horas%20para%20votar%20en%20elecciones%20de%20este%20domingo%2019%20de%20diciembre' aria-hidden='false' data-av_icon='\ue8f3' data-av_iconfont='entypo-fontello' title='' data-avia-related-tooltip='Compartir en Facebook' rel=\"noopener\"><span class='avia_hidden_link_text'>Compartir en Facebook<\/span><\/a><\/li><li class='av-share-link av-social-link-twitter' ><a target=\"_blank\" aria-label=\"Compartir en Twitter\" href='https:\/\/twitter.com\/share?text=Recuerdan%20que%20trabajadores%20tienen%20permiso%20legal%20de%202%20horas%20para%20votar%20en%20elecciones%20de%20este%20domingo%2019%20de%20diciembre&#038;url=https:\/\/radiorevelacionfm.cl\/?p=11912' aria-hidden='false' data-av_icon='\ue8f1' data-av_iconfont='entypo-fontello' title='' data-avia-related-tooltip='Compartir en Twitter' rel=\"noopener\"><span class='avia_hidden_link_text'>Compartir en Twitter<\/span><\/a><\/li><li class='av-share-link av-social-link-whatsapp' ><a target=\"_blank\" aria-label=\"Compartir en Whatsapp\" href='https:\/\/api.whatsapp.com\/send?text=https:\/\/radiorevelacionfm.cl\/?p=11912' aria-hidden='false' data-av_icon='\uf232' data-av_iconfont='entypo-fontello' title='' data-avia-related-tooltip='Compartir en Whatsapp' rel=\"noopener\"><span class='avia_hidden_link_text'>Compartir en Whatsapp<\/span><\/a><\/li><li class='av-share-link av-social-link-linkedin' ><a target=\"_blank\" aria-label=\"Compartir en LinkedIn\" href='https:\/\/linkedin.com\/shareArticle?mini=true&#038;title=Recuerdan%20que%20trabajadores%20tienen%20permiso%20legal%20de%202%20horas%20para%20votar%20en%20elecciones%20de%20este%20domingo%2019%20de%20diciembre&#038;url=https:\/\/radiorevelacionfm.cl\/?p=11912' aria-hidden='false' data-av_icon='\ue8fc' data-av_iconfont='entypo-fontello' title='' data-avia-related-tooltip='Compartir en LinkedIn' rel=\"noopener\"><span class='avia_hidden_link_text'>Compartir en LinkedIn<\/span><\/a><\/li><li class='av-share-link av-social-link-mail' ><a  aria-label=\"Compartir por correo\" href='mailto:?subject=Recuerdan%20que%20trabajadores%20tienen%20permiso%20legal%20de%202%20horas%20para%20votar%20en%20elecciones%20de%20este%20domingo%2019%20de%20diciembre&#038;body=https:\/\/radiorevelacionfm.cl\/?p=11912' aria-hidden='false' data-av_icon='\ue805' data-av_iconfont='entypo-fontello' title='' data-avia-related-tooltip='Compartir por correo'><span class='avia_hidden_link_text'>Compartir por correo<\/span><\/a><\/li><\/ul><\/div><\/div>\n<div  style='height:50px' class='hr hr-invisible   avia-builder-el-8  el_after_av_social_share  el_before_av_comments_list '><span class='hr-inner ' ><span class='hr-inner-style'><\/span><\/span><\/div>\n<div  class='av-buildercomment  av-blog-meta-html-info-disabled av-blog-meta-tag-disabled  '><\/div>\n","protected":false},"excerpt":{"rendered":"","protected":false},"author":1,"featured_media":11913,"comment_status":"open","ping_status":"open","sticky":false,"template":"","format":"standard","meta":{"footnotes":""},"categories":[56],"tags":[],"class_list":["post-11912","post","type-post","status-publish","format-standard","has-post-thumbnail","hentry","category-trabajo"],"jetpack_featured_media_url":"https:\/\/radiorevelacionfm.cl\/wp-content\/uploads\/2021\/12\/permiso-elecciones-37-b-2_optimized.jpg","_links":{"self":[{"href":"https:\/\/radiorevelacionfm.cl\/index.php?rest_route=\/wp\/v2\/posts\/11912","targetHints":{"allow":["GET"]}}],"collection":[{"href":"https:\/\/radiorevelacionfm.cl\/index.php?rest_route=\/wp\/v2\/posts"}],"about":[{"href":"https:\/\/radiorevelacionfm.cl\/index.php?rest_route=\/wp\/v2\/types\/post"}],"author":[{"embeddable":true,"href":"https:\/\/radiorevelacionfm.cl\/index.php?rest_route=\/wp\/v2\/users\/1"}],"replies":[{"embeddable":true,"href":"https:\/\/radiorevelacionfm.cl\/index.php?rest_route=%2Fwp%2Fv2%2Fcomments&post=11912"}],"version-history":[{"count":2,"href":"https:\/\/radiorevelacionfm.cl\/index.php?rest_route=\/wp\/v2\/posts\/11912\/revisions"}],"predecessor-version":[{"id":11919,"href":"https:\/\/radiorevelacionfm.cl\/index.php?rest_route=\/wp\/v2\/posts\/11912\/revisions\/11919"}],"wp:featuredmedia":[{"embeddable":true,"href":"https:\/\/radiorevelacionfm.cl\/index.php?rest_route=\/wp\/v2\/media\/11913"}],"wp:attachment":[{"href":"https:\/\/radiorevelacionfm.cl\/index.php?rest_route=%2Fwp%2Fv2%2Fmedia&parent=11912"}],"wp:term":[{"taxonomy":"category","embeddable":true,"href":"https:\/\/radiorevelacionfm.cl\/index.php?rest_route=%2Fwp%2Fv2%2Fcategories&post=11912"},{"taxonomy":"post_tag","embeddable":true,"href":"https:\/\/radiorevelacionfm.cl\/index.php?rest_route=%2Fwp%2Fv2%2Ftags&post=11912"}],"curies":[{"name":"wp","href":"https:\/\/api.w.org\/{rel}","templated":true}]}}