{"id":11908,"date":"2021-12-15T18:42:12","date_gmt":"2021-12-15T21:42:12","guid":{"rendered":"https:\/\/radiorevelacionfm.cl\/?p=11908"},"modified":"2021-12-15T18:42:12","modified_gmt":"2021-12-15T21:42:12","slug":"vecinas-y-vecinos-valoran-taller-de-comida-saludable-realizado-en-villa-amengual","status":"publish","type":"post","link":"https:\/\/radiorevelacionfm.cl\/?p=11908","title":{"rendered":"Vecinas y vecinos valoran taller de comida saludable realizado en Villa Amengual"},"content":{"rendered":"<div class=\"flex_column av_one_full  flex_column_div av-zero-column-padding first  avia-builder-el-0  el_before_av_one_full  avia-builder-el-first  \" style='border-radius:0px; '><div  class='avia-image-container  av-styling-    avia-builder-el-1  avia-builder-el-no-sibling  avia-align-center '  itemprop=\"image\" itemscope=\"itemscope\" itemtype=\"https:\/\/schema.org\/ImageObject\"  ><div class='avia-image-container-inner'><div class='avia-image-overlay-wrap'><img decoding=\"async\" class='wp-image-11909 avia-img-lazy-loading-not-11909 avia_image' src=\"https:\/\/radiorevelacionfm.cl\/wp-content\/uploads\/2021\/12\/TALLER-AMENGUAL10-2-2.jpeg\" alt='' title='TALLER AMENGUAL10-2-2' height=\"600\" width=\"800\"  itemprop=\"thumbnailUrl\" srcset=\"https:\/\/radiorevelacionfm.cl\/wp-content\/uploads\/2021\/12\/TALLER-AMENGUAL10-2-2.jpeg 800w, https:\/\/radiorevelacionfm.cl\/wp-content\/uploads\/2021\/12\/TALLER-AMENGUAL10-2-2-300x225.jpeg 300w, https:\/\/radiorevelacionfm.cl\/wp-content\/uploads\/2021\/12\/TALLER-AMENGUAL10-2-2-768x576.jpeg 768w, https:\/\/radiorevelacionfm.cl\/wp-content\/uploads\/2021\/12\/TALLER-AMENGUAL10-2-2-705x529.jpeg 705w, https:\/\/radiorevelacionfm.cl\/wp-content\/uploads\/2021\/12\/TALLER-AMENGUAL10-2-2-600x450.jpeg 600w\" sizes=\"(max-width: 800px) 100vw, 800px\" \/><\/div><\/div><\/div><\/div><div class=\"flex_column av_one_full  flex_column_div av-zero-column-padding first  avia-builder-el-2  el_after_av_one_full  el_before_av_one_full  column-top-margin\" style='border-radius:0px; '><section class=\"av_textblock_section \"  itemscope=\"itemscope\" itemtype=\"https:\/\/schema.org\/BlogPosting\" itemprop=\"blogPost\" ><div class='avia_textblock  '   itemprop=\"text\" ><p style=\"text-align: center;\"><strong><span style=\"font-size: 18pt;\">Vecinas y vecinos valoran taller de comida saludable realizado en Villa Amengual <\/span><\/strong><\/p>\n<div id=\"gtx-trans\" style=\"position: absolute; left: -50px; top: 4.31534px;\">\n<div class=\"gtx-trans-icon\"><\/div>\n<\/div>\n<\/div><\/section><\/div><div class=\"flex_column av_one_full  flex_column_div av-zero-column-padding first  avia-builder-el-4  el_after_av_one_full  el_before_av_hr  column-top-margin\" style='border-radius:0px; '><section class=\"av_textblock_section \"  itemscope=\"itemscope\" itemtype=\"https:\/\/schema.org\/BlogPosting\" itemprop=\"blogPost\" ><div class='avia_textblock  '   itemprop=\"text\" ><p style=\"text-align: justify;\">Varios fueron los vecinos y vecinas de Villa Amengual que recientemente participaron del \u201ctaller de comida saludable en base a legumbres\u201d, que se dict\u00f3 en la casa comunitaria y que surgi\u00f3 por un requerimiento de la misma ciudadan\u00eda, canalizado a trav\u00e9s de Prodesal, la Municipalidad de Lago Verde y la Posta de Salud del sector. Tal como lo cuenta el encargado de Prodesal Tapera \u2013 Amengual, Pablo Sandoval.<\/p>\n<p style=\"text-align: justify;\">\u201cEl taller de comidas saludables en base a legumbres, se efectu\u00f3 a trav\u00e9s de una conversaci\u00f3n entre la gente de la Posta de Salud Rural de Villa Amengual y de Prodesal representando al Municipio. Esta actividad se llev\u00f3 a cabo gracias a esta acci\u00f3n mancomunada y se obtuvieron buenos resultados. La actividad fue realizada por una profesional del \u00e1rea de la alimentaci\u00f3n, que es Karen Hern\u00e1ndez, quien puso a disposici\u00f3n sus conocimientos y toda su amabilidad, para que las participantes y los participantes a esta taller, puedan llevarse la mejor experiencia\u201d.<\/p>\n<p style=\"text-align: justify;\">En tanto, la doctora de la Posta de Salud Rural de Villa Amengual, Carolina Maldonado, relev\u00f3 el hecho de que esta actividad haya surgido desde la propia comunidad.<\/p>\n<p style=\"text-align: justify;\">\u201cHicimos un taller de cocina saludable en conjunto con la Municipalidad de Lago Verde y Prodesal, que surgi\u00f3 a ra\u00edz de la necesidad de la poblaci\u00f3n de Villa Amengual de mejorar su calidad de alimentaci\u00f3n, ya que la prevalencia de enfermedades cardiovasculares y metab\u00f3licas es mayor que la poblaci\u00f3n general. Esto se debe mayoritariamente al estilo de vida sedentaria y a la alimentaci\u00f3n alta en carnes, azucares da\u00f1inas y grasas saturadas, bajas en fuentes de prote\u00edna variada, prote\u00ednas, minerales\u201d.<\/p>\n<p style=\"text-align: justify;\">Karen Hern\u00e1ndez, fue la profesional del \u00e1rea de alimentaci\u00f3n que estuvo a cargo del taller y evalu\u00f3 positivamente la interacci\u00f3n con la comunidad.<\/p>\n<p style=\"text-align: justify;\">\u201cS\u00faper bien, pens\u00e9 que iba a venir menos gente, pero las personas que participaron fue todo muy din\u00e1mico, muy ordenado, todos muy cooperadores, eso se agradece mucho, todo muy lindo. Los platos tienen su peque\u00f1o proceso, pero ninguna dificultad en general, pudimos hacer los platos de manera ordenada, todos los entendieron, as\u00ed es que, eso es lo importante y me voy tranquila porque todos aprendieron a hacer estas legumbres, que son tan saludables para nuestro d\u00eda a d\u00eda\u201d.<\/p>\n<p style=\"text-align: justify;\">La se\u00f1ora Ingrid Santana, vecina de Villa Amengual, qued\u00f3 maravillada con la actividad y agradecida por la din\u00e1mica del taller.<\/p>\n<p style=\"text-align: justify;\">\u201cS\u00faper lindo, muy bonito y aprendimos como cocinar comida sana. Uno conoce como preparar los porotos, las lentejas, as\u00ed como se cocina habitualmente, pero esto fue maravilloso, muy bonito. Yo no sab\u00eda hacer hamburguesas de legumbres y aprend\u00ed a hacer otras cositas m\u00e1s como las ensaladas de porotos, las cremas, pur\u00e9 de arvejas, qued\u00f3 todo muy rico, as\u00ed es que, agradecida de la se\u00f1orita que nos vino a ense\u00f1ar\u201d.<\/p>\n<p style=\"text-align: justify;\">Desde el Municipio y en la administraci\u00f3n que dirige el Alcalde, Nelson Opazo L\u00f3pez, se ha dispuesto permanentemente la colaboraci\u00f3n en este tipo de iniciativas, que d\u00eda a d\u00eda lleven a las familias de la comuna a tener una mejor calidad de vida.<\/p>\n<\/div><\/section><\/div><div  style='height:50px' class='hr hr-invisible   avia-builder-el-6  el_after_av_one_full  el_before_av_social_share '><span class='hr-inner ' ><span class='hr-inner-style'><\/span><\/span><\/div><\/p>\n<div  class='av-social-sharing-box  avia-builder-el-7  el_after_av_hr  el_before_av_hr  '><div class='av-share-box'><h5 class='av-share-link-description av-no-toc '>Compartir esta noticia<\/h5><ul class='av-share-box-list noLightbox'><li class='av-share-link av-social-link-facebook' ><a target=\"_blank\" aria-label=\"Compartir en Facebook\" href='https:\/\/www.facebook.com\/sharer.php?u=https:\/\/radiorevelacionfm.cl\/?p=11908&#038;t=Vecinas%20y%20vecinos%20valoran%20taller%20de%20comida%20saludable%20realizado%20en%20Villa%20Amengual' aria-hidden='false' data-av_icon='\ue8f3' data-av_iconfont='entypo-fontello' title='' data-avia-related-tooltip='Compartir en Facebook' rel=\"noopener\"><span class='avia_hidden_link_text'>Compartir en Facebook<\/span><\/a><\/li><li class='av-share-link av-social-link-twitter' ><a target=\"_blank\" aria-label=\"Compartir en Twitter\" href='https:\/\/twitter.com\/share?text=Vecinas%20y%20vecinos%20valoran%20taller%20de%20comida%20saludable%20realizado%20en%20Villa%20Amengual&#038;url=https:\/\/radiorevelacionfm.cl\/?p=11908' aria-hidden='false' data-av_icon='\ue8f1' data-av_iconfont='entypo-fontello' title='' data-avia-related-tooltip='Compartir en Twitter' rel=\"noopener\"><span class='avia_hidden_link_text'>Compartir en Twitter<\/span><\/a><\/li><li class='av-share-link av-social-link-whatsapp' ><a target=\"_blank\" aria-label=\"Compartir en Whatsapp\" href='https:\/\/api.whatsapp.com\/send?text=https:\/\/radiorevelacionfm.cl\/?p=11908' aria-hidden='false' data-av_icon='\uf232' data-av_iconfont='entypo-fontello' title='' data-avia-related-tooltip='Compartir en Whatsapp' rel=\"noopener\"><span class='avia_hidden_link_text'>Compartir en Whatsapp<\/span><\/a><\/li><li class='av-share-link av-social-link-linkedin' ><a target=\"_blank\" aria-label=\"Compartir en LinkedIn\" href='https:\/\/linkedin.com\/shareArticle?mini=true&#038;title=Vecinas%20y%20vecinos%20valoran%20taller%20de%20comida%20saludable%20realizado%20en%20Villa%20Amengual&#038;url=https:\/\/radiorevelacionfm.cl\/?p=11908' aria-hidden='false' data-av_icon='\ue8fc' data-av_iconfont='entypo-fontello' title='' data-avia-related-tooltip='Compartir en LinkedIn' rel=\"noopener\"><span class='avia_hidden_link_text'>Compartir en LinkedIn<\/span><\/a><\/li><li class='av-share-link av-social-link-mail' ><a  aria-label=\"Compartir por correo\" href='mailto:?subject=Vecinas%20y%20vecinos%20valoran%20taller%20de%20comida%20saludable%20realizado%20en%20Villa%20Amengual&#038;body=https:\/\/radiorevelacionfm.cl\/?p=11908' aria-hidden='false' data-av_icon='\ue805' data-av_iconfont='entypo-fontello' title='' data-avia-related-tooltip='Compartir por correo'><span class='avia_hidden_link_text'>Compartir por correo<\/span><\/a><\/li><\/ul><\/div><\/div>\n<div  style='height:50px' class='hr hr-invisible   avia-builder-el-8  el_after_av_social_share  el_before_av_comments_list '><span class='hr-inner ' ><span class='hr-inner-style'><\/span><\/span><\/div>\n<div  class='av-buildercomment  av-blog-meta-html-info-disabled av-blog-meta-tag-disabled  '><\/div>\n","protected":false},"excerpt":{"rendered":"","protected":false},"author":1,"featured_media":11909,"comment_status":"open","ping_status":"open","sticky":false,"template":"","format":"standard","meta":{"footnotes":""},"categories":[38],"tags":[],"class_list":["post-11908","post","type-post","status-publish","format-standard","has-post-thumbnail","hentry","category-regional"],"jetpack_featured_media_url":"https:\/\/radiorevelacionfm.cl\/wp-content\/uploads\/2021\/12\/TALLER-AMENGUAL10-2-2.jpeg","_links":{"self":[{"href":"https:\/\/radiorevelacionfm.cl\/index.php?rest_route=\/wp\/v2\/posts\/11908","targetHints":{"allow":["GET"]}}],"collection":[{"href":"https:\/\/radiorevelacionfm.cl\/index.php?rest_route=\/wp\/v2\/posts"}],"about":[{"href":"https:\/\/radiorevelacionfm.cl\/index.php?rest_route=\/wp\/v2\/types\/post"}],"author":[{"embeddable":true,"href":"https:\/\/radiorevelacionfm.cl\/index.php?rest_route=\/wp\/v2\/users\/1"}],"replies":[{"embeddable":true,"href":"https:\/\/radiorevelacionfm.cl\/index.php?rest_route=%2Fwp%2Fv2%2Fcomments&post=11908"}],"version-history":[{"count":2,"href":"https:\/\/radiorevelacionfm.cl\/index.php?rest_route=\/wp\/v2\/posts\/11908\/revisions"}],"predecessor-version":[{"id":11911,"href":"https:\/\/radiorevelacionfm.cl\/index.php?rest_route=\/wp\/v2\/posts\/11908\/revisions\/11911"}],"wp:featuredmedia":[{"embeddable":true,"href":"https:\/\/radiorevelacionfm.cl\/index.php?rest_route=\/wp\/v2\/media\/11909"}],"wp:attachment":[{"href":"https:\/\/radiorevelacionfm.cl\/index.php?rest_route=%2Fwp%2Fv2%2Fmedia&parent=11908"}],"wp:term":[{"taxonomy":"category","embeddable":true,"href":"https:\/\/radiorevelacionfm.cl\/index.php?rest_route=%2Fwp%2Fv2%2Fcategories&post=11908"},{"taxonomy":"post_tag","embeddable":true,"href":"https:\/\/radiorevelacionfm.cl\/index.php?rest_route=%2Fwp%2Fv2%2Ftags&post=11908"}],"curies":[{"name":"wp","href":"https:\/\/api.w.org\/{rel}","templated":true}]}}