{"id":11903,"date":"2021-12-15T18:10:17","date_gmt":"2021-12-15T21:10:17","guid":{"rendered":"https:\/\/radiorevelacionfm.cl\/?p=11903"},"modified":"2021-12-15T18:11:06","modified_gmt":"2021-12-15T21:11:06","slug":"anuncian-aumento-de-servicios-gratuitos-de-transporte-para-las-elecciones-del-proximo-domingo","status":"publish","type":"post","link":"https:\/\/radiorevelacionfm.cl\/?p=11903","title":{"rendered":"Anuncian aumento de servicios gratuitos de transporte para las elecciones del pr\u00f3ximo domingo"},"content":{"rendered":"<div class=\"flex_column av_one_full  flex_column_div av-zero-column-padding first  avia-builder-el-0  el_before_av_one_full  avia-builder-el-first  \" style='border-radius:0px; '><div  class='avia-image-container  av-styling-    avia-builder-el-1  avia-builder-el-no-sibling  avia-align-center '  itemprop=\"image\" itemscope=\"itemscope\" itemtype=\"https:\/\/schema.org\/ImageObject\"  ><div class='avia-image-container-inner'><div class='avia-image-overlay-wrap'><img decoding=\"async\" class='wp-image-11904 avia-img-lazy-loading-not-11904 avia_image' src=\"https:\/\/radiorevelacionfm.cl\/wp-content\/uploads\/2021\/12\/transporte-votaciones-2-2.jpg\" alt='' title='transporte votaciones-2-2' height=\"600\" width=\"800\"  itemprop=\"thumbnailUrl\" srcset=\"https:\/\/radiorevelacionfm.cl\/wp-content\/uploads\/2021\/12\/transporte-votaciones-2-2.jpg 800w, https:\/\/radiorevelacionfm.cl\/wp-content\/uploads\/2021\/12\/transporte-votaciones-2-2-300x225.jpg 300w, https:\/\/radiorevelacionfm.cl\/wp-content\/uploads\/2021\/12\/transporte-votaciones-2-2-768x576.jpg 768w, https:\/\/radiorevelacionfm.cl\/wp-content\/uploads\/2021\/12\/transporte-votaciones-2-2-705x529.jpg 705w, https:\/\/radiorevelacionfm.cl\/wp-content\/uploads\/2021\/12\/transporte-votaciones-2-2-600x450.jpg 600w\" sizes=\"(max-width: 800px) 100vw, 800px\" \/><\/div><\/div><\/div><\/div><div class=\"flex_column av_one_full  flex_column_div av-zero-column-padding first  avia-builder-el-2  el_after_av_one_full  el_before_av_one_full  column-top-margin\" style='border-radius:0px; '><section class=\"av_textblock_section \"  itemscope=\"itemscope\" itemtype=\"https:\/\/schema.org\/BlogPosting\" itemprop=\"blogPost\" ><div class='avia_textblock  '   itemprop=\"text\" ><p style=\"text-align: center;\"><strong><span style=\"font-size: 18pt;\">Anuncian aumento de servicios gratuitos de transporte para las elecciones del pr\u00f3ximo domingo<\/span><\/strong><\/p>\n<div id=\"gtx-trans\" style=\"position: absolute; left: -50px; top: 4.31534px;\">\n<div class=\"gtx-trans-icon\"><\/div>\n<\/div>\n<\/div><\/section><\/div><\/p>\n<div class=\"flex_column av_one_full  flex_column_div av-zero-column-padding first  avia-builder-el-4  el_after_av_one_full  el_before_av_hr  column-top-margin\" style='border-radius:0px; '><section class=\"av_textblock_section \"  itemscope=\"itemscope\" itemtype=\"https:\/\/schema.org\/BlogPosting\" itemprop=\"blogPost\" ><div class='avia_textblock  '   itemprop=\"text\" ><p style=\"text-align: justify;\">A 96 horas de que se desarrolle la segunda vuelta presidencial en todo el pa\u00eds, y teniendo presente que siempre se insiste en el llamado a participar de los comicios electorales, desde el Gobierno de Chile y el ministerio de Transportes y Telecomunicaciones dieron cuenta de los 62 servicios gratuitos para facilitar su traslado a los 37 locales de votaci\u00f3n dispuestos a lo largo y ancho de la regi\u00f3n; aumentando en 3 los servicios si se comparan con el \u00faltimo proceso.<\/p>\n<p style=\"text-align: justify;\">Lo anterior fue ampliamente detallado por la Delegada Presidencial Regional, Margarita Ossa Rojas, junto al seremi de Transportes y Telecomunicaciones, Fabi\u00e1n Rojas Mu\u00f1oz, se\u00f1alando la primera que \u201cnos parece fundamental articular y mejorar todo lo que han sido nuestros servicios especiales para el traslado de todas aquellas personas que tienen que cumplir con su derecho electoral; para eso en la regi\u00f3n hemos aumentado en 23 servicios m\u00e1s para estas elecciones, llegando a un total de 62 servicios\u201d, agregando posteriormente que \u201cse agregaron tres servicios nuevos: Coyhaique-Lago Centeno-Lago Portales, Ma\u00f1ihuales-Ays\u00e9n y Cochrane-Lago Brown. Adem\u00e1s, se adicion\u00f3 una frecuencia m\u00e1s desde Puerto Gala hacia Puerto Cisnes para que las personas puedan trasladarse a los distintos locales de votaci\u00f3n\u201d, indic\u00f3.<\/p>\n<p style=\"text-align: justify;\">Por su parte el seremi de Transportes y Telecomunicaciones, Fabi\u00e1n Rojas Mu\u00f1oz, complement\u00f3 que el servicio agregado para estas elecciones en la ruta Villa Ma\u00f1ihuales \u2013 Puerto Ays\u00e9n podr\u00e1 hacer combinaci\u00f3n con otro de los medios de transporte dispuestos para estas elecciones en la ruta Coyhaique \u2013 Puerto Ays\u00e9n.<\/p>\n<p style=\"text-align: justify;\">\u201cEl domingo no tenemos servicio de transporte en esta ruta, por lo tanto el d\u00eda domingo va a funcionar con dos vueltas al d\u00eda a las 9 de la ma\u00f1ana y a las 14:30 saliendo de Coyhaique y a las 10:30 y 16:30 saliendo de Puerto Ays\u00e9n. Con este servicio van a poder trasladarse los vecinos de Villa Ma\u00f1ihuales que necesitan votar en Coyhaique\u201d, explic\u00f3.<\/p>\n<p style=\"text-align: justify;\"><strong>Puerto Gala<\/strong><\/p>\n<p style=\"text-align: justify;\">Rojas tambi\u00e9n se refiri\u00f3 a la situaci\u00f3n de los votantes de Puerto Gala en la primera vuelta presidencial: \u201cEn el caso de las votaciones anteriores no se pudo ejecutar el servicio por las malas condiciones clim\u00e1ticas. Teniendo presente que hay muchos vecinos que van a participar en las elecciones y el tiempo va a estar bueno, vamos\u00a0 a reforzar con un viaje adicional ya que la lancha podr\u00e1 movilizar a todos los electores de la isla\u201d.<\/p>\n<p style=\"text-align: justify;\">Por \u00faltimo, el secretario regional ministerial inform\u00f3 que en el anterior proceso eleccionario pudieron trasladarse m\u00e1s de 600 votantes de sectores rurales y aislados mediante estos servicios espaciales de transporte gratuito, por lo que las autoridades llamaron a los ciudadanos de la regi\u00f3n a participar de estos comicios y ser parte de esta decisi\u00f3n nacional.<\/p>\n<\/div><\/section><\/div>\n<div  style='height:50px' class='hr hr-invisible   avia-builder-el-6  el_after_av_one_full  el_before_av_social_share '><span class='hr-inner ' ><span class='hr-inner-style'><\/span><\/span><\/div>\n<div  class='av-social-sharing-box  avia-builder-el-7  el_after_av_hr  el_before_av_hr  '><div class='av-share-box'><h5 class='av-share-link-description av-no-toc '>Compartir esta noticia<\/h5><ul class='av-share-box-list noLightbox'><li class='av-share-link av-social-link-facebook' ><a target=\"_blank\" aria-label=\"Compartir en Facebook\" href='https:\/\/www.facebook.com\/sharer.php?u=https:\/\/radiorevelacionfm.cl\/?p=11903&#038;t=Anuncian%20aumento%20de%20servicios%20gratuitos%20de%20transporte%20para%20las%20elecciones%20del%20pr%C3%B3ximo%20domingo' aria-hidden='false' data-av_icon='\ue8f3' data-av_iconfont='entypo-fontello' title='' data-avia-related-tooltip='Compartir en Facebook' rel=\"noopener\"><span class='avia_hidden_link_text'>Compartir en Facebook<\/span><\/a><\/li><li class='av-share-link av-social-link-twitter' ><a target=\"_blank\" aria-label=\"Compartir en Twitter\" href='https:\/\/twitter.com\/share?text=Anuncian%20aumento%20de%20servicios%20gratuitos%20de%20transporte%20para%20las%20elecciones%20del%20pr%C3%B3ximo%20domingo&#038;url=https:\/\/radiorevelacionfm.cl\/?p=11903' aria-hidden='false' data-av_icon='\ue8f1' data-av_iconfont='entypo-fontello' title='' data-avia-related-tooltip='Compartir en Twitter' rel=\"noopener\"><span class='avia_hidden_link_text'>Compartir en Twitter<\/span><\/a><\/li><li class='av-share-link av-social-link-whatsapp' ><a target=\"_blank\" aria-label=\"Compartir en Whatsapp\" href='https:\/\/api.whatsapp.com\/send?text=https:\/\/radiorevelacionfm.cl\/?p=11903' aria-hidden='false' data-av_icon='\uf232' data-av_iconfont='entypo-fontello' title='' data-avia-related-tooltip='Compartir en Whatsapp' rel=\"noopener\"><span class='avia_hidden_link_text'>Compartir en Whatsapp<\/span><\/a><\/li><li class='av-share-link av-social-link-linkedin' ><a target=\"_blank\" aria-label=\"Compartir en LinkedIn\" href='https:\/\/linkedin.com\/shareArticle?mini=true&#038;title=Anuncian%20aumento%20de%20servicios%20gratuitos%20de%20transporte%20para%20las%20elecciones%20del%20pr%C3%B3ximo%20domingo&#038;url=https:\/\/radiorevelacionfm.cl\/?p=11903' aria-hidden='false' data-av_icon='\ue8fc' data-av_iconfont='entypo-fontello' title='' data-avia-related-tooltip='Compartir en LinkedIn' rel=\"noopener\"><span class='avia_hidden_link_text'>Compartir en LinkedIn<\/span><\/a><\/li><li class='av-share-link av-social-link-mail' ><a  aria-label=\"Compartir por correo\" href='mailto:?subject=Anuncian%20aumento%20de%20servicios%20gratuitos%20de%20transporte%20para%20las%20elecciones%20del%20pr%C3%B3ximo%20domingo&#038;body=https:\/\/radiorevelacionfm.cl\/?p=11903' aria-hidden='false' data-av_icon='\ue805' data-av_iconfont='entypo-fontello' title='' data-avia-related-tooltip='Compartir por correo'><span class='avia_hidden_link_text'>Compartir por correo<\/span><\/a><\/li><\/ul><\/div><\/div>\n<div  style='height:50px' class='hr hr-invisible   avia-builder-el-8  el_after_av_social_share  el_before_av_comments_list '><span class='hr-inner ' ><span class='hr-inner-style'><\/span><\/span><\/div>\n<div  class='av-buildercomment  av-blog-meta-html-info-disabled av-blog-meta-tag-disabled  '><\/div>\n","protected":false},"excerpt":{"rendered":"","protected":false},"author":1,"featured_media":11904,"comment_status":"open","ping_status":"open","sticky":false,"template":"","format":"standard","meta":{"footnotes":""},"categories":[38],"tags":[],"class_list":["post-11903","post","type-post","status-publish","format-standard","has-post-thumbnail","hentry","category-regional"],"jetpack_featured_media_url":"https:\/\/radiorevelacionfm.cl\/wp-content\/uploads\/2021\/12\/transporte-votaciones-2-2.jpg","_links":{"self":[{"href":"https:\/\/radiorevelacionfm.cl\/index.php?rest_route=\/wp\/v2\/posts\/11903","targetHints":{"allow":["GET"]}}],"collection":[{"href":"https:\/\/radiorevelacionfm.cl\/index.php?rest_route=\/wp\/v2\/posts"}],"about":[{"href":"https:\/\/radiorevelacionfm.cl\/index.php?rest_route=\/wp\/v2\/types\/post"}],"author":[{"embeddable":true,"href":"https:\/\/radiorevelacionfm.cl\/index.php?rest_route=\/wp\/v2\/users\/1"}],"replies":[{"embeddable":true,"href":"https:\/\/radiorevelacionfm.cl\/index.php?rest_route=%2Fwp%2Fv2%2Fcomments&post=11903"}],"version-history":[{"count":3,"href":"https:\/\/radiorevelacionfm.cl\/index.php?rest_route=\/wp\/v2\/posts\/11903\/revisions"}],"predecessor-version":[{"id":11906,"href":"https:\/\/radiorevelacionfm.cl\/index.php?rest_route=\/wp\/v2\/posts\/11903\/revisions\/11906"}],"wp:featuredmedia":[{"embeddable":true,"href":"https:\/\/radiorevelacionfm.cl\/index.php?rest_route=\/wp\/v2\/media\/11904"}],"wp:attachment":[{"href":"https:\/\/radiorevelacionfm.cl\/index.php?rest_route=%2Fwp%2Fv2%2Fmedia&parent=11903"}],"wp:term":[{"taxonomy":"category","embeddable":true,"href":"https:\/\/radiorevelacionfm.cl\/index.php?rest_route=%2Fwp%2Fv2%2Fcategories&post=11903"},{"taxonomy":"post_tag","embeddable":true,"href":"https:\/\/radiorevelacionfm.cl\/index.php?rest_route=%2Fwp%2Fv2%2Ftags&post=11903"}],"curies":[{"name":"wp","href":"https:\/\/api.w.org\/{rel}","templated":true}]}}