{"id":11893,"date":"2021-12-15T15:41:17","date_gmt":"2021-12-15T18:41:17","guid":{"rendered":"https:\/\/radiorevelacionfm.cl\/?p=11893"},"modified":"2021-12-15T15:45:53","modified_gmt":"2021-12-15T18:45:53","slug":"lanzan-semana-de-la-orientacion-vocacional-para-jovenes-que-rindieron-la-pdt","status":"publish","type":"post","link":"https:\/\/radiorevelacionfm.cl\/?p=11893","title":{"rendered":"Lanzan semana de la orientaci\u00f3n vocacional para j\u00f3venes que rindieron la PDT"},"content":{"rendered":"<div class=\"flex_column av_one_full  flex_column_div av-zero-column-padding first  avia-builder-el-0  el_before_av_one_full  avia-builder-el-first  \" style='border-radius:0px; '><div  class='avia-image-container  av-styling-    avia-builder-el-1  avia-builder-el-no-sibling  avia-align-center '  itemprop=\"image\" itemscope=\"itemscope\" itemtype=\"https:\/\/schema.org\/ImageObject\"  ><div class='avia-image-container-inner'><div class='avia-image-overlay-wrap'><img decoding=\"async\" class='wp-image-11895 avia-img-lazy-loading-not-11895 avia_image' src=\"https:\/\/radiorevelacionfm.cl\/wp-content\/uploads\/2021\/12\/Semana-Orientacion-Vocacional-01-2-2.jpg\" alt='' title='Semana-Orientaci\u00f3n-Vocacional-01-2-2' height=\"600\" width=\"480\"  itemprop=\"thumbnailUrl\" srcset=\"https:\/\/radiorevelacionfm.cl\/wp-content\/uploads\/2021\/12\/Semana-Orientacion-Vocacional-01-2-2.jpg 480w, https:\/\/radiorevelacionfm.cl\/wp-content\/uploads\/2021\/12\/Semana-Orientacion-Vocacional-01-2-2-240x300.jpg 240w\" sizes=\"(max-width: 480px) 100vw, 480px\" \/><\/div><\/div><\/div><\/div><div class=\"flex_column av_one_full  flex_column_div av-zero-column-padding first  avia-builder-el-2  el_after_av_one_full  el_before_av_one_full  column-top-margin\" style='border-radius:0px; '><section class=\"av_textblock_section \"  itemscope=\"itemscope\" itemtype=\"https:\/\/schema.org\/BlogPosting\" itemprop=\"blogPost\" ><div class='avia_textblock  '   itemprop=\"text\" ><p style=\"text-align: center;\"><strong><span style=\"font-size: 18pt;\">Lanzan semana de la orientaci\u00f3n vocacional\u00a0para j\u00f3venes que rindieron la PDT<\/span><\/strong><\/p>\n<div id=\"gtx-trans\" style=\"position: absolute; left: -50px; top: 4.31534px;\">\n<div class=\"gtx-trans-icon\"><\/div>\n<\/div>\n<\/div><\/section><\/div><div class=\"flex_column av_one_full  flex_column_div av-zero-column-padding first  avia-builder-el-4  el_after_av_one_full  el_before_av_hr  column-top-margin\" style='border-radius:0px; '><section class=\"av_textblock_section \"  itemscope=\"itemscope\" itemtype=\"https:\/\/schema.org\/BlogPosting\" itemprop=\"blogPost\" ><div class='avia_textblock  '   itemprop=\"text\" ><p style=\"text-align: justify;\">Pasada la semana de rendici\u00f3n de la PDT, las y los j\u00f3venes se encuentran enfrentando un momento de transici\u00f3n, cambios relevantes en su vida y se deben enfrentar la toma de importantes decisiones para su vida.<\/p>\n<p style=\"text-align: justify;\">Como este proceso suele estar lleno de incertidumbre, el Instituto Nacional de la Juventud (Injuv) decidi\u00f3 lanzar la \u201cSemana de la Orientaci\u00f3n Vocacional\u201d, una semana donde los j\u00f3venes podr\u00e1n acceder a distintas actividades y plataformas que les permitir\u00e1 contar con herramientas para enfrentar este proceso y tomar decisiones informadas.<\/p>\n<p style=\"text-align: justify;\">\u201cTras rendir la PDT, las y los j\u00f3venes quedan con un alto nivel de ansiedad tanto por no saber c\u00f3mo les fue en la rendici\u00f3n de la prueba, como por tener que decidir qu\u00e9 carrera estudiar\u00e1n. Por eso en Injuv pensamos en c\u00f3mo ayudarlos, tanto en la contenci\u00f3n emocional, como en entregarles herramientas que les permitan elegir a conciencia qu\u00e9 carrera quieren estudiar\u201d, explica la directora regional (s) de Injuv Ays\u00e9n, G\u00e9nesis Arias Fuentes.<\/p>\n<p style=\"text-align: justify;\">La semana parte con el lanzamiento del <strong>Orientador Profesional Virtual<\/strong> de Fundaci\u00f3n Telef\u00f3nica e Injuv. Esta es una plataforma (<a href=\"https:\/\/www.injuv.gob.cl\/orientador-vocacional\">https:\/\/www.injuv.gob.cl\/orientador-vocacional<\/a>) donde se puede encontrar informaci\u00f3n relevante sobre alternativas profesionales en el mundo digital, identificando cu\u00e1les son los perfiles m\u00e1s buscados actualmente y opciones de cursos online para perfeccionarse.<\/p>\n<p style=\"text-align: justify;\">Esta plataforma adem\u00e1s cuenta con un chatbot asistente virtual con el cual es posible interactuar en una conversaci\u00f3n fluida, para conocer cu\u00e1les son las ocupaciones digitales y las habilidades digitales m\u00e1s demandadas actualmente por el mercado laboral.<\/p>\n<p style=\"text-align: justify;\">La informaci\u00f3n de la cual se nutre el chat proviene directamente de las principales bolsas de empleo y se procesa en tiempo real, por lo que se actualiza constantemente de acuerdo a la demanda de empleo que existe en el pa\u00eds y regi\u00f3n.<\/p>\n<p style=\"text-align: justify;\">Adem\u00e1s, junto con todo esto, el orientador ofrece formaci\u00f3n para desarrollar estas habilidades m\u00e1s demandadas a trav\u00e9s de las principales plataformas digitales de formaci\u00f3n, tales como Udacity, Google Act\u00edvate, ConectaEmpleo, Udemy, entre otras, seleccionando los cursos con mejor valoraci\u00f3n por las personas en internet.<\/p>\n<p style=\"text-align: justify;\">Cada usuario cuenta con la opci\u00f3n de crear un perfil, donde adem\u00e1s indicar\u00e1 sus preferencias y nivel alcanzado en cuanto a formaci\u00f3n y habilidades digitales. Esto permite al orientador conocerles y ofrecerles mejores oportunidades y asesoramiento m\u00e1s personalizado.<\/p>\n<p style=\"text-align: justify;\">Los d\u00edas martes 14 y mi\u00e9rcoles 15, entre las 17:30 y 19:00 horas, se realizar\u00e1 un seminario web titulado <strong>\u201cOportunidades Laborales y Empleabilidad Juvenil\u201d<\/strong>. La actividad ser\u00e1 desarrollada por profesionales de la Fundaci\u00f3n FORGE Chile y busca socializar respecto de los desaf\u00edos que implica buscar un trabajo en sinton\u00eda con el proyecto personal, que posibilite adem\u00e1s de la inserci\u00f3n y la permanencia laboral.<\/p>\n<p style=\"text-align: justify;\">Ser\u00e1n dos jornadas donde las y los j\u00f3venes podr\u00e1n adquirir herramientas que le permitir\u00e1n reconocer sus objetivos laborales y su proyecto personal de cara al proceso de postulaci\u00f3n a la universidad. Las personas interesadas pueden inscribirse en <a href=\"https:\/\/us02web.zoom.us\/webinar\/register\/WN_lJaygEHQSPG1Z4swnv315g\">https:\/\/us02web.zoom.us\/webinar\/register\/WN_lJaygEHQSPG1Z4swnv315g<\/a>.<\/p>\n<p style=\"text-align: justify;\">Por \u00faltimo, los d\u00edas jueves 16 y viernes 17 de diciembre ser\u00e1 el turno del taller sobre <strong>\u201cHabilidades socioemocionales y oportunidades laborales\u201d<\/strong> dictado por la Fundaci\u00f3n FORJA Chile y que est\u00e1 enfocado en el aprendizaje de habilidades socioemocionales con el fin de potenciar el liderazgo transformacional en las juventudes.<\/p>\n<p style=\"text-align: justify;\">A trav\u00e9s del autoconocimiento, las y los j\u00f3venes que participen podr\u00e1n aprender herramientas efectivas para la gesti\u00f3n de la ansiedad y la frustraci\u00f3n, impulsar la determinaci\u00f3n y la toma de perspectiva para facilitar la toma responsable de decisiones.<\/p>\n<p style=\"text-align: justify;\">Quienes participen podr\u00e1n elegir el d\u00eda que m\u00e1s les acomode:<\/p>\n<ul style=\"text-align: justify;\">\n<li>Jueves 16 de diciembre, entre las 17:30 y 19:00 horas.<\/li>\n<li>Viernes 17 de diciembre, entre las 15:00 y 16:30 horas.<\/li>\n<\/ul>\n<p style=\"text-align: left;\">Inscripciones en: <a href=\"https:\/\/docs.google.com\/forms\/d\/e\/1FAIpQLScJpoi3WmiYPKbjM-ehZ8ZHsPWwy7hlAGsdC4TSBF0QTN5-Ag\/viewform\">https:\/\/docs.google.com\/forms\/d\/e\/1FAIpQLScJpoi3WmiYPKbjM-ehZ8ZHsPWwy7hlAGsdC4TSBF0QTN5-Ag\/viewform<\/a><\/p>\n<\/div><\/section><\/div><div  style='height:50px' class='hr hr-invisible   avia-builder-el-6  el_after_av_one_full  el_before_av_social_share '><span class='hr-inner ' ><span class='hr-inner-style'><\/span><\/span><\/div><\/p>\n<div  class='av-social-sharing-box  avia-builder-el-7  el_after_av_hr  el_before_av_hr  '><div class='av-share-box'><h5 class='av-share-link-description av-no-toc '>Compartir esta noticia<\/h5><ul class='av-share-box-list noLightbox'><li class='av-share-link av-social-link-facebook' ><a target=\"_blank\" aria-label=\"Compartir en Facebook\" href='https:\/\/www.facebook.com\/sharer.php?u=https:\/\/radiorevelacionfm.cl\/?p=11893&#038;t=Lanzan%20semana%20de%20la%20orientaci%C3%B3n%20vocacional%20para%20j%C3%B3venes%20que%20rindieron%20la%20PDT' aria-hidden='false' data-av_icon='\ue8f3' data-av_iconfont='entypo-fontello' title='' data-avia-related-tooltip='Compartir en Facebook' rel=\"noopener\"><span class='avia_hidden_link_text'>Compartir en Facebook<\/span><\/a><\/li><li class='av-share-link av-social-link-twitter' ><a target=\"_blank\" aria-label=\"Compartir en Twitter\" href='https:\/\/twitter.com\/share?text=Lanzan%20semana%20de%20la%20orientaci%C3%B3n%20vocacional%20para%20j%C3%B3venes%20que%20rindieron%20la%20PDT&#038;url=https:\/\/radiorevelacionfm.cl\/?p=11893' aria-hidden='false' data-av_icon='\ue8f1' data-av_iconfont='entypo-fontello' title='' data-avia-related-tooltip='Compartir en Twitter' rel=\"noopener\"><span class='avia_hidden_link_text'>Compartir en Twitter<\/span><\/a><\/li><li class='av-share-link av-social-link-whatsapp' ><a target=\"_blank\" aria-label=\"Compartir en Whatsapp\" href='https:\/\/api.whatsapp.com\/send?text=https:\/\/radiorevelacionfm.cl\/?p=11893' aria-hidden='false' data-av_icon='\uf232' data-av_iconfont='entypo-fontello' title='' data-avia-related-tooltip='Compartir en Whatsapp' rel=\"noopener\"><span class='avia_hidden_link_text'>Compartir en Whatsapp<\/span><\/a><\/li><li class='av-share-link av-social-link-linkedin' ><a target=\"_blank\" aria-label=\"Compartir en LinkedIn\" href='https:\/\/linkedin.com\/shareArticle?mini=true&#038;title=Lanzan%20semana%20de%20la%20orientaci%C3%B3n%20vocacional%20para%20j%C3%B3venes%20que%20rindieron%20la%20PDT&#038;url=https:\/\/radiorevelacionfm.cl\/?p=11893' aria-hidden='false' data-av_icon='\ue8fc' data-av_iconfont='entypo-fontello' title='' data-avia-related-tooltip='Compartir en LinkedIn' rel=\"noopener\"><span class='avia_hidden_link_text'>Compartir en LinkedIn<\/span><\/a><\/li><li class='av-share-link av-social-link-mail' ><a  aria-label=\"Compartir por correo\" href='mailto:?subject=Lanzan%20semana%20de%20la%20orientaci%C3%B3n%20vocacional%20para%20j%C3%B3venes%20que%20rindieron%20la%20PDT&#038;body=https:\/\/radiorevelacionfm.cl\/?p=11893' aria-hidden='false' data-av_icon='\ue805' data-av_iconfont='entypo-fontello' title='' data-avia-related-tooltip='Compartir por correo'><span class='avia_hidden_link_text'>Compartir por correo<\/span><\/a><\/li><\/ul><\/div><\/div>\n<div  style='height:50px' class='hr hr-invisible   avia-builder-el-8  el_after_av_social_share  el_before_av_comments_list '><span class='hr-inner ' ><span class='hr-inner-style'><\/span><\/span><\/div>\n<div  class='av-buildercomment  av-blog-meta-html-info-disabled av-blog-meta-tag-disabled  '><\/div>\n","protected":false},"excerpt":{"rendered":"","protected":false},"author":1,"featured_media":11898,"comment_status":"open","ping_status":"open","sticky":false,"template":"","format":"standard","meta":{"footnotes":""},"categories":[38],"tags":[],"class_list":["post-11893","post","type-post","status-publish","format-standard","has-post-thumbnail","hentry","category-regional"],"jetpack_featured_media_url":"https:\/\/radiorevelacionfm.cl\/wp-content\/uploads\/2021\/12\/Semana-Orientacion-Vocacional-01-2-3-2-2-2-2.jpg","_links":{"self":[{"href":"https:\/\/radiorevelacionfm.cl\/index.php?rest_route=\/wp\/v2\/posts\/11893","targetHints":{"allow":["GET"]}}],"collection":[{"href":"https:\/\/radiorevelacionfm.cl\/index.php?rest_route=\/wp\/v2\/posts"}],"about":[{"href":"https:\/\/radiorevelacionfm.cl\/index.php?rest_route=\/wp\/v2\/types\/post"}],"author":[{"embeddable":true,"href":"https:\/\/radiorevelacionfm.cl\/index.php?rest_route=\/wp\/v2\/users\/1"}],"replies":[{"embeddable":true,"href":"https:\/\/radiorevelacionfm.cl\/index.php?rest_route=%2Fwp%2Fv2%2Fcomments&post=11893"}],"version-history":[{"count":2,"href":"https:\/\/radiorevelacionfm.cl\/index.php?rest_route=\/wp\/v2\/posts\/11893\/revisions"}],"predecessor-version":[{"id":11897,"href":"https:\/\/radiorevelacionfm.cl\/index.php?rest_route=\/wp\/v2\/posts\/11893\/revisions\/11897"}],"wp:featuredmedia":[{"embeddable":true,"href":"https:\/\/radiorevelacionfm.cl\/index.php?rest_route=\/wp\/v2\/media\/11898"}],"wp:attachment":[{"href":"https:\/\/radiorevelacionfm.cl\/index.php?rest_route=%2Fwp%2Fv2%2Fmedia&parent=11893"}],"wp:term":[{"taxonomy":"category","embeddable":true,"href":"https:\/\/radiorevelacionfm.cl\/index.php?rest_route=%2Fwp%2Fv2%2Fcategories&post=11893"},{"taxonomy":"post_tag","embeddable":true,"href":"https:\/\/radiorevelacionfm.cl\/index.php?rest_route=%2Fwp%2Fv2%2Ftags&post=11893"}],"curies":[{"name":"wp","href":"https:\/\/api.w.org\/{rel}","templated":true}]}}