{"id":11890,"date":"2021-12-15T15:20:54","date_gmt":"2021-12-15T18:20:54","guid":{"rendered":"https:\/\/radiorevelacionfm.cl\/?p=11890"},"modified":"2021-12-15T15:20:54","modified_gmt":"2021-12-15T18:20:54","slug":"senadora-ordenes-y-nueva-fecha-para-nave-la-tehuelche-esto-es-una-verguenza-aqui-se-deben-asumir-responsabilidades","status":"publish","type":"post","link":"https:\/\/radiorevelacionfm.cl\/?p=11890","title":{"rendered":"Senadora \u00d3rdenes y nueva fecha para nave La Tehuelche \u00abesto es una verg\u00fcenza, aqu\u00ed se deben asumir responsabilidades\u00bb"},"content":{"rendered":"<div class=\"flex_column av_one_full  flex_column_div av-zero-column-padding first  avia-builder-el-0  el_before_av_one_full  avia-builder-el-first  \" style='border-radius:0px; '><div  class='avia-image-container  av-styling-    avia-builder-el-1  avia-builder-el-no-sibling  avia-align-center '  itemprop=\"image\" itemscope=\"itemscope\" itemtype=\"https:\/\/schema.org\/ImageObject\"  ><div class='avia-image-container-inner'><div class='avia-image-overlay-wrap'><img decoding=\"async\" class='wp-image-9146 avia-img-lazy-loading-not-9146 avia_image' src=\"https:\/\/radiorevelacionfm.cl\/wp-content\/uploads\/2021\/09\/Tehuelche0-1-1.jpg\" alt='' title='Tehuelche0 (1) (1)' height=\"600\" width=\"902\"  itemprop=\"thumbnailUrl\" srcset=\"https:\/\/radiorevelacionfm.cl\/wp-content\/uploads\/2021\/09\/Tehuelche0-1-1.jpg 902w, https:\/\/radiorevelacionfm.cl\/wp-content\/uploads\/2021\/09\/Tehuelche0-1-1-300x200.jpg 300w, https:\/\/radiorevelacionfm.cl\/wp-content\/uploads\/2021\/09\/Tehuelche0-1-1-768x511.jpg 768w, https:\/\/radiorevelacionfm.cl\/wp-content\/uploads\/2021\/09\/Tehuelche0-1-1-705x469.jpg 705w, https:\/\/radiorevelacionfm.cl\/wp-content\/uploads\/2021\/09\/Tehuelche0-1-1-600x399.jpg 600w\" sizes=\"(max-width: 902px) 100vw, 902px\" \/><\/div><\/div><\/div><\/div><div class=\"flex_column av_one_full  flex_column_div av-zero-column-padding first  avia-builder-el-2  el_after_av_one_full  el_before_av_one_full  column-top-margin\" style='border-radius:0px; '><section class=\"av_textblock_section \"  itemscope=\"itemscope\" itemtype=\"https:\/\/schema.org\/BlogPosting\" itemprop=\"blogPost\" ><div class='avia_textblock  '   itemprop=\"text\" ><p style=\"text-align: center;\"><strong><span style=\"font-size: 18pt;\">Senadora \u00d3rdenes y nueva fecha para nave La Tehuelche \u00abesto es una verg\u00fcenza, aqu\u00ed se deben asumir responsabilidades\u00bb<\/span><\/strong><\/p>\n<div id=\"gtx-trans\" style=\"position: absolute; left: -50px; top: 4.31534px;\">\n<div class=\"gtx-trans-icon\"><\/div>\n<\/div>\n<\/div><\/section><\/div><div class=\"flex_column av_one_full  flex_column_div av-zero-column-padding first  avia-builder-el-4  el_after_av_one_full  el_before_av_hr  column-top-margin\" style='border-radius:0px; '><section class=\"av_textblock_section \"  itemscope=\"itemscope\" itemtype=\"https:\/\/schema.org\/BlogPosting\" itemprop=\"blogPost\" ><div class='avia_textblock  '   itemprop=\"text\" ><p style=\"text-align: justify;\">Tras conocer el nuevo retraso en la entrada en operaci\u00f3n de la principal barcaza que conecta la zona lacustre del Lago General Carrera con Puerto Ib\u00e1\u00f1ez, la parlamentaria por la regi\u00f3n de Ays\u00e9n record\u00f3 que \u201cLa Tehuelche estar\u00eda operativa y prestando servicios, en un primer momento en octubre, luego en diciembre y no han cumplido con ninguna de las dos fechas\u201d.<\/p>\n<p style=\"text-align: justify;\">Con molestia reaccion\u00f3 la senadora Ximena \u00d3rdenes Neira luego de conocer que La Tehuelche no entrar\u00e1 en operaciones como se comprometieron las autoridades regionales con la comunidad. \u201cEsto es una verg\u00fcenza, aqu\u00ed se deben asumir responsabilidades\u201d, desliz\u00f3 la parlamentaria.<\/p>\n<p style=\"text-align: justify;\">Desde que comenz\u00f3 la crisis de conectividad en la zona lacustre, la senadora \u00d3rdenes ha realizado una serie de gestiones para que se cuente con un plan alternativo a la altura de las necesidades de las y los vecinos, pero adem\u00e1s, para que el Gobierno disponga de una nueva nave que cumpla con las expectativas de la zona.<\/p>\n<p style=\"text-align: justify;\">\u201cDesde el primer d\u00eda hemos estado en conversaciones con autoridades regionales y nacionales para que se d\u00e9 una soluci\u00f3n adecuada al problema de conectividad que sufren los habitantes de la zona\u201d, se\u00f1al\u00f3 la parlamentaria.<\/p>\n<p style=\"text-align: justify;\">En este sentido, la senadora Ximena \u00d3rdenes Neira no dud\u00f3 en calificar como \u201cindigno\u201d la forma en que \u201cel Gobierno ha enfrentado el problema de conectividad de Chile Chico. Si esto hubiese pasado en Santiago, Valpara\u00edso o Concepci\u00f3n, la soluci\u00f3n no habr\u00eda demorado tanto\u201d.<\/p>\n<p style=\"text-align: justify;\">Asimismo, la parlamentaria remarc\u00f3 que los habitantes de la cuenca del Lago General Carrera lo que piden es un servicio serio, que los conecte con el resto de la regi\u00f3n. \u201cResulta incomprensible que una petici\u00f3n tan b\u00e1sica como tener un medio de transporte que conecte Chile Chico con Puerto Ib\u00e1\u00f1ez, no pueda ser resuelto adecuadamente. Hoy estamos hablando de un viaje de casi ocho horas por tierra, en un camino que no cuenta con las condiciones de seguridad adecuadas para el transporte de pasajeros y la alternativa a\u00e9rea no cumple con la demanda\u201d.<\/p>\n<p style=\"text-align: justify;\">La senadora Ximena \u00d3rdenes recalc\u00f3 que es necesario que las autoridades asuman su responsabilidad, ya que desde el nivel central \u201cno est\u00e1n tomando el peso a la situaci\u00f3n, porque no est\u00e1n entregando toda la informaci\u00f3n de lo que viven las y los vecinos. Hoy la zona lacustre de la regi\u00f3n est\u00e1 desconectada y sin un plan de contingencia adecuado\u201d.<\/p>\n<p style=\"text-align: justify;\">Finalmente, la parlamentaria lament\u00f3 que las soluciones que propone el Gobierno no van al fondo. \u201cSe est\u00e1 proponiendo una barcaza m\u00e1s peque\u00f1a, con una capacidad de 128 pasajeros, significativamente menor a los aproximadamente 250 pasajeros que transporta en sal\u00f3n actualmente la Tehuelche. Es decir, estamos mirando al pasado, no estamos pensando en los est\u00e1ndares del siglo 21 y la situaci\u00f3n de Chile Chico ya no se sostiene\u201d, puntualiz\u00f3.<\/p>\n<\/div><\/section><\/div><div  style='height:50px' class='hr hr-invisible   avia-builder-el-6  el_after_av_one_full  el_before_av_social_share '><span class='hr-inner ' ><span class='hr-inner-style'><\/span><\/span><\/div><\/p>\n<div  class='av-social-sharing-box  avia-builder-el-7  el_after_av_hr  el_before_av_hr  '><div class='av-share-box'><h5 class='av-share-link-description av-no-toc '>Compartir esta noticia<\/h5><ul class='av-share-box-list noLightbox'><li class='av-share-link av-social-link-facebook' ><a target=\"_blank\" aria-label=\"Compartir en Facebook\" href='https:\/\/www.facebook.com\/sharer.php?u=https:\/\/radiorevelacionfm.cl\/?p=11890&#038;t=Senadora%20%C3%93rdenes%20y%20nueva%20fecha%20para%20nave%20La%20Tehuelche%20%C2%ABesto%20es%20una%20verg%C3%BCenza%2C%20aqu%C3%AD%20se%20deben%20asumir%20responsabilidades%C2%BB' aria-hidden='false' data-av_icon='\ue8f3' data-av_iconfont='entypo-fontello' title='' data-avia-related-tooltip='Compartir en Facebook' rel=\"noopener\"><span class='avia_hidden_link_text'>Compartir en Facebook<\/span><\/a><\/li><li class='av-share-link av-social-link-twitter' ><a target=\"_blank\" aria-label=\"Compartir en Twitter\" href='https:\/\/twitter.com\/share?text=Senadora%20%C3%93rdenes%20y%20nueva%20fecha%20para%20nave%20La%20Tehuelche%20%C2%ABesto%20es%20una%20verg%C3%BCenza%2C%20aqu%C3%AD%20se%20deben%20asumir%20responsabilidades%C2%BB&#038;url=https:\/\/radiorevelacionfm.cl\/?p=11890' aria-hidden='false' data-av_icon='\ue8f1' data-av_iconfont='entypo-fontello' title='' data-avia-related-tooltip='Compartir en Twitter' rel=\"noopener\"><span class='avia_hidden_link_text'>Compartir en Twitter<\/span><\/a><\/li><li class='av-share-link av-social-link-whatsapp' ><a target=\"_blank\" aria-label=\"Compartir en Whatsapp\" href='https:\/\/api.whatsapp.com\/send?text=https:\/\/radiorevelacionfm.cl\/?p=11890' aria-hidden='false' data-av_icon='\uf232' data-av_iconfont='entypo-fontello' title='' data-avia-related-tooltip='Compartir en Whatsapp' rel=\"noopener\"><span class='avia_hidden_link_text'>Compartir en Whatsapp<\/span><\/a><\/li><li class='av-share-link av-social-link-linkedin' ><a target=\"_blank\" aria-label=\"Compartir en LinkedIn\" href='https:\/\/linkedin.com\/shareArticle?mini=true&#038;title=Senadora%20%C3%93rdenes%20y%20nueva%20fecha%20para%20nave%20La%20Tehuelche%20%C2%ABesto%20es%20una%20verg%C3%BCenza%2C%20aqu%C3%AD%20se%20deben%20asumir%20responsabilidades%C2%BB&#038;url=https:\/\/radiorevelacionfm.cl\/?p=11890' aria-hidden='false' data-av_icon='\ue8fc' data-av_iconfont='entypo-fontello' title='' data-avia-related-tooltip='Compartir en LinkedIn' rel=\"noopener\"><span class='avia_hidden_link_text'>Compartir en LinkedIn<\/span><\/a><\/li><li class='av-share-link av-social-link-mail' ><a  aria-label=\"Compartir por correo\" href='mailto:?subject=Senadora%20%C3%93rdenes%20y%20nueva%20fecha%20para%20nave%20La%20Tehuelche%20%C2%ABesto%20es%20una%20verg%C3%BCenza%2C%20aqu%C3%AD%20se%20deben%20asumir%20responsabilidades%C2%BB&#038;body=https:\/\/radiorevelacionfm.cl\/?p=11890' aria-hidden='false' data-av_icon='\ue805' data-av_iconfont='entypo-fontello' title='' data-avia-related-tooltip='Compartir por correo'><span class='avia_hidden_link_text'>Compartir por correo<\/span><\/a><\/li><\/ul><\/div><\/div>\n<div  style='height:50px' class='hr hr-invisible   avia-builder-el-8  el_after_av_social_share  el_before_av_comments_list '><span class='hr-inner ' ><span class='hr-inner-style'><\/span><\/span><\/div>\n<div  class='av-buildercomment  av-blog-meta-html-info-disabled av-blog-meta-tag-disabled  '><\/div>\n","protected":false},"excerpt":{"rendered":"","protected":false},"author":1,"featured_media":9146,"comment_status":"open","ping_status":"open","sticky":false,"template":"","format":"standard","meta":{"footnotes":""},"categories":[35],"tags":[],"class_list":["post-11890","post","type-post","status-publish","format-standard","has-post-thumbnail","hentry","category-politica"],"jetpack_featured_media_url":"https:\/\/radiorevelacionfm.cl\/wp-content\/uploads\/2021\/09\/Tehuelche0-1-1.jpg","_links":{"self":[{"href":"https:\/\/radiorevelacionfm.cl\/index.php?rest_route=\/wp\/v2\/posts\/11890","targetHints":{"allow":["GET"]}}],"collection":[{"href":"https:\/\/radiorevelacionfm.cl\/index.php?rest_route=\/wp\/v2\/posts"}],"about":[{"href":"https:\/\/radiorevelacionfm.cl\/index.php?rest_route=\/wp\/v2\/types\/post"}],"author":[{"embeddable":true,"href":"https:\/\/radiorevelacionfm.cl\/index.php?rest_route=\/wp\/v2\/users\/1"}],"replies":[{"embeddable":true,"href":"https:\/\/radiorevelacionfm.cl\/index.php?rest_route=%2Fwp%2Fv2%2Fcomments&post=11890"}],"version-history":[{"count":2,"href":"https:\/\/radiorevelacionfm.cl\/index.php?rest_route=\/wp\/v2\/posts\/11890\/revisions"}],"predecessor-version":[{"id":11892,"href":"https:\/\/radiorevelacionfm.cl\/index.php?rest_route=\/wp\/v2\/posts\/11890\/revisions\/11892"}],"wp:featuredmedia":[{"embeddable":true,"href":"https:\/\/radiorevelacionfm.cl\/index.php?rest_route=\/wp\/v2\/media\/9146"}],"wp:attachment":[{"href":"https:\/\/radiorevelacionfm.cl\/index.php?rest_route=%2Fwp%2Fv2%2Fmedia&parent=11890"}],"wp:term":[{"taxonomy":"category","embeddable":true,"href":"https:\/\/radiorevelacionfm.cl\/index.php?rest_route=%2Fwp%2Fv2%2Fcategories&post=11890"},{"taxonomy":"post_tag","embeddable":true,"href":"https:\/\/radiorevelacionfm.cl\/index.php?rest_route=%2Fwp%2Fv2%2Ftags&post=11890"}],"curies":[{"name":"wp","href":"https:\/\/api.w.org\/{rel}","templated":true}]}}