{"id":11886,"date":"2021-12-15T12:41:20","date_gmt":"2021-12-15T15:41:20","guid":{"rendered":"https:\/\/radiorevelacionfm.cl\/?p=11886"},"modified":"2021-12-15T12:41:20","modified_gmt":"2021-12-15T15:41:20","slug":"gobierno-regional-financiara-losa-para-los-carpinteros-de-ribera","status":"publish","type":"post","link":"https:\/\/radiorevelacionfm.cl\/?p=11886","title":{"rendered":"Gobierno Regional financiar\u00e1 losa para los Carpinteros de Ribera"},"content":{"rendered":"<div class=\"flex_column av_one_full  flex_column_div av-zero-column-padding first  avia-builder-el-0  el_before_av_one_full  avia-builder-el-first  \" style='border-radius:0px; '><div  class='avia-image-container  av-styling-    avia-builder-el-1  avia-builder-el-no-sibling  avia-align-center '  itemprop=\"image\" itemscope=\"itemscope\" itemtype=\"https:\/\/schema.org\/ImageObject\"  ><div class='avia-image-container-inner'><div class='avia-image-overlay-wrap'><img decoding=\"async\" class='wp-image-11887 avia-img-lazy-loading-not-11887 avia_image' src=\"https:\/\/radiorevelacionfm.cl\/wp-content\/uploads\/2021\/12\/foto-carpinteros-1-2_optimized.jpeg\" alt='' title='foto-carpinteros-1-2_optimized' height=\"600\" width=\"900\"  itemprop=\"thumbnailUrl\" srcset=\"https:\/\/radiorevelacionfm.cl\/wp-content\/uploads\/2021\/12\/foto-carpinteros-1-2_optimized.jpeg 900w, https:\/\/radiorevelacionfm.cl\/wp-content\/uploads\/2021\/12\/foto-carpinteros-1-2_optimized-300x200.jpeg 300w, https:\/\/radiorevelacionfm.cl\/wp-content\/uploads\/2021\/12\/foto-carpinteros-1-2_optimized-768x512.jpeg 768w, https:\/\/radiorevelacionfm.cl\/wp-content\/uploads\/2021\/12\/foto-carpinteros-1-2_optimized-705x470.jpeg 705w, https:\/\/radiorevelacionfm.cl\/wp-content\/uploads\/2021\/12\/foto-carpinteros-1-2_optimized-600x400.jpeg 600w\" sizes=\"(max-width: 900px) 100vw, 900px\" \/><\/div><\/div><\/div><\/div><div class=\"flex_column av_one_full  flex_column_div av-zero-column-padding first  avia-builder-el-2  el_after_av_one_full  el_before_av_one_full  column-top-margin\" style='border-radius:0px; '><section class=\"av_textblock_section \"  itemscope=\"itemscope\" itemtype=\"https:\/\/schema.org\/BlogPosting\" itemprop=\"blogPost\" ><div class='avia_textblock  '   itemprop=\"text\" ><p style=\"text-align: center;\"><strong><span style=\"font-size: 18pt;\">Gobierno Regional financiar\u00e1 losa para los Carpinteros de Ribera\u00a0<\/span><\/strong><\/p>\n<div id=\"gtx-trans\" style=\"position: absolute; left: -50px; top: 4.31534px;\">\n<div class=\"gtx-trans-icon\"><\/div>\n<\/div>\n<\/div><\/section><\/div><div class=\"flex_column av_one_full  flex_column_div av-zero-column-padding first  avia-builder-el-4  el_after_av_one_full  el_before_av_hr  column-top-margin\" style='border-radius:0px; '><section class=\"av_textblock_section \"  itemscope=\"itemscope\" itemtype=\"https:\/\/schema.org\/BlogPosting\" itemprop=\"blogPost\" ><div class='avia_textblock  '   itemprop=\"text\" ><p style=\"text-align: justify;\">\u00abEstamos muy contentos de estar nuevamente aqu\u00ed en este lugar agradecer tambi\u00e9n que nos hayan invitado puede generar este espacio de conversaci\u00f3n, procurando cumplir nuestros compromisos y honrar nuestra palabra. Nosotros hemos tenido conversaciones desde hace ya bastante tiempo donde precisamente so\u00f1\u00e1bamos con poder generar todos los acuerdos necesarios y con quienes sea para avanzar en habilitar este espacio: estamos hablando de un espacio f\u00edsico donde se desarrolla la carpinter\u00eda de ribera que es un oficio reconocido como patrimonio por la UNESCO\u00bb, sostuvo la Gobernadora Regional Andrea Mac\u00edas Palma \u00a0en la reuni\u00f3n junto al Sindicato que se realiz\u00f3 en la ciudad de Puerto Ays\u00e9n.<\/p>\n<p style=\"text-align: justify;\">La visita, para reafirmar el compromiso de trabajo conjunto para darles mayor dignidad a un tesoro humano de la regi\u00f3n de Ays\u00e9n, se realiz\u00f3 al Consejero Regional Sergio Gonz\u00e1lez y el alcalde Julio Uribe.<\/p>\n<p style=\"text-align: justify;\">Para Jos\u00e9 Barrientos, presidente del Sindicato, la visita se recibe con mucha alegr\u00eda por parte de todos los trabajadores y trabajadoras. \u00abNos vino a visitar y con buenas informaciones, con eso nosotros ya vamos quedar m\u00e1s contentos de lo que en ya hemos tenido estos d\u00edas, entonces nosotros le agradecemos a la se\u00f1ora Gobernadora porque es su palabra que no se olvid\u00f3 y ojal\u00e1 que sigamos trabajando con las autoridades porque si es bonito cuando se trabaja con la autoridad porque nosotros tuvimos muchas ofertas, pero todos se fueron en el olvido\u00bb, sostuvo.<\/p>\n<p style=\"text-align: justify;\">El alcalde Julio Uribe, presente en la conversaci\u00f3n con la comunidad, plante\u00f3 lo positivo del trabajo conjunto de las instituciones para dar respuesta a las urgencias de la comunidad. \u00abCon Andrea ya nos conocemos de hace mucho tiempo de su forma de trabajo y bueno esta de hacer reuniones en terreno con los afectados con los problemas y poder llegar, a trav\u00e9s del Municipio, a presentar proyectos y que puedan ser financiados por el Gobierno Regional. Creo que la sinergia que debe existir siempre est\u00e1 en la forma de avanzar, de trabajar, esperar que de aqu\u00ed en un par de meses podamos tener el proyecto de una rampa para que estos Carpinteros de Ribera suban sus embarcaciones\u00bb, dijo.<\/p>\n<p style=\"text-align: justify;\">\u00abDebemos pensar ese tipo de iniciativas como una posibilidad tambi\u00e9n desarrollo tur\u00edstico, proyectar todo el trabajo que se realizar as\u00ed que muy contenta y agradecida y con el compromiso cierto del Gobierno Regional en funci\u00f3n de poder avanzar inicialmente en financiamiento para poder contar con una losa tan necesaria para poder mover las embarcaciones y desarrollar\u00bb, sostuvo finalmente la Gobernadora.<\/p>\n<p style=\"text-align: justify;\">El trabajo conjunto para aportar a los Carpinteros de Ribera seguir\u00e1 entre el Municipio de Ays\u00e9n y el Gobierno Regional.<\/p>\n<\/div><\/section><\/div><div  style='height:50px' class='hr hr-invisible   avia-builder-el-6  el_after_av_one_full  el_before_av_social_share '><span class='hr-inner ' ><span class='hr-inner-style'><\/span><\/span><\/div><\/p>\n<div  class='av-social-sharing-box  avia-builder-el-7  el_after_av_hr  el_before_av_hr  '><div class='av-share-box'><h5 class='av-share-link-description av-no-toc '>Compartir esta noticia<\/h5><ul class='av-share-box-list noLightbox'><li class='av-share-link av-social-link-facebook' ><a target=\"_blank\" aria-label=\"Compartir en Facebook\" href='https:\/\/www.facebook.com\/sharer.php?u=https:\/\/radiorevelacionfm.cl\/?p=11886&#038;t=Gobierno%20Regional%20financiar%C3%A1%20losa%20para%20los%20Carpinteros%20de%20Ribera' aria-hidden='false' data-av_icon='\ue8f3' data-av_iconfont='entypo-fontello' title='' data-avia-related-tooltip='Compartir en Facebook' rel=\"noopener\"><span class='avia_hidden_link_text'>Compartir en Facebook<\/span><\/a><\/li><li class='av-share-link av-social-link-twitter' ><a target=\"_blank\" aria-label=\"Compartir en Twitter\" href='https:\/\/twitter.com\/share?text=Gobierno%20Regional%20financiar%C3%A1%20losa%20para%20los%20Carpinteros%20de%20Ribera&#038;url=https:\/\/radiorevelacionfm.cl\/?p=11886' aria-hidden='false' data-av_icon='\ue8f1' data-av_iconfont='entypo-fontello' title='' data-avia-related-tooltip='Compartir en Twitter' rel=\"noopener\"><span class='avia_hidden_link_text'>Compartir en Twitter<\/span><\/a><\/li><li class='av-share-link av-social-link-whatsapp' ><a target=\"_blank\" aria-label=\"Compartir en Whatsapp\" href='https:\/\/api.whatsapp.com\/send?text=https:\/\/radiorevelacionfm.cl\/?p=11886' aria-hidden='false' data-av_icon='\uf232' data-av_iconfont='entypo-fontello' title='' data-avia-related-tooltip='Compartir en Whatsapp' rel=\"noopener\"><span class='avia_hidden_link_text'>Compartir en Whatsapp<\/span><\/a><\/li><li class='av-share-link av-social-link-linkedin' ><a target=\"_blank\" aria-label=\"Compartir en LinkedIn\" href='https:\/\/linkedin.com\/shareArticle?mini=true&#038;title=Gobierno%20Regional%20financiar%C3%A1%20losa%20para%20los%20Carpinteros%20de%20Ribera&#038;url=https:\/\/radiorevelacionfm.cl\/?p=11886' aria-hidden='false' data-av_icon='\ue8fc' data-av_iconfont='entypo-fontello' title='' data-avia-related-tooltip='Compartir en LinkedIn' rel=\"noopener\"><span class='avia_hidden_link_text'>Compartir en LinkedIn<\/span><\/a><\/li><li class='av-share-link av-social-link-mail' ><a  aria-label=\"Compartir por correo\" href='mailto:?subject=Gobierno%20Regional%20financiar%C3%A1%20losa%20para%20los%20Carpinteros%20de%20Ribera&#038;body=https:\/\/radiorevelacionfm.cl\/?p=11886' aria-hidden='false' data-av_icon='\ue805' data-av_iconfont='entypo-fontello' title='' data-avia-related-tooltip='Compartir por correo'><span class='avia_hidden_link_text'>Compartir por correo<\/span><\/a><\/li><\/ul><\/div><\/div>\n<div  style='height:50px' class='hr hr-invisible   avia-builder-el-8  el_after_av_social_share  el_before_av_comments_list '><span class='hr-inner ' ><span class='hr-inner-style'><\/span><\/span><\/div>\n<div  class='av-buildercomment  av-blog-meta-html-info-disabled av-blog-meta-tag-disabled  '><\/div>\n","protected":false},"excerpt":{"rendered":"","protected":false},"author":1,"featured_media":11887,"comment_status":"open","ping_status":"open","sticky":false,"template":"","format":"standard","meta":{"footnotes":""},"categories":[38],"tags":[],"class_list":["post-11886","post","type-post","status-publish","format-standard","has-post-thumbnail","hentry","category-regional"],"jetpack_featured_media_url":"https:\/\/radiorevelacionfm.cl\/wp-content\/uploads\/2021\/12\/foto-carpinteros-1-2_optimized.jpeg","_links":{"self":[{"href":"https:\/\/radiorevelacionfm.cl\/index.php?rest_route=\/wp\/v2\/posts\/11886","targetHints":{"allow":["GET"]}}],"collection":[{"href":"https:\/\/radiorevelacionfm.cl\/index.php?rest_route=\/wp\/v2\/posts"}],"about":[{"href":"https:\/\/radiorevelacionfm.cl\/index.php?rest_route=\/wp\/v2\/types\/post"}],"author":[{"embeddable":true,"href":"https:\/\/radiorevelacionfm.cl\/index.php?rest_route=\/wp\/v2\/users\/1"}],"replies":[{"embeddable":true,"href":"https:\/\/radiorevelacionfm.cl\/index.php?rest_route=%2Fwp%2Fv2%2Fcomments&post=11886"}],"version-history":[{"count":2,"href":"https:\/\/radiorevelacionfm.cl\/index.php?rest_route=\/wp\/v2\/posts\/11886\/revisions"}],"predecessor-version":[{"id":11889,"href":"https:\/\/radiorevelacionfm.cl\/index.php?rest_route=\/wp\/v2\/posts\/11886\/revisions\/11889"}],"wp:featuredmedia":[{"embeddable":true,"href":"https:\/\/radiorevelacionfm.cl\/index.php?rest_route=\/wp\/v2\/media\/11887"}],"wp:attachment":[{"href":"https:\/\/radiorevelacionfm.cl\/index.php?rest_route=%2Fwp%2Fv2%2Fmedia&parent=11886"}],"wp:term":[{"taxonomy":"category","embeddable":true,"href":"https:\/\/radiorevelacionfm.cl\/index.php?rest_route=%2Fwp%2Fv2%2Fcategories&post=11886"},{"taxonomy":"post_tag","embeddable":true,"href":"https:\/\/radiorevelacionfm.cl\/index.php?rest_route=%2Fwp%2Fv2%2Ftags&post=11886"}],"curies":[{"name":"wp","href":"https:\/\/api.w.org\/{rel}","templated":true}]}}