{"id":11878,"date":"2021-12-15T10:34:14","date_gmt":"2021-12-15T13:34:14","guid":{"rendered":"https:\/\/radiorevelacionfm.cl\/?p=11878"},"modified":"2021-12-15T10:34:14","modified_gmt":"2021-12-15T13:34:14","slug":"fructifera-jornada-sobre-los-primeros-cuidados-de-las-mascotas-se-desarrollo-en-puerto-guadal","status":"publish","type":"post","link":"https:\/\/radiorevelacionfm.cl\/?p=11878","title":{"rendered":"Fruct\u00edfera jornada sobre los primeros cuidados de las mascotas se desarroll\u00f3 en Puerto Guadal"},"content":{"rendered":"<div class=\"flex_column av_one_full  flex_column_div av-zero-column-padding first  avia-builder-el-0  el_before_av_one_full  avia-builder-el-first  \" style='border-radius:0px; '><div  class='avia-image-container  av-styling-    avia-builder-el-1  avia-builder-el-no-sibling  avia-align-center '  itemprop=\"image\" itemscope=\"itemscope\" itemtype=\"https:\/\/schema.org\/ImageObject\"  ><div class='avia-image-container-inner'><div class='avia-image-overlay-wrap'><img decoding=\"async\" class='wp-image-11879 avia-img-lazy-loading-not-11879 avia_image' src=\"https:\/\/radiorevelacionfm.cl\/wp-content\/uploads\/2021\/12\/mascotas-2_optimized.jpg\" alt='' title='mascotas-2_optimized' height=\"600\" width=\"1048\"  itemprop=\"thumbnailUrl\" srcset=\"https:\/\/radiorevelacionfm.cl\/wp-content\/uploads\/2021\/12\/mascotas-2_optimized.jpg 1048w, https:\/\/radiorevelacionfm.cl\/wp-content\/uploads\/2021\/12\/mascotas-2_optimized-300x172.jpg 300w, https:\/\/radiorevelacionfm.cl\/wp-content\/uploads\/2021\/12\/mascotas-2_optimized-1030x590.jpg 1030w, https:\/\/radiorevelacionfm.cl\/wp-content\/uploads\/2021\/12\/mascotas-2_optimized-768x440.jpg 768w, https:\/\/radiorevelacionfm.cl\/wp-content\/uploads\/2021\/12\/mascotas-2_optimized-705x404.jpg 705w, https:\/\/radiorevelacionfm.cl\/wp-content\/uploads\/2021\/12\/mascotas-2_optimized-600x344.jpg 600w\" sizes=\"(max-width: 1048px) 100vw, 1048px\" \/><\/div><\/div><\/div><\/div><div class=\"flex_column av_one_full  flex_column_div av-zero-column-padding first  avia-builder-el-2  el_after_av_one_full  el_before_av_one_full  column-top-margin\" style='border-radius:0px; '><section class=\"av_textblock_section \"  itemscope=\"itemscope\" itemtype=\"https:\/\/schema.org\/BlogPosting\" itemprop=\"blogPost\" ><div class='avia_textblock  '   itemprop=\"text\" ><p style=\"text-align: center;\"><strong><span style=\"font-size: 18pt;\">Fruct\u00edfera jornada sobre los primeros cuidados de las mascotas se desarroll\u00f3 en Puerto Guadal<\/span><\/strong><\/p>\n<div id=\"gtx-trans\" style=\"position: absolute; left: -50px; top: 4.31534px;\">\n<div class=\"gtx-trans-icon\"><\/div>\n<\/div>\n<\/div><\/section><\/div><div class=\"flex_column av_one_full  flex_column_div av-zero-column-padding first  avia-builder-el-4  el_after_av_one_full  el_before_av_hr  column-top-margin\" style='border-radius:0px; '><section class=\"av_textblock_section \"  itemscope=\"itemscope\" itemtype=\"https:\/\/schema.org\/BlogPosting\" itemprop=\"blogPost\" ><div class='avia_textblock  '   itemprop=\"text\" ><p class=\"v1MsoNormal\" style=\"text-align: justify;\"><span lang=\"ES\">Una fruct<\/span><span lang=\"X-NONE\">\u00edfera<span class=\"v1gmail-Apple-converted-space\">\u00a0<\/span><\/span><span lang=\"ES\">jornada con vecinos y vecinas de Puerto Guadal se desarroll<\/span><span lang=\"X-NONE\">\u00f3 el s\u00e1bado 4 de diciembre en la localidad, en el marco del proyecto \u00abEducar para Cuidar y Disfrutar con Nuestras Mascotas\u00bb que<span class=\"v1gmail-Apple-converted-space\">\u00a0<\/span><\/span><span lang=\"ES\">ejecuta la Agrupaci\u00f3n \u00abBrigada Lo \u00fanico que tengo\u00bb de Chile Chico, con recursos de la Subsecretar\u00eda de Desarrollo Regional y Administrativo (Subdere) y la colaboraci\u00f3n de la Junta de Vecinos N8 de Puerto Guadal y la Municipalidad de Chile Chico.<\/span><\/p>\n<p class=\"v1MsoNormal\" style=\"text-align: justify;\"><span lang=\"ES\">Una decena de participantes se dieron cita ese d<\/span><span lang=\"X-NONE\">\u00eda<span class=\"v1gmail-Apple-converted-space\">\u00a0<\/span><\/span><span lang=\"ES\">en la sede comunitaria de la localidad, donde la m<\/span><span lang=\"X-NONE\">\u00e9dico veterinaria Franc\u00edn Herrera Villegas se refiri\u00f3 a los primeros cuidados de las mascotas.\u00a0<span class=\"v1gmail-Apple-converted-space\">\u00a0<\/span>Principalmente enfocada a las principales enfermedades y vacunas necesarias para que \u00e9stos tengan una mejor calidad de vida.<\/span><\/p>\n<p class=\"v1MsoNormal\" style=\"text-align: justify;\"><span lang=\"X-NONE\">En la ocasi\u00f3n, la presidenta de la agrupaci\u00f3n ejecutora, Rosa Adue Gallardo, explic\u00f3 que realizan constantemente un trabajo de esterilizaci\u00f3n, adopci\u00f3n y conseguir hogares temporales, trabajo que han financiado autogestionadamente. \u00abEsta es la primera vez que estamos trabajando con un fondo del Estado as\u00ed es que estamos muy contentos de poder trabajar con la junta de vecinos de Puerto Guadal, porque sabemos que tambi\u00e9n all\u00e1 el tema de la tenencia responsables de animales est\u00e1 complicando la convivencia arm\u00f3nica de la comunidad\u00bb explic\u00f3.<\/span><\/p>\n<p class=\"v1MsoNormal\" style=\"text-align: justify;\"><span lang=\"X-NONE\">P\u00eda Becerra Klarian, encargada regional del Programa de Tenencia de Mascotas y Animales de Compa\u00f1\u00eda de la Subdere, explic\u00f3 que como l\u00ednea de tenencia responsable \u00abtrabajamos todo el a\u00f1o con las municipalidades prestando financiamiento a trav\u00e9s de proyectos para esterilizaci\u00f3n, para vacunas, hace un tiempo atr\u00e1s tambi\u00e9n con educaci\u00f3n. Adem\u00e1s de apoyar a los municipios este es el cuarto a\u00f1o consecutivo donde se da apoyo a las organizaciones sin fines de lucro que tiene varias aristas, no s\u00f3lo el tema educativo que es el principal\u00bb. Tambi\u00e9n financian esterilizaci\u00f3n, mejoramiento de refugios para animales, distribuyendo 511 millones en 56 organizaciones a nivel pa\u00eds durante el \u00faltimo proceso.<\/span><\/p>\n<p class=\"v1MsoNormal\" style=\"text-align: justify;\"><span lang=\"X-NONE\">Por \u00faltimo, la presidenta de la junta de vecinos, Miriam Chible Contreras, indic\u00f3 que \u00abel tema de las mascotas en Guadal, y en realidad en todas las localidades, es un problema cuando las personas no se hacen responsables, tanto para cuidarlas como lo que pasa cuando a un vecino o vecina la atacan, o con las ovejas, donde los campesinos se quejan much\u00edsimos cuando salen los perros y les matan las ovejas\u00bb. En este sentido se\u00f1al\u00f3 que \u00absi hay una preocupaci\u00f3n mayor en la familia, si los ni\u00f1os desde chicos se acostumbran a que los animales no salgan y hagan de las suyas\u00bb, ser\u00e1 un aporte para la comunidad.<\/span><\/p>\n<p class=\"v1MsoNormal\" style=\"text-align: justify;\"><span lang=\"ES\">Al concluir se hizo entrega del libro \u00abLas aventuras de No<\/span><span lang=\"X-NONE\">\u00e9\u00bb.\u00a0<\/span><span lang=\"ES\">En<span class=\"v1gmail-Apple-converted-space\">\u00a0<\/span><\/span><span lang=\"X-NONE\">\u00e9ste se cuenta la historia de No\u00e9, \u00abun perrito que vivir\u00e1 cuando cachorro el abandono y contar\u00e1 sus aventuras hasta encontrar una familia adoptiva. \u00bfCu\u00e1n importante es la tenencia responsable? No\u00e9 le ense\u00f1ar\u00e1 a ni\u00f1os y ni\u00f1as a entenderlo y compartir\u00e1 consejos para promover la tenencia y convivencia responsable de mascotas\u00bb.\u00a0Asimismo, se les entreg\u00f3 un peluche a todos y todas las participantes.<\/span><\/p>\n<p class=\"v1MsoNormal\" style=\"text-align: justify;\"><span lang=\"X-NONE\">Ambos presentes fueron donados por la Fundaci\u00f3n Arca.<\/span><\/p>\n<p class=\"v1MsoNormal\" style=\"text-align: justify;\"><span lang=\"ES\">El segundo taller, sobre c<\/span><span lang=\"X-NONE\">\u00f3mo alimentar a las mascotas y otros cuidados,<\/span><span lang=\"ES\"><span class=\"v1gmail-Apple-converted-space\">\u00a0<\/span>ser<\/span><span lang=\"X-NONE\">\u00e1 impartido durante el mes de enero, fecha que ser\u00e1 informada por redes sociales y en el programa \u00abComo perros y gatos\u00bb, que conduce la periodista Kay Mu\u00f1oz Lazo y que se emite todos los viernes a las 11 horas por Radio La Perla del Lago. El proyecto incluye la difusi\u00f3n de infograf\u00edas en redes sociales y c\u00e1psulas en la misma emisora.<\/span><\/p>\n<\/div><\/section><\/div><div  style='height:50px' class='hr hr-invisible   avia-builder-el-6  el_after_av_one_full  el_before_av_social_share '><span class='hr-inner ' ><span class='hr-inner-style'><\/span><\/span><\/div><\/p>\n<div  class='av-social-sharing-box  avia-builder-el-7  el_after_av_hr  el_before_av_hr  '><div class='av-share-box'><h5 class='av-share-link-description av-no-toc '>Compartir esta noticia<\/h5><ul class='av-share-box-list noLightbox'><li class='av-share-link av-social-link-facebook' ><a target=\"_blank\" aria-label=\"Compartir en Facebook\" href='https:\/\/www.facebook.com\/sharer.php?u=https:\/\/radiorevelacionfm.cl\/?p=11878&#038;t=Fruct%C3%ADfera%20jornada%20sobre%20los%20primeros%20cuidados%20de%20las%20mascotas%20se%20desarroll%C3%B3%20en%20Puerto%20Guadal' aria-hidden='false' data-av_icon='\ue8f3' data-av_iconfont='entypo-fontello' title='' data-avia-related-tooltip='Compartir en Facebook' rel=\"noopener\"><span class='avia_hidden_link_text'>Compartir en Facebook<\/span><\/a><\/li><li class='av-share-link av-social-link-twitter' ><a target=\"_blank\" aria-label=\"Compartir en Twitter\" href='https:\/\/twitter.com\/share?text=Fruct%C3%ADfera%20jornada%20sobre%20los%20primeros%20cuidados%20de%20las%20mascotas%20se%20desarroll%C3%B3%20en%20Puerto%20Guadal&#038;url=https:\/\/radiorevelacionfm.cl\/?p=11878' aria-hidden='false' data-av_icon='\ue8f1' data-av_iconfont='entypo-fontello' title='' data-avia-related-tooltip='Compartir en Twitter' rel=\"noopener\"><span class='avia_hidden_link_text'>Compartir en Twitter<\/span><\/a><\/li><li class='av-share-link av-social-link-whatsapp' ><a target=\"_blank\" aria-label=\"Compartir en Whatsapp\" href='https:\/\/api.whatsapp.com\/send?text=https:\/\/radiorevelacionfm.cl\/?p=11878' aria-hidden='false' data-av_icon='\uf232' data-av_iconfont='entypo-fontello' title='' data-avia-related-tooltip='Compartir en Whatsapp' rel=\"noopener\"><span class='avia_hidden_link_text'>Compartir en Whatsapp<\/span><\/a><\/li><li class='av-share-link av-social-link-linkedin' ><a target=\"_blank\" aria-label=\"Compartir en LinkedIn\" href='https:\/\/linkedin.com\/shareArticle?mini=true&#038;title=Fruct%C3%ADfera%20jornada%20sobre%20los%20primeros%20cuidados%20de%20las%20mascotas%20se%20desarroll%C3%B3%20en%20Puerto%20Guadal&#038;url=https:\/\/radiorevelacionfm.cl\/?p=11878' aria-hidden='false' data-av_icon='\ue8fc' data-av_iconfont='entypo-fontello' title='' data-avia-related-tooltip='Compartir en LinkedIn' rel=\"noopener\"><span class='avia_hidden_link_text'>Compartir en LinkedIn<\/span><\/a><\/li><li class='av-share-link av-social-link-mail' ><a  aria-label=\"Compartir por correo\" href='mailto:?subject=Fruct%C3%ADfera%20jornada%20sobre%20los%20primeros%20cuidados%20de%20las%20mascotas%20se%20desarroll%C3%B3%20en%20Puerto%20Guadal&#038;body=https:\/\/radiorevelacionfm.cl\/?p=11878' aria-hidden='false' data-av_icon='\ue805' data-av_iconfont='entypo-fontello' title='' data-avia-related-tooltip='Compartir por correo'><span class='avia_hidden_link_text'>Compartir por correo<\/span><\/a><\/li><\/ul><\/div><\/div>\n<div  style='height:50px' class='hr hr-invisible   avia-builder-el-8  el_after_av_social_share  el_before_av_comments_list '><span class='hr-inner ' ><span class='hr-inner-style'><\/span><\/span><\/div>\n<div  class='av-buildercomment  av-blog-meta-html-info-disabled av-blog-meta-tag-disabled  '><\/div>\n","protected":false},"excerpt":{"rendered":"","protected":false},"author":1,"featured_media":11879,"comment_status":"open","ping_status":"open","sticky":false,"template":"","format":"standard","meta":{"footnotes":""},"categories":[38],"tags":[],"class_list":["post-11878","post","type-post","status-publish","format-standard","has-post-thumbnail","hentry","category-regional"],"jetpack_featured_media_url":"https:\/\/radiorevelacionfm.cl\/wp-content\/uploads\/2021\/12\/mascotas-2_optimized.jpg","_links":{"self":[{"href":"https:\/\/radiorevelacionfm.cl\/index.php?rest_route=\/wp\/v2\/posts\/11878","targetHints":{"allow":["GET"]}}],"collection":[{"href":"https:\/\/radiorevelacionfm.cl\/index.php?rest_route=\/wp\/v2\/posts"}],"about":[{"href":"https:\/\/radiorevelacionfm.cl\/index.php?rest_route=\/wp\/v2\/types\/post"}],"author":[{"embeddable":true,"href":"https:\/\/radiorevelacionfm.cl\/index.php?rest_route=\/wp\/v2\/users\/1"}],"replies":[{"embeddable":true,"href":"https:\/\/radiorevelacionfm.cl\/index.php?rest_route=%2Fwp%2Fv2%2Fcomments&post=11878"}],"version-history":[{"count":2,"href":"https:\/\/radiorevelacionfm.cl\/index.php?rest_route=\/wp\/v2\/posts\/11878\/revisions"}],"predecessor-version":[{"id":11881,"href":"https:\/\/radiorevelacionfm.cl\/index.php?rest_route=\/wp\/v2\/posts\/11878\/revisions\/11881"}],"wp:featuredmedia":[{"embeddable":true,"href":"https:\/\/radiorevelacionfm.cl\/index.php?rest_route=\/wp\/v2\/media\/11879"}],"wp:attachment":[{"href":"https:\/\/radiorevelacionfm.cl\/index.php?rest_route=%2Fwp%2Fv2%2Fmedia&parent=11878"}],"wp:term":[{"taxonomy":"category","embeddable":true,"href":"https:\/\/radiorevelacionfm.cl\/index.php?rest_route=%2Fwp%2Fv2%2Fcategories&post=11878"},{"taxonomy":"post_tag","embeddable":true,"href":"https:\/\/radiorevelacionfm.cl\/index.php?rest_route=%2Fwp%2Fv2%2Ftags&post=11878"}],"curies":[{"name":"wp","href":"https:\/\/api.w.org\/{rel}","templated":true}]}}