{"id":11873,"date":"2021-12-15T09:41:12","date_gmt":"2021-12-15T12:41:12","guid":{"rendered":"https:\/\/radiorevelacionfm.cl\/?p=11873"},"modified":"2021-12-15T09:41:12","modified_gmt":"2021-12-15T12:41:12","slug":"reconocete-reconoceme-se-crea-nuevo-instrumento-para-medir-pertenencia-a-pueblos-originarios-en-los-establecimientos-educacionales-de-coyhaique","status":"publish","type":"post","link":"https:\/\/radiorevelacionfm.cl\/?p=11873","title":{"rendered":"\u00abRecon\u00f3cete, Recon\u00f3ceme\u00bb: se crea nuevo instrumento para medir pertenencia a pueblos originarios en los establecimientos educacionales de Coyhaique"},"content":{"rendered":"<div class=\"flex_column av_one_full  flex_column_div av-zero-column-padding first  avia-builder-el-0  el_before_av_one_full  avia-builder-el-first  \" style='border-radius:0px; '><div  class='avia-image-container  av-styling-    avia-builder-el-1  avia-builder-el-no-sibling  avia-align-center '  itemprop=\"image\" itemscope=\"itemscope\" itemtype=\"https:\/\/schema.org\/ImageObject\"  ><div class='avia-image-container-inner'><div class='avia-image-overlay-wrap'><img decoding=\"async\" class='wp-image-11874 avia-img-lazy-loading-not-11874 avia_image' src=\"https:\/\/radiorevelacionfm.cl\/wp-content\/uploads\/2021\/12\/Pueblos-Originarios-2021-12-13-.jpeg\" alt='' title='Pueblos Originarios 2021-12-13' height=\"600\" width=\"1069\"  itemprop=\"thumbnailUrl\" srcset=\"https:\/\/radiorevelacionfm.cl\/wp-content\/uploads\/2021\/12\/Pueblos-Originarios-2021-12-13-.jpeg 1069w, https:\/\/radiorevelacionfm.cl\/wp-content\/uploads\/2021\/12\/Pueblos-Originarios-2021-12-13--300x168.jpeg 300w, https:\/\/radiorevelacionfm.cl\/wp-content\/uploads\/2021\/12\/Pueblos-Originarios-2021-12-13--1030x578.jpeg 1030w, https:\/\/radiorevelacionfm.cl\/wp-content\/uploads\/2021\/12\/Pueblos-Originarios-2021-12-13--768x431.jpeg 768w, https:\/\/radiorevelacionfm.cl\/wp-content\/uploads\/2021\/12\/Pueblos-Originarios-2021-12-13--705x396.jpeg 705w, https:\/\/radiorevelacionfm.cl\/wp-content\/uploads\/2021\/12\/Pueblos-Originarios-2021-12-13--600x337.jpeg 600w\" sizes=\"(max-width: 1069px) 100vw, 1069px\" \/><\/div><\/div><\/div><\/div><div class=\"flex_column av_one_full  flex_column_div av-zero-column-padding first  avia-builder-el-2  el_after_av_one_full  el_before_av_one_full  column-top-margin\" style='border-radius:0px; '><section class=\"av_textblock_section \"  itemscope=\"itemscope\" itemtype=\"https:\/\/schema.org\/BlogPosting\" itemprop=\"blogPost\" ><div class='avia_textblock  '   itemprop=\"text\" ><p style=\"text-align: center;\"><span style=\"font-size: 18pt;\"><strong>\u00abRecon\u00f3cete, Recon\u00f3ceme\u00bb: se crea nuevo instrumento para medir pertenencia a pueblos originarios en los establecimientos educacionales de Coyhaique\u00a0<\/strong><\/span><\/p>\n<div id=\"gtx-trans\" style=\"position: absolute; left: -50px; top: 4.31534px;\">\n<div class=\"gtx-trans-icon\"><\/div>\n<\/div>\n<\/div><\/section><\/div><div class=\"flex_column av_one_full  flex_column_div av-zero-column-padding first  avia-builder-el-4  el_after_av_one_full  el_before_av_hr  column-top-margin\" style='border-radius:0px; '><section class=\"av_textblock_section \"  itemscope=\"itemscope\" itemtype=\"https:\/\/schema.org\/BlogPosting\" itemprop=\"blogPost\" ><div class='avia_textblock  '   itemprop=\"text\" ><div style=\"text-align: justify;\">\n<p>\u00abEstamos muy felices terminando y cerrando un proceso con la finalidad de poder avanzar en un instrumento que nos permita detectar cu\u00e1ntos estudiantes efectivamente existen en los colegios municipales que sean pertenecientes a alg\u00fan pueblo originario. Invito a todos y todas para que este trabajo pueda lograr el objetivo que es que podamos contar con este programa en todas las escuelas municipales. El llamado es a los apoderados y apoderadas que van a los procesos de matr\u00edcula de los colegios municipales, a reconocerse y a reconocer a nuestros pueblos originarios, permitiendo que podamos revitalizar la lengua de nuestros pueblos originarios\u00bb, afirm\u00f3 la Gobernadora Regional Andrea Mac\u00edas, en el lanzamiento de la campa\u00f1a \u00abRecon\u00f3cete, Recon\u00f3ceme\u00bb.<\/p>\n<p>Resultado de un trabajo colaborativo entre la Municipalidad de Coyhaique, la Universidad de Ays\u00e9n, las comunidades mapuches, el Ministerio de Educaci\u00f3n y el Gobierno Regional, que logr\u00f3 crear un nuevo instrumento con modificaciones para registrar la ascendencia ind\u00edgena de los y las estudiantes en el proceso de matr\u00edcula, con el fin de determinar el porcentaje requerido para impartir la Asignatura de Lengua y Cultura de Pueblos Originarios Ancestrales. Dicho instrumento lleva por t\u00edtulo \u00abInstrumento de Medici\u00f3n de Calidad Ind\u00edgena para Establecimientos Educacionales\u00bb.<\/p>\n<p>Para el alcalde de la ciudad de Coyhaique, Carlos Gatica, el instrumento es una soluci\u00f3n positiva y que refleja el anhelado trabajo conjunto entre distintas instituciones. \u00abTras sostener diversas reuniones con miembros de distintas asociaciones y organizaciones de Coyhaique para dialogar acerca de la obligatoriedad de impartir la asignatura lengua \u00edndigena s\u00f3lo en los establecimientos que superen el 20% de alumnos matriculados que se identifican con los pueblos originarios, se concret\u00f3 la mesa t\u00e9cnica denominada &#8216;Educaci\u00f3n Intercultural Biling\u00fce en Contexto Mapuche, Comuna de Coyhaique\u00bb.<\/p>\n<p>A las palabras de las autoridades se sum\u00f3 la \u00d1izol Zulema Calfulef, quien indic\u00f3 que \u00absalimos muy contentos de esta reuni\u00f3n porque pudimos lograr que se pudiera realizar el sue\u00f1o que anhel\u00e1bamos para nuestros ni\u00f1os y ni\u00f1as. A partir de los pr\u00f3ximos d\u00edas los colegios tendr\u00e1n conocimiento de las decisiones que se tomaron en esta instancia con la comisi\u00f3n t\u00e9cnica, en la que estuvimos trabajando para que saliera el formulario en el que le pedimos a padres e hijos reconocerse como parte de alguna comunidad ind\u00edgena. Aprovecho de hacer un llamado a reconocerse y lograr el 20% que necesitamos en cada establecimiento educacional para llevar a cabo la asignatura\u00bb.<\/p>\n<p>Por su parte,\u00a0Yorka Cheuquian, concejala de la comuna, afirm\u00f3 que \u00abllevamos trabajando todo octubre, noviembre y ahora, en los primeros d\u00edas de diciembre, podemos decir que ha nacido un nuevo instrumento con el que nuestros ni\u00f1os y ni\u00f1as, que tambi\u00e9n son sujetos de derecho, podr\u00e1n conocer su lengua y cultura. Comenzaremos concientizando a la poblaci\u00f3n para reconocerse como pueblo originario que, la verdad de las cosas, siempre ha estado presente. Agradezco a la Universidad de Ays\u00e9n, al Gobierno Regional, a las asociaciones y comunidades y al Municipio por este logro, este instrumento es algo muy esperanzador\u00bb.<\/p>\n<p>En la actualidad el Municipio se encuentra trabajando para hacer llegar la informaci\u00f3n a los colegios municipales para as\u00ed poner en marcha el formulario creado y garantizar una educaci\u00f3n multicultural para los ni\u00f1os y ni\u00f1as de Coyhaique.<\/p>\n<\/div>\n<\/div><\/section><\/div><div  style='height:50px' class='hr hr-invisible   avia-builder-el-6  el_after_av_one_full  el_before_av_social_share '><span class='hr-inner ' ><span class='hr-inner-style'><\/span><\/span><\/div><\/p>\n<div  class='av-social-sharing-box  avia-builder-el-7  el_after_av_hr  el_before_av_hr  '><div class='av-share-box'><h5 class='av-share-link-description av-no-toc '>Compartir esta noticia<\/h5><ul class='av-share-box-list noLightbox'><li class='av-share-link av-social-link-facebook' ><a target=\"_blank\" aria-label=\"Compartir en Facebook\" href='https:\/\/www.facebook.com\/sharer.php?u=https:\/\/radiorevelacionfm.cl\/?p=11873&#038;t=%C2%ABRecon%C3%B3cete%2C%20Recon%C3%B3ceme%C2%BB%3A%20se%20crea%20nuevo%20instrumento%20para%20medir%20pertenencia%20a%20pueblos%20originarios%20en%20los%20establecimientos%20educacionales%20de%20Coyhaique' aria-hidden='false' data-av_icon='\ue8f3' data-av_iconfont='entypo-fontello' title='' data-avia-related-tooltip='Compartir en Facebook' rel=\"noopener\"><span class='avia_hidden_link_text'>Compartir en Facebook<\/span><\/a><\/li><li class='av-share-link av-social-link-twitter' ><a target=\"_blank\" aria-label=\"Compartir en Twitter\" href='https:\/\/twitter.com\/share?text=%C2%ABRecon%C3%B3cete%2C%20Recon%C3%B3ceme%C2%BB%3A%20se%20crea%20nuevo%20instrumento%20para%20medir%20pertenencia%20a%20pueblos%20originarios%20en%20los%20establecimientos%20educacionales%20de%20Coyhaique&#038;url=https:\/\/radiorevelacionfm.cl\/?p=11873' aria-hidden='false' data-av_icon='\ue8f1' data-av_iconfont='entypo-fontello' title='' data-avia-related-tooltip='Compartir en Twitter' rel=\"noopener\"><span class='avia_hidden_link_text'>Compartir en Twitter<\/span><\/a><\/li><li class='av-share-link av-social-link-whatsapp' ><a target=\"_blank\" aria-label=\"Compartir en Whatsapp\" href='https:\/\/api.whatsapp.com\/send?text=https:\/\/radiorevelacionfm.cl\/?p=11873' aria-hidden='false' data-av_icon='\uf232' data-av_iconfont='entypo-fontello' title='' data-avia-related-tooltip='Compartir en Whatsapp' rel=\"noopener\"><span class='avia_hidden_link_text'>Compartir en Whatsapp<\/span><\/a><\/li><li class='av-share-link av-social-link-linkedin' ><a target=\"_blank\" aria-label=\"Compartir en LinkedIn\" href='https:\/\/linkedin.com\/shareArticle?mini=true&#038;title=%C2%ABRecon%C3%B3cete%2C%20Recon%C3%B3ceme%C2%BB%3A%20se%20crea%20nuevo%20instrumento%20para%20medir%20pertenencia%20a%20pueblos%20originarios%20en%20los%20establecimientos%20educacionales%20de%20Coyhaique&#038;url=https:\/\/radiorevelacionfm.cl\/?p=11873' aria-hidden='false' data-av_icon='\ue8fc' data-av_iconfont='entypo-fontello' title='' data-avia-related-tooltip='Compartir en LinkedIn' rel=\"noopener\"><span class='avia_hidden_link_text'>Compartir en LinkedIn<\/span><\/a><\/li><li class='av-share-link av-social-link-mail' ><a  aria-label=\"Compartir por correo\" href='mailto:?subject=%C2%ABRecon%C3%B3cete%2C%20Recon%C3%B3ceme%C2%BB%3A%20se%20crea%20nuevo%20instrumento%20para%20medir%20pertenencia%20a%20pueblos%20originarios%20en%20los%20establecimientos%20educacionales%20de%20Coyhaique&#038;body=https:\/\/radiorevelacionfm.cl\/?p=11873' aria-hidden='false' data-av_icon='\ue805' data-av_iconfont='entypo-fontello' title='' data-avia-related-tooltip='Compartir por correo'><span class='avia_hidden_link_text'>Compartir por correo<\/span><\/a><\/li><\/ul><\/div><\/div>\n<div  style='height:50px' class='hr hr-invisible   avia-builder-el-8  el_after_av_social_share  el_before_av_comments_list '><span class='hr-inner ' ><span class='hr-inner-style'><\/span><\/span><\/div>\n<div  class='av-buildercomment  av-blog-meta-html-info-disabled av-blog-meta-tag-disabled  '><\/div>\n","protected":false},"excerpt":{"rendered":"","protected":false},"author":1,"featured_media":11874,"comment_status":"open","ping_status":"open","sticky":false,"template":"","format":"standard","meta":{"footnotes":""},"categories":[38],"tags":[],"class_list":["post-11873","post","type-post","status-publish","format-standard","has-post-thumbnail","hentry","category-regional"],"jetpack_featured_media_url":"https:\/\/radiorevelacionfm.cl\/wp-content\/uploads\/2021\/12\/Pueblos-Originarios-2021-12-13-.jpeg","_links":{"self":[{"href":"https:\/\/radiorevelacionfm.cl\/index.php?rest_route=\/wp\/v2\/posts\/11873","targetHints":{"allow":["GET"]}}],"collection":[{"href":"https:\/\/radiorevelacionfm.cl\/index.php?rest_route=\/wp\/v2\/posts"}],"about":[{"href":"https:\/\/radiorevelacionfm.cl\/index.php?rest_route=\/wp\/v2\/types\/post"}],"author":[{"embeddable":true,"href":"https:\/\/radiorevelacionfm.cl\/index.php?rest_route=\/wp\/v2\/users\/1"}],"replies":[{"embeddable":true,"href":"https:\/\/radiorevelacionfm.cl\/index.php?rest_route=%2Fwp%2Fv2%2Fcomments&post=11873"}],"version-history":[{"count":2,"href":"https:\/\/radiorevelacionfm.cl\/index.php?rest_route=\/wp\/v2\/posts\/11873\/revisions"}],"predecessor-version":[{"id":11877,"href":"https:\/\/radiorevelacionfm.cl\/index.php?rest_route=\/wp\/v2\/posts\/11873\/revisions\/11877"}],"wp:featuredmedia":[{"embeddable":true,"href":"https:\/\/radiorevelacionfm.cl\/index.php?rest_route=\/wp\/v2\/media\/11874"}],"wp:attachment":[{"href":"https:\/\/radiorevelacionfm.cl\/index.php?rest_route=%2Fwp%2Fv2%2Fmedia&parent=11873"}],"wp:term":[{"taxonomy":"category","embeddable":true,"href":"https:\/\/radiorevelacionfm.cl\/index.php?rest_route=%2Fwp%2Fv2%2Fcategories&post=11873"},{"taxonomy":"post_tag","embeddable":true,"href":"https:\/\/radiorevelacionfm.cl\/index.php?rest_route=%2Fwp%2Fv2%2Ftags&post=11873"}],"curies":[{"name":"wp","href":"https:\/\/api.w.org\/{rel}","templated":true}]}}