{"id":11868,"date":"2021-12-14T19:54:29","date_gmt":"2021-12-14T22:54:29","guid":{"rendered":"https:\/\/radiorevelacionfm.cl\/?p=11868"},"modified":"2021-12-14T19:54:29","modified_gmt":"2021-12-14T22:54:29","slug":"anuncian-nuevo-subsidio-de-conectividad-aerea-a-chile-chico","status":"publish","type":"post","link":"https:\/\/radiorevelacionfm.cl\/?p=11868","title":{"rendered":"Anuncian nuevo subsidio de conectividad a\u00e9rea a Chile Chico"},"content":{"rendered":"<div class=\"flex_column av_one_full  flex_column_div av-zero-column-padding first  avia-builder-el-0  el_before_av_one_full  avia-builder-el-first  \" style='border-radius:0px; '><div  class='avia-image-container  av-styling-    avia-builder-el-1  avia-builder-el-no-sibling  avia-align-center '  itemprop=\"image\" itemscope=\"itemscope\" itemtype=\"https:\/\/schema.org\/ImageObject\"  ><div class='avia-image-container-inner'><div class='avia-image-overlay-wrap'><img decoding=\"async\" class='wp-image-11869 avia-img-lazy-loading-not-11869 avia_image' src=\"https:\/\/radiorevelacionfm.cl\/wp-content\/uploads\/2021\/12\/image-2-2-2.jpg\" alt='' title='image-2-2-2' height=\"600\" width=\"869\"  itemprop=\"thumbnailUrl\" srcset=\"https:\/\/radiorevelacionfm.cl\/wp-content\/uploads\/2021\/12\/image-2-2-2.jpg 869w, https:\/\/radiorevelacionfm.cl\/wp-content\/uploads\/2021\/12\/image-2-2-2-300x207.jpg 300w, https:\/\/radiorevelacionfm.cl\/wp-content\/uploads\/2021\/12\/image-2-2-2-768x530.jpg 768w, https:\/\/radiorevelacionfm.cl\/wp-content\/uploads\/2021\/12\/image-2-2-2-705x487.jpg 705w, https:\/\/radiorevelacionfm.cl\/wp-content\/uploads\/2021\/12\/image-2-2-2-600x414.jpg 600w\" sizes=\"(max-width: 869px) 100vw, 869px\" \/><\/div><\/div><\/div><\/div><div class=\"flex_column av_one_full  flex_column_div av-zero-column-padding first  avia-builder-el-2  el_after_av_one_full  el_before_av_one_full  column-top-margin\" style='border-radius:0px; '><section class=\"av_textblock_section \"  itemscope=\"itemscope\" itemtype=\"https:\/\/schema.org\/BlogPosting\" itemprop=\"blogPost\" ><div class='avia_textblock  '   itemprop=\"text\" ><p style=\"text-align: center;\"><strong><span style=\"font-size: 18pt;\">Anuncian nuevo subsidio de conectividad a\u00e9rea a Chile Chico<\/span><\/strong><\/p>\n<div id=\"gtx-trans\" style=\"position: absolute; left: -50px; top: 4.31534px;\">\n<div class=\"gtx-trans-icon\"><\/div>\n<\/div>\n<\/div><\/section><\/div><div class=\"flex_column av_one_full  flex_column_div av-zero-column-padding first  avia-builder-el-4  el_after_av_one_full  el_before_av_hr  column-top-margin\" style='border-radius:0px; '><section class=\"av_textblock_section \"  itemscope=\"itemscope\" itemtype=\"https:\/\/schema.org\/BlogPosting\" itemprop=\"blogPost\" ><div class='avia_textblock  '   itemprop=\"text\" ><p style=\"text-align: justify;\">Con el fin de facilitar nuevas alternativas de conectividad hacia la comuna de Chile Chico la Delegada Presidencial Regional Margarita Ossa y el SeremiTT Fabi\u00e1n Rojas anunciaron el inicio de un nuevo servicio de transporte subvencionado hacia la ciudad del sol. En esta ocasi\u00f3n se trata de conectividad a\u00e9rea a cargo de la empresa AEROCORD, el cual operar\u00e1 con dos viajes diarios y una tarifa de 7 mil pesos.<\/p>\n<p style=\"text-align: justify;\">Los vuelos se activar\u00e1n este jueves 16 hasta el 31 de diciembre, exceptuando el d\u00eda de Navidad, y se priorizar\u00e1 el traslado de los residentes.<\/p>\n<p style=\"text-align: justify;\">Al respecto la delegada asegur\u00f3 que \u201chemos estado trabajando de forma imparable para ir mejorando la conectividad de Chile Chico, a ra\u00edz del problema que hemos tenido con las barcazas. Con este nuevo subsidio se va a complementar todos los traslados desde Chile Chico a la capital regional. Este ha sido un trabajo importante que hemos realizado dentro de la Mesa T\u00e9cnica para poder as\u00ed mejorar la conectividad; en el caso de Transportes es un subsidio que se prolonga hasta fin de a\u00f1o y es una buena noticia para nuestros vecinos y as\u00ed puedan trasladarse de una forma m\u00e1s f\u00e1cil\u201d.<\/p>\n<p style=\"text-align: justify;\">Desde Transportes, Fabi\u00e1n Rojas agreg\u00f3 que \u201clo importante de este nuevo servicio es que no tiene restricciones, no es como el subsidio a la demanda que establece requisitos, y que va a seguir funcionando. Con este nuevo servicio la persona podr\u00e1 ir directamente a las oficinas de AEROCORD y comprar su pasaje\u201d. El seremi adem\u00e1s enfatiz\u00f3 en que se est\u00e1 haciendo el seguimiento a las reparaciones en barcaza La Tehuelche.<\/p>\n<p style=\"text-align: justify;\">\u201cEntendiendo que se est\u00e1n haciendo los trabajos en la barcaza La Tehuelche y esperamos a fines de este mes sacarla nuevamente en funcionamiento, ante cualquier imprevisto se consider\u00f3 una pr\u00f3rroga por 15 d\u00edas adicionales. Sabemos que esta no es la soluci\u00f3n principal y que la conectividad lacustre es la primordial, sin embargo esto va a permitir que los habitantes de Chile Chico puedan llegar a Coyhaique o de aqu\u00ed hacia la ciudad del sol en forma r\u00e1pida y segura\u201d concluy\u00f3 Rojas.<\/p>\n<\/div><\/section><\/div><div  style='height:50px' class='hr hr-invisible   avia-builder-el-6  el_after_av_one_full  el_before_av_social_share '><span class='hr-inner ' ><span class='hr-inner-style'><\/span><\/span><\/div><\/p>\n<div  class='av-social-sharing-box  avia-builder-el-7  el_after_av_hr  el_before_av_hr  '><div class='av-share-box'><h5 class='av-share-link-description av-no-toc '>Compartir esta noticia<\/h5><ul class='av-share-box-list noLightbox'><li class='av-share-link av-social-link-facebook' ><a target=\"_blank\" aria-label=\"Compartir en Facebook\" href='https:\/\/www.facebook.com\/sharer.php?u=https:\/\/radiorevelacionfm.cl\/?p=11868&#038;t=Anuncian%20nuevo%20subsidio%20de%20conectividad%20a%C3%A9rea%20a%20Chile%20Chico' aria-hidden='false' data-av_icon='\ue8f3' data-av_iconfont='entypo-fontello' title='' data-avia-related-tooltip='Compartir en Facebook' rel=\"noopener\"><span class='avia_hidden_link_text'>Compartir en Facebook<\/span><\/a><\/li><li class='av-share-link av-social-link-twitter' ><a target=\"_blank\" aria-label=\"Compartir en Twitter\" href='https:\/\/twitter.com\/share?text=Anuncian%20nuevo%20subsidio%20de%20conectividad%20a%C3%A9rea%20a%20Chile%20Chico&#038;url=https:\/\/radiorevelacionfm.cl\/?p=11868' aria-hidden='false' data-av_icon='\ue8f1' data-av_iconfont='entypo-fontello' title='' data-avia-related-tooltip='Compartir en Twitter' rel=\"noopener\"><span class='avia_hidden_link_text'>Compartir en Twitter<\/span><\/a><\/li><li class='av-share-link av-social-link-whatsapp' ><a target=\"_blank\" aria-label=\"Compartir en Whatsapp\" href='https:\/\/api.whatsapp.com\/send?text=https:\/\/radiorevelacionfm.cl\/?p=11868' aria-hidden='false' data-av_icon='\uf232' data-av_iconfont='entypo-fontello' title='' data-avia-related-tooltip='Compartir en Whatsapp' rel=\"noopener\"><span class='avia_hidden_link_text'>Compartir en Whatsapp<\/span><\/a><\/li><li class='av-share-link av-social-link-linkedin' ><a target=\"_blank\" aria-label=\"Compartir en LinkedIn\" href='https:\/\/linkedin.com\/shareArticle?mini=true&#038;title=Anuncian%20nuevo%20subsidio%20de%20conectividad%20a%C3%A9rea%20a%20Chile%20Chico&#038;url=https:\/\/radiorevelacionfm.cl\/?p=11868' aria-hidden='false' data-av_icon='\ue8fc' data-av_iconfont='entypo-fontello' title='' data-avia-related-tooltip='Compartir en LinkedIn' rel=\"noopener\"><span class='avia_hidden_link_text'>Compartir en LinkedIn<\/span><\/a><\/li><li class='av-share-link av-social-link-mail' ><a  aria-label=\"Compartir por correo\" href='mailto:?subject=Anuncian%20nuevo%20subsidio%20de%20conectividad%20a%C3%A9rea%20a%20Chile%20Chico&#038;body=https:\/\/radiorevelacionfm.cl\/?p=11868' aria-hidden='false' data-av_icon='\ue805' data-av_iconfont='entypo-fontello' title='' data-avia-related-tooltip='Compartir por correo'><span class='avia_hidden_link_text'>Compartir por correo<\/span><\/a><\/li><\/ul><\/div><\/div>\n<div  style='height:50px' class='hr hr-invisible   avia-builder-el-8  el_after_av_social_share  el_before_av_comments_list '><span class='hr-inner ' ><span class='hr-inner-style'><\/span><\/span><\/div>\n<div  class='av-buildercomment  av-blog-meta-html-info-disabled av-blog-meta-tag-disabled  '><\/div>\n","protected":false},"excerpt":{"rendered":"","protected":false},"author":1,"featured_media":11869,"comment_status":"open","ping_status":"open","sticky":false,"template":"","format":"standard","meta":{"footnotes":""},"categories":[59],"tags":[],"class_list":["post-11868","post","type-post","status-publish","format-standard","has-post-thumbnail","hentry","category-transporte"],"jetpack_featured_media_url":"https:\/\/radiorevelacionfm.cl\/wp-content\/uploads\/2021\/12\/image-2-2-2.jpg","_links":{"self":[{"href":"https:\/\/radiorevelacionfm.cl\/index.php?rest_route=\/wp\/v2\/posts\/11868","targetHints":{"allow":["GET"]}}],"collection":[{"href":"https:\/\/radiorevelacionfm.cl\/index.php?rest_route=\/wp\/v2\/posts"}],"about":[{"href":"https:\/\/radiorevelacionfm.cl\/index.php?rest_route=\/wp\/v2\/types\/post"}],"author":[{"embeddable":true,"href":"https:\/\/radiorevelacionfm.cl\/index.php?rest_route=\/wp\/v2\/users\/1"}],"replies":[{"embeddable":true,"href":"https:\/\/radiorevelacionfm.cl\/index.php?rest_route=%2Fwp%2Fv2%2Fcomments&post=11868"}],"version-history":[{"count":2,"href":"https:\/\/radiorevelacionfm.cl\/index.php?rest_route=\/wp\/v2\/posts\/11868\/revisions"}],"predecessor-version":[{"id":11871,"href":"https:\/\/radiorevelacionfm.cl\/index.php?rest_route=\/wp\/v2\/posts\/11868\/revisions\/11871"}],"wp:featuredmedia":[{"embeddable":true,"href":"https:\/\/radiorevelacionfm.cl\/index.php?rest_route=\/wp\/v2\/media\/11869"}],"wp:attachment":[{"href":"https:\/\/radiorevelacionfm.cl\/index.php?rest_route=%2Fwp%2Fv2%2Fmedia&parent=11868"}],"wp:term":[{"taxonomy":"category","embeddable":true,"href":"https:\/\/radiorevelacionfm.cl\/index.php?rest_route=%2Fwp%2Fv2%2Fcategories&post=11868"},{"taxonomy":"post_tag","embeddable":true,"href":"https:\/\/radiorevelacionfm.cl\/index.php?rest_route=%2Fwp%2Fv2%2Ftags&post=11868"}],"curies":[{"name":"wp","href":"https:\/\/api.w.org\/{rel}","templated":true}]}}