{"id":11865,"date":"2021-12-15T09:20:40","date_gmt":"2021-12-15T12:20:40","guid":{"rendered":"https:\/\/radiorevelacionfm.cl\/?p=11865"},"modified":"2021-12-15T09:20:40","modified_gmt":"2021-12-15T12:20:40","slug":"destacan-importantes-avances-en-materias-energeticas-en-aysen","status":"publish","type":"post","link":"https:\/\/radiorevelacionfm.cl\/?p=11865","title":{"rendered":"Destacan importantes avances en materias Energ\u00e9ticas en Ays\u00e9n"},"content":{"rendered":"<div class=\"flex_column av_one_full  flex_column_div av-zero-column-padding first  avia-builder-el-0  el_before_av_one_full  avia-builder-el-first  \" style='border-radius:0px; '><div  class='avia-image-container  av-styling-    avia-builder-el-1  avia-builder-el-no-sibling  avia-align-center '  itemprop=\"image\" itemscope=\"itemscope\" itemtype=\"https:\/\/schema.org\/ImageObject\"  ><div class='avia-image-container-inner'><div class='avia-image-overlay-wrap'><img decoding=\"async\" class='wp-image-11866 avia-img-lazy-loading-not-11866 avia_image' src=\"https:\/\/radiorevelacionfm.cl\/wp-content\/uploads\/2021\/12\/jjvv-villa-divisadero-2_optimized.jpeg\" alt='' title='jjvv-villa-divisadero-2_optimized' height=\"600\" width=\"800\"  itemprop=\"thumbnailUrl\" srcset=\"https:\/\/radiorevelacionfm.cl\/wp-content\/uploads\/2021\/12\/jjvv-villa-divisadero-2_optimized.jpeg 800w, https:\/\/radiorevelacionfm.cl\/wp-content\/uploads\/2021\/12\/jjvv-villa-divisadero-2_optimized-300x225.jpeg 300w, https:\/\/radiorevelacionfm.cl\/wp-content\/uploads\/2021\/12\/jjvv-villa-divisadero-2_optimized-768x576.jpeg 768w, https:\/\/radiorevelacionfm.cl\/wp-content\/uploads\/2021\/12\/jjvv-villa-divisadero-2_optimized-705x529.jpeg 705w, https:\/\/radiorevelacionfm.cl\/wp-content\/uploads\/2021\/12\/jjvv-villa-divisadero-2_optimized-600x450.jpeg 600w\" sizes=\"(max-width: 800px) 100vw, 800px\" \/><\/div><\/div><\/div><\/div><div class=\"flex_column av_one_full  flex_column_div av-zero-column-padding first  avia-builder-el-2  el_after_av_one_full  el_before_av_one_full  column-top-margin\" style='border-radius:0px; '><section class=\"av_textblock_section \"  itemscope=\"itemscope\" itemtype=\"https:\/\/schema.org\/BlogPosting\" itemprop=\"blogPost\" ><div class='avia_textblock  '   itemprop=\"text\" ><p style=\"text-align: center;\"><strong><span style=\"font-size: 18pt;\">Destacan importantes avances en materias Energ\u00e9ticas en Ays\u00e9n<\/span><\/strong><\/p>\n<div id=\"gtx-trans\" style=\"position: absolute; left: -50px; top: 4.31534px;\">\n<div class=\"gtx-trans-icon\"><\/div>\n<\/div>\n<\/div><\/section><\/div><div class=\"flex_column av_one_full  flex_column_div av-zero-column-padding first  avia-builder-el-4  el_after_av_one_full  el_before_av_hr  column-top-margin\" style='border-radius:0px; '><section class=\"av_textblock_section \"  itemscope=\"itemscope\" itemtype=\"https:\/\/schema.org\/BlogPosting\" itemprop=\"blogPost\" ><div class='avia_textblock  '   itemprop=\"text\" ><p style=\"text-align: justify;\">El Seremi de Energ\u00eda de Ays\u00e9n, Juan Luis Amen\u00e1bar, hizo un positivo balance de la gesti\u00f3n 2021, destacando que \u201cen el centro de nuestro trabajo siempre est\u00e1n las personas, por ello a pesar de las limitaciones propias de la pandemia, realizamos un importante despliegue territorial que nos permiti\u00f3 apoyar y entregar soluciones concretas a la comunidad regional. Adem\u00e1s, promovimos una oferta program\u00e1tica diversa e inclusiva que cont\u00f3 con una importante participaci\u00f3n de los distintos sectores de nuestra sociedad\u201d.<\/p>\n<p style=\"text-align: justify;\"><strong>Acceso y Mejoramiento del Suministro El\u00e9ctrico<\/strong><\/p>\n<p style=\"text-align: justify;\">Durante el presente a\u00f1o se apoy\u00f3 la formulaci\u00f3n y gesti\u00f3n de cuatro proyectos de electrificaci\u00f3n que beneficiaron a 128 familias de la comuna de Coyhaique, con una inversi\u00f3n de MM$813 del Fondo Nacional de Desarrollo Regional (FNDR) y el Programa de Mejoramiento de Barrios (P.M.B.).<\/p>\n<p style=\"text-align: justify;\">En esta misma l\u00ednea de financiamiento se trabaja en 12 proyectos que beneficiar\u00e1n a 320 familias de las localidades de Coyhaique, Puerto Ays\u00e9n, Puerto Cisnes, Cochrane, Chile Chico y Puerto Ib\u00e1\u00f1ez, con una inversi\u00f3n aproximada de MM$4000.<\/p>\n<p style=\"text-align: justify;\">Tambi\u00e9n est\u00e1 en ejecuci\u00f3n el proyecto \u201cConstrucci\u00f3n de Soluciones El\u00e9ctricas Fotovoltaicas Sector Valle Lagunas\u201d,formulado por la Seremi de Energ\u00eda con el apoyo de la Municipalidad de Ays\u00e9n, que \u00a0\u00a0beneficiar\u00e1 30 familias del sector con una inversi\u00f3n de MM$362 del GORE.<\/p>\n<p style=\"text-align: justify;\">Para Tortel, se trabaj\u00f3 en un proyecto de sincronismo de sus unidades generadoras (turbina, generadores di\u00e9sel) que permitir\u00e1 en el corto plazo, minimizar los micro cortes que sufren hoy en d\u00eda, y economizar el gasto en di\u00e9sel. Este proyecto est\u00e1 en plena ejecuci\u00f3n. Y lo m\u00e1s importante para la comunidad tortelina es la soluci\u00f3n a mediano y largo plazo propuesta, que est\u00e1 en elaboraci\u00f3n y forma parte del Plan de Rezago de la Provincia de Capit\u00e1n Prat (GORE). Consiste en una extensi\u00f3n de red desde Laguna Esmeralda (Cochrane) hasta Tortel, la normalizaci\u00f3n de sus redes de media y baja tensi\u00f3n, como tambi\u00e9n la normalizaci\u00f3n de las instalaciones interiores de las viviendas de la localidad, y que ser\u00e1 la soluci\u00f3n de suministro el\u00e9ctrico seguro, confiable y definitivo que la comunidad tanto a\u00f1ora. Esto cobra mucha relevancia, dado los proyectos locales de alcantarillado al vac\u00edo (que ya fue ejecutado), la fibra \u00f3ptica, y el crecimiento natural de la zona. Esta soluci\u00f3n les permitir\u00e1 un desarrollo sostenible, seguro y de calidad, con perspectivas de crecimiento e inversi\u00f3n, adem\u00e1s de dar suministro a las m\u00e1s de 60 familias del trayecto Cochrane \u2013 Tortel.<\/p>\n<p style=\"text-align: justify;\">Por otra parte, en el marco de la \u201cRuta de la Luz\u201d se gestion\u00f3 como Gobierno el financiamiento con la Empresa El\u00e9ctrica Saesa, para dotar de electricidad a la localidad de Ra\u00fal Mar\u00edn Balmaceda, a trav\u00e9s de la construcci\u00f3n de una l\u00ednea de media tensi\u00f3n de aproximadamente 80 km que parte en la localidad de La Junta. El proyecto considera tres etapas, encontr\u00e1ndose la primera de ellas de 26 km lista para ser energizada a fines de este 2021.<\/p>\n<p style=\"text-align: justify;\"><strong>Eficiencia Energ\u00e9tica y Educaci\u00f3n <\/strong><\/p>\n<p style=\"text-align: justify;\">El programa \u201cCon Buena Energ\u00eda\u201d que fomenta medidas de eficiencia energ\u00e9tica al interior de los hogares y entrega kits eficientes, suscribi\u00f3 convenios con el Fondo de Solidaridad e Inversi\u00f3n Social, Fundaci\u00f3n PRODEMU y el Instituto Nacional de la Juventud, para ampliar su cobertura territorial y potenciar el enfoque de g\u00e9nero. Se capacitaron 701 personas de ocho comunas de la regi\u00f3n, de las cuales un 96 % correspondieron a mujeres.<\/p>\n<p style=\"text-align: justify;\">El Programa Ponle Energ\u00eda a Tu Pyme 2020 (ejecutado este 2021), benefici\u00f3 a 11 MiPyMEs con una inversi\u00f3n de MM$30 para la implementaci\u00f3n de proyectos de eficiencia energ\u00e9tica, energ\u00edas renovables y electromovilidad.<\/p>\n<p style=\"text-align: justify;\">\u201cEduca Sostenible \u2013 Programa Educativo en Energ\u00eda\u201d que incorpora la sostenibilidad energ\u00e9tica en todos los niveles educativos, ejecut\u00f3 68 instancias de asesor\u00eda y formaci\u00f3n, que contaron con la participaron 441 integrantes de los 12 establecimientos regionales que forman parte de la iniciativa.<\/p>\n<p style=\"text-align: justify;\">Tambi\u00e9n el Ministerio de Energ\u00eda dispuso en la regi\u00f3n m\u00e1s de MM$600 para el mejoramiento de la infraestructura y recambio de matriz t\u00e9rmica en establecimientos educacionales p\u00fablicos. Estas intervenciones incluyen mejoras de la envolvente t\u00e9rmica de los recintos, como tambi\u00e9n el recambio de las calderas a le\u00f1a por tecnolog\u00eda limpia y renovable en calefacci\u00f3n.<\/p>\n<p style=\"text-align: justify;\"><strong>\u00a0Biocombustibles S\u00f3lidos<\/strong><\/p>\n<p style=\"text-align: justify;\">En el marco del Proyecto de Ley que regula los Biocombustibles S\u00f3lidos (BCS) aprobado en el mes de agosto por la C\u00e1mara de Diputados y que se encuentra ahora en el Senado, se desarroll\u00f3 el programa \u201cLe\u00f1a M\u00e1s Seca Convocatoria Especial Maquinarias 2021\u201d, que benefici\u00f3 a ocho productores y cont\u00f3 con una inversi\u00f3n de MM$73. Adem\u00e1s, se avanz\u00f3 en el programa \u201cCentro Integral de Biomasa 2020\u201d, el que cont\u00f3 una inversi\u00f3n regional de MM$210 y benefici\u00f3 a tres proyectos para fomentar la producci\u00f3n de le\u00f1a seca y otros derivados de biomasa.<\/p>\n<p style=\"text-align: justify;\">A trav\u00e9s del Sello Calidad de Le\u00f1a, se reconoci\u00f3 a 17 comercializadores cuyo proceso de producci\u00f3n de le\u00f1a les permite generar un producto de calidad. La convocatoria 2021-2022 se encuentra abierta y se puede postular en la p\u00e1gina web www.sellocalidadlena.cl.<\/p>\n<p style=\"text-align: justify;\">Finalmente, la autoridad regional de Energ\u00eda se\u00f1al\u00f3 que \u201cla regi\u00f3n de Ays\u00e9n tiene un gran potencial para avanzar hacia un desarrollo energ\u00e9tico sostenible, por ello debemos continuar fomentando, fortaleciendo y diversificando la matriz energ\u00e9tica a trav\u00e9s de la incorporaci\u00f3n de las energ\u00edas renovables. Esto permitir\u00e1 mejorar la calidad de vida de la comunidad y generar un motor de desarrollo y progreso para nuestra regi\u00f3n\u201d.<\/p>\n<\/div><\/section><\/div><div  style='height:50px' class='hr hr-invisible   avia-builder-el-6  el_after_av_one_full  el_before_av_social_share '><span class='hr-inner ' ><span class='hr-inner-style'><\/span><\/span><\/div><\/p>\n<div  class='av-social-sharing-box  avia-builder-el-7  el_after_av_hr  el_before_av_hr  '><div class='av-share-box'><h5 class='av-share-link-description av-no-toc '>Compartir esta noticia<\/h5><ul class='av-share-box-list noLightbox'><li class='av-share-link av-social-link-facebook' ><a target=\"_blank\" aria-label=\"Compartir en Facebook\" href='https:\/\/www.facebook.com\/sharer.php?u=https:\/\/radiorevelacionfm.cl\/?p=11865&#038;t=Destacan%20importantes%20avances%20en%20materias%20Energ%C3%A9ticas%20en%20Ays%C3%A9n' aria-hidden='false' data-av_icon='\ue8f3' data-av_iconfont='entypo-fontello' title='' data-avia-related-tooltip='Compartir en Facebook' rel=\"noopener\"><span class='avia_hidden_link_text'>Compartir en Facebook<\/span><\/a><\/li><li class='av-share-link av-social-link-twitter' ><a target=\"_blank\" aria-label=\"Compartir en Twitter\" href='https:\/\/twitter.com\/share?text=Destacan%20importantes%20avances%20en%20materias%20Energ%C3%A9ticas%20en%20Ays%C3%A9n&#038;url=https:\/\/radiorevelacionfm.cl\/?p=11865' aria-hidden='false' data-av_icon='\ue8f1' data-av_iconfont='entypo-fontello' title='' data-avia-related-tooltip='Compartir en Twitter' rel=\"noopener\"><span class='avia_hidden_link_text'>Compartir en Twitter<\/span><\/a><\/li><li class='av-share-link av-social-link-whatsapp' ><a target=\"_blank\" aria-label=\"Compartir en Whatsapp\" href='https:\/\/api.whatsapp.com\/send?text=https:\/\/radiorevelacionfm.cl\/?p=11865' aria-hidden='false' data-av_icon='\uf232' data-av_iconfont='entypo-fontello' title='' data-avia-related-tooltip='Compartir en Whatsapp' rel=\"noopener\"><span class='avia_hidden_link_text'>Compartir en Whatsapp<\/span><\/a><\/li><li class='av-share-link av-social-link-linkedin' ><a target=\"_blank\" aria-label=\"Compartir en LinkedIn\" href='https:\/\/linkedin.com\/shareArticle?mini=true&#038;title=Destacan%20importantes%20avances%20en%20materias%20Energ%C3%A9ticas%20en%20Ays%C3%A9n&#038;url=https:\/\/radiorevelacionfm.cl\/?p=11865' aria-hidden='false' data-av_icon='\ue8fc' data-av_iconfont='entypo-fontello' title='' data-avia-related-tooltip='Compartir en LinkedIn' rel=\"noopener\"><span class='avia_hidden_link_text'>Compartir en LinkedIn<\/span><\/a><\/li><li class='av-share-link av-social-link-mail' ><a  aria-label=\"Compartir por correo\" href='mailto:?subject=Destacan%20importantes%20avances%20en%20materias%20Energ%C3%A9ticas%20en%20Ays%C3%A9n&#038;body=https:\/\/radiorevelacionfm.cl\/?p=11865' aria-hidden='false' data-av_icon='\ue805' data-av_iconfont='entypo-fontello' title='' data-avia-related-tooltip='Compartir por correo'><span class='avia_hidden_link_text'>Compartir por correo<\/span><\/a><\/li><\/ul><\/div><\/div>\n<div  style='height:50px' class='hr hr-invisible   avia-builder-el-8  el_after_av_social_share  el_before_av_comments_list '><span class='hr-inner ' ><span class='hr-inner-style'><\/span><\/span><\/div>\n<div  class='av-buildercomment  av-blog-meta-html-info-disabled av-blog-meta-tag-disabled  '><\/div>\n","protected":false},"excerpt":{"rendered":"","protected":false},"author":1,"featured_media":11866,"comment_status":"open","ping_status":"open","sticky":false,"template":"","format":"standard","meta":{"footnotes":""},"categories":[38],"tags":[],"class_list":["post-11865","post","type-post","status-publish","format-standard","has-post-thumbnail","hentry","category-regional"],"jetpack_featured_media_url":"https:\/\/radiorevelacionfm.cl\/wp-content\/uploads\/2021\/12\/jjvv-villa-divisadero-2_optimized.jpeg","_links":{"self":[{"href":"https:\/\/radiorevelacionfm.cl\/index.php?rest_route=\/wp\/v2\/posts\/11865","targetHints":{"allow":["GET"]}}],"collection":[{"href":"https:\/\/radiorevelacionfm.cl\/index.php?rest_route=\/wp\/v2\/posts"}],"about":[{"href":"https:\/\/radiorevelacionfm.cl\/index.php?rest_route=\/wp\/v2\/types\/post"}],"author":[{"embeddable":true,"href":"https:\/\/radiorevelacionfm.cl\/index.php?rest_route=\/wp\/v2\/users\/1"}],"replies":[{"embeddable":true,"href":"https:\/\/radiorevelacionfm.cl\/index.php?rest_route=%2Fwp%2Fv2%2Fcomments&post=11865"}],"version-history":[{"count":2,"href":"https:\/\/radiorevelacionfm.cl\/index.php?rest_route=\/wp\/v2\/posts\/11865\/revisions"}],"predecessor-version":[{"id":11876,"href":"https:\/\/radiorevelacionfm.cl\/index.php?rest_route=\/wp\/v2\/posts\/11865\/revisions\/11876"}],"wp:featuredmedia":[{"embeddable":true,"href":"https:\/\/radiorevelacionfm.cl\/index.php?rest_route=\/wp\/v2\/media\/11866"}],"wp:attachment":[{"href":"https:\/\/radiorevelacionfm.cl\/index.php?rest_route=%2Fwp%2Fv2%2Fmedia&parent=11865"}],"wp:term":[{"taxonomy":"category","embeddable":true,"href":"https:\/\/radiorevelacionfm.cl\/index.php?rest_route=%2Fwp%2Fv2%2Fcategories&post=11865"},{"taxonomy":"post_tag","embeddable":true,"href":"https:\/\/radiorevelacionfm.cl\/index.php?rest_route=%2Fwp%2Fv2%2Ftags&post=11865"}],"curies":[{"name":"wp","href":"https:\/\/api.w.org\/{rel}","templated":true}]}}