{"id":11859,"date":"2021-12-14T20:56:09","date_gmt":"2021-12-14T23:56:09","guid":{"rendered":"https:\/\/radiorevelacionfm.cl\/?p=11859"},"modified":"2021-12-14T20:56:09","modified_gmt":"2021-12-14T23:56:09","slug":"entregan-recomendaciones-para-compras-seguras-de-fin-de-ano","status":"publish","type":"post","link":"https:\/\/radiorevelacionfm.cl\/?p=11859","title":{"rendered":"Entregan recomendaciones para compras seguras de fin de a\u00f1o"},"content":{"rendered":"<div class=\"flex_column av_one_full  flex_column_div av-zero-column-padding first  avia-builder-el-0  el_before_av_one_full  avia-builder-el-first  \" style='border-radius:0px; '><div  class='avia-image-container  av-styling-    avia-builder-el-1  avia-builder-el-no-sibling  avia-align-center '  itemprop=\"image\" itemscope=\"itemscope\" itemtype=\"https:\/\/schema.org\/ImageObject\"  ><div class='avia-image-container-inner'><div class='avia-image-overlay-wrap'><img decoding=\"async\" class='wp-image-11860 avia-img-lazy-loading-not-11860 avia_image' src=\"https:\/\/radiorevelacionfm.cl\/wp-content\/uploads\/2021\/12\/llamado-compras-seguras-2_optimized.jpeg\" alt='' title='llamado-compras-seguras-2_optimized' height=\"600\" width=\"1067\"  itemprop=\"thumbnailUrl\" srcset=\"https:\/\/radiorevelacionfm.cl\/wp-content\/uploads\/2021\/12\/llamado-compras-seguras-2_optimized.jpeg 1067w, https:\/\/radiorevelacionfm.cl\/wp-content\/uploads\/2021\/12\/llamado-compras-seguras-2_optimized-300x169.jpeg 300w, https:\/\/radiorevelacionfm.cl\/wp-content\/uploads\/2021\/12\/llamado-compras-seguras-2_optimized-1030x579.jpeg 1030w, https:\/\/radiorevelacionfm.cl\/wp-content\/uploads\/2021\/12\/llamado-compras-seguras-2_optimized-768x432.jpeg 768w, https:\/\/radiorevelacionfm.cl\/wp-content\/uploads\/2021\/12\/llamado-compras-seguras-2_optimized-705x396.jpeg 705w, https:\/\/radiorevelacionfm.cl\/wp-content\/uploads\/2021\/12\/llamado-compras-seguras-2_optimized-600x337.jpeg 600w\" sizes=\"(max-width: 1067px) 100vw, 1067px\" \/><\/div><\/div><\/div><\/div><div class=\"flex_column av_one_full  flex_column_div av-zero-column-padding first  avia-builder-el-2  el_after_av_one_full  el_before_av_one_full  column-top-margin\" style='border-radius:0px; '><section class=\"av_textblock_section \"  itemscope=\"itemscope\" itemtype=\"https:\/\/schema.org\/BlogPosting\" itemprop=\"blogPost\" ><div class='avia_textblock  '   itemprop=\"text\" ><p style=\"text-align: center;\"><strong><span style=\"font-size: 18pt;\">Entregan recomendaciones para compras seguras de fin de a\u00f1o<\/span><\/strong><\/p>\n<div id=\"gtx-trans\" style=\"position: absolute; left: -50px; top: 4.31534px;\">\n<div class=\"gtx-trans-icon\"><\/div>\n<\/div>\n<\/div><\/section><\/div><div class=\"flex_column av_one_full  flex_column_div av-zero-column-padding first  avia-builder-el-4  el_after_av_one_full  el_before_av_hr  column-top-margin\" style='border-radius:0px; '><section class=\"av_textblock_section \"  itemscope=\"itemscope\" itemtype=\"https:\/\/schema.org\/BlogPosting\" itemprop=\"blogPost\" ><div class='avia_textblock  '   itemprop=\"text\" ><p style=\"text-align: justify;\">Este martes 14 de diciembre de 2021, en una actividad realizada en el Paseo Horn, la Secretar\u00eda Regional Ministerial de Econom\u00eda, el Servicio Nacional del Consumidor, la C\u00e1mara de Comercio de Coyhaique, la Polic\u00eda de Investigaciones y Carabineros, realizaron un llamado a la ciudadan\u00eda a realizar compras seguras para esta Navidad y A\u00f1o Nuevo, entregando recomendaciones para prestar atenci\u00f3n a diversos detalles durante al proceso de adquisici\u00f3n de bienes y servicios para evitar inconvenientes con las compras y caer en delitos asociados.<\/p>\n<p style=\"text-align: justify;\">Actualmente, las condiciones sanitarias debido al avance del Plan Paso a Paso y el proceso de vacunaci\u00f3n han permitido una paulatina reactivaci\u00f3n del comercio en la regi\u00f3n de Ays\u00e9n, por tanto, se hace indispensable que desde el \u00e1mbito de acci\u00f3n de cada instituci\u00f3n se entreguen recomendaciones para que las familias no pasen dolores de cabeza en estas fiestas de fin de a\u00f1o.<\/p>\n<p style=\"text-align: justify;\"><strong>Compra en comercio establecido<\/strong><\/p>\n<p style=\"text-align: justify;\">El Seremi de Econom\u00eda, Carlos Pacheco, indic\u00f3 que \u201ca diez d\u00edas de celebrarse una nueva Navidad, invitamos a toda la gente de la ciudad de Coyhaique y de la regi\u00f3n de Ays\u00e9n a comprar en lugares establecidos para desarrollar un comercio seguro\u201d, esto quiere decir, \u201ccomprar en locales donde uno sepa que lo que est\u00e1 comprando viene de una procedencia legal y pueda recurrir a una garant\u00eda o devoluci\u00f3n del producto\u201d.<\/p>\n<p style=\"text-align: justify;\">El jefe de la cartera de Econom\u00eda de Ays\u00e9n, agreg\u00f3 que \u201cha costado mucho que el comercio salga adelante. Sabemos que el emprendimiento familiar ha sido la base de la reactivaci\u00f3n econ\u00f3mica en nuestra sociedad y es por ello que nuestras personas que han estado desarrollando emprendimientos en la regi\u00f3n de Ays\u00e9n, son los primeros que tenemos que tratar de apoyar. Y con ello, el comercio seguro va de la mano, ya que de esa forma podemos seguir adelante y salir todos juntos de esta pandemia\u201d.<\/p>\n<p style=\"text-align: justify;\">La Directora Regional del Servicio Nacional del Consumidor de Ays\u00e9n, Mar\u00eda Francisca Ortiz, puntualiz\u00f3 en la compra en locales establecidos, \u201cpara que puedan hacer valer sus derechos sin problemas, interponer alg\u00fan reclamo o ejercer alg\u00fan derecho de garant\u00eda legal de triple opci\u00f3n\u201d, se\u00f1al\u00f3, agregando que esta garant\u00eda corresponde a \u201cla devoluci\u00f3n del dinero, la reparaci\u00f3n del producto o el cambio dentro de los tres meses siguientes a la compra\u201d.<\/p>\n<p style=\"text-align: justify;\">En caso de presentar alg\u00fan inconveniente, la Directora Regional del SERNAC recomend\u00f3 interponer un reclamo,\u201cnuestras oficias est\u00e1n en Pdte. Ib\u00e1\u00f1ez 355, tenemos un horario de atenci\u00f3n de 10 a 12 del d\u00eda o a trav\u00e9s del canal telef\u00f3nico, con la l\u00ednea 800700100 o a trav\u00e9s de <a href=\"http:\/\/www.sernac.cl\/\">www.sernac.cl<\/a>. Esto tiene un plazo de tramitaci\u00f3n de unos 18 d\u00edas h\u00e1biles donde el proveedor debe dar una respuesta. Si el consumidor no est\u00e1 conforme de esa respuesta se inicia otro proceso de car\u00e1cter judicial, donde nosotros analizamos los antecedentes y asesoramos al consumidor para que pueda ejercer su derecho ante la justicia\u201d, advirti\u00f3.<\/p>\n<p style=\"text-align: justify;\">Por su parte, la Presidenta de la C\u00e1mara de Comercio y Turismo de Coyhaique, Daissy Mondelo, recalc\u00f3 que comprar en el comercial formal es \u201creactivar a miles de peque\u00f1as y medianas empresas de la regi\u00f3n\u201d, enfatizando que \u201clos comerciantes establecidos otorgan muchas garant\u00edas. Est\u00e1n todos con sus protocolos sanitarios, abastecidos y esperando a nuestros clientes y vecinos\u201d.<\/p>\n<p style=\"text-align: justify;\"><strong>Llamado a la denuncia y compra segura<\/strong><\/p>\n<p style=\"text-align: justify;\">Desde la PDI, el jefe regional subrogante, prefecto H\u00e9ctor Moya, precis\u00f3 que \u201cnuestra instituci\u00f3n ha dispuesto esta campa\u00f1a educativa instando a las personas a evitar estafas, sobre todo por los medios electr\u00f3nicos. Hemos fortalecido los canales de denuncia y llamamos a la comunidad a que cuando haya una duda con compras electr\u00f3nicas y con comercio establecido se acerquen a la polic\u00eda a realizar sus consultas\u201d, ya que \u201cdesde la l\u00ednea investigativa estamos apoyando a las personas que han sido v\u00edctimas de delitos\u201d, derivados del incremento de compras como, por ejemplo, estafas, uso fraudulento de tarjetas, propiedad intelectual, receptaci\u00f3n, entre otros.<\/p>\n<p style=\"text-align: justify;\">El prefecto Moya recalc\u00f3 la importancia de verificar la informaci\u00f3n al momento de realizar compras ya que, ante ofertas realmente atractivas econ\u00f3micamente, \u201cpodr\u00edamos estar en presencia de alguna agrupaci\u00f3n criminal que se est\u00e9 aprovechando de la buena fe de nuestros vecinos\u201d. Adem\u00e1s, inform\u00f3 que la PDI \u201cest\u00e1 efectuando un proceso de an\u00e1lisis criminal respecto de situaciones, conductas y delitos que son emergentes en estas fechas de mayor consumo y que afectan a la ciudadan\u00eda\u201d.<\/p>\n<p style=\"text-align: justify;\">Por su parte, el Subprefecto de los Servicios de la Prefectura de Carabineros Ays\u00e9n, Teniente Coronel Rafael Cares, record\u00f3 que \u201cdesde principio de mes implementamos el Plan Navidad Segura que es una estrategia que permite garantizar el comercio seguro durante estas fiestas en lugares donde se acumulan muchas personas, por lo tanto, hemos realizado un esfuerzo con personal de diferentes unidades quienes est\u00e1n patrullando las calles para realizar estos servicios\u201d.<\/p>\n<p style=\"text-align: justify;\">\u201cNuestro mensaje es que vengan a comprar con tranquilidad, temprano, adoptando medidas de bioseguridad porque todav\u00eda estamos en pandemia, resguardando el uso de mascarilla y distanciamiento social para prevenir el contagio de Covid-19\u201d, finaliz\u00f3 el Teniente Coronel Cares.<\/p>\n<\/div><\/section><\/div><\/p>\n<div  style='height:50px' class='hr hr-invisible   avia-builder-el-6  el_after_av_one_full  el_before_av_social_share '><span class='hr-inner ' ><span class='hr-inner-style'><\/span><\/span><\/div>\n<div  class='av-social-sharing-box  avia-builder-el-7  el_after_av_hr  el_before_av_hr  '><div class='av-share-box'><h5 class='av-share-link-description av-no-toc '>Compartir esta noticia<\/h5><ul class='av-share-box-list noLightbox'><li class='av-share-link av-social-link-facebook' ><a target=\"_blank\" aria-label=\"Compartir en Facebook\" href='https:\/\/www.facebook.com\/sharer.php?u=https:\/\/radiorevelacionfm.cl\/?p=11859&#038;t=Entregan%20recomendaciones%20para%20compras%20seguras%20de%20fin%20de%20a%C3%B1o' aria-hidden='false' data-av_icon='\ue8f3' data-av_iconfont='entypo-fontello' title='' data-avia-related-tooltip='Compartir en Facebook' rel=\"noopener\"><span class='avia_hidden_link_text'>Compartir en Facebook<\/span><\/a><\/li><li class='av-share-link av-social-link-twitter' ><a target=\"_blank\" aria-label=\"Compartir en Twitter\" href='https:\/\/twitter.com\/share?text=Entregan%20recomendaciones%20para%20compras%20seguras%20de%20fin%20de%20a%C3%B1o&#038;url=https:\/\/radiorevelacionfm.cl\/?p=11859' aria-hidden='false' data-av_icon='\ue8f1' data-av_iconfont='entypo-fontello' title='' data-avia-related-tooltip='Compartir en Twitter' rel=\"noopener\"><span class='avia_hidden_link_text'>Compartir en Twitter<\/span><\/a><\/li><li class='av-share-link av-social-link-whatsapp' ><a target=\"_blank\" aria-label=\"Compartir en Whatsapp\" href='https:\/\/api.whatsapp.com\/send?text=https:\/\/radiorevelacionfm.cl\/?p=11859' aria-hidden='false' data-av_icon='\uf232' data-av_iconfont='entypo-fontello' title='' data-avia-related-tooltip='Compartir en Whatsapp' rel=\"noopener\"><span class='avia_hidden_link_text'>Compartir en Whatsapp<\/span><\/a><\/li><li class='av-share-link av-social-link-linkedin' ><a target=\"_blank\" aria-label=\"Compartir en LinkedIn\" href='https:\/\/linkedin.com\/shareArticle?mini=true&#038;title=Entregan%20recomendaciones%20para%20compras%20seguras%20de%20fin%20de%20a%C3%B1o&#038;url=https:\/\/radiorevelacionfm.cl\/?p=11859' aria-hidden='false' data-av_icon='\ue8fc' data-av_iconfont='entypo-fontello' title='' data-avia-related-tooltip='Compartir en LinkedIn' rel=\"noopener\"><span class='avia_hidden_link_text'>Compartir en LinkedIn<\/span><\/a><\/li><li class='av-share-link av-social-link-mail' ><a  aria-label=\"Compartir por correo\" href='mailto:?subject=Entregan%20recomendaciones%20para%20compras%20seguras%20de%20fin%20de%20a%C3%B1o&#038;body=https:\/\/radiorevelacionfm.cl\/?p=11859' aria-hidden='false' data-av_icon='\ue805' data-av_iconfont='entypo-fontello' title='' data-avia-related-tooltip='Compartir por correo'><span class='avia_hidden_link_text'>Compartir por correo<\/span><\/a><\/li><\/ul><\/div><\/div>\n<div  style='height:50px' class='hr hr-invisible   avia-builder-el-8  el_after_av_social_share  el_before_av_comments_list '><span class='hr-inner ' ><span class='hr-inner-style'><\/span><\/span><\/div>\n<div  class='av-buildercomment  av-blog-meta-html-info-disabled av-blog-meta-tag-disabled  '><\/div>\n","protected":false},"excerpt":{"rendered":"","protected":false},"author":1,"featured_media":11860,"comment_status":"open","ping_status":"open","sticky":false,"template":"","format":"standard","meta":{"footnotes":""},"categories":[36],"tags":[],"class_list":["post-11859","post","type-post","status-publish","format-standard","has-post-thumbnail","hentry","category-policial"],"jetpack_featured_media_url":"https:\/\/radiorevelacionfm.cl\/wp-content\/uploads\/2021\/12\/llamado-compras-seguras-2_optimized.jpeg","_links":{"self":[{"href":"https:\/\/radiorevelacionfm.cl\/index.php?rest_route=\/wp\/v2\/posts\/11859","targetHints":{"allow":["GET"]}}],"collection":[{"href":"https:\/\/radiorevelacionfm.cl\/index.php?rest_route=\/wp\/v2\/posts"}],"about":[{"href":"https:\/\/radiorevelacionfm.cl\/index.php?rest_route=\/wp\/v2\/types\/post"}],"author":[{"embeddable":true,"href":"https:\/\/radiorevelacionfm.cl\/index.php?rest_route=\/wp\/v2\/users\/1"}],"replies":[{"embeddable":true,"href":"https:\/\/radiorevelacionfm.cl\/index.php?rest_route=%2Fwp%2Fv2%2Fcomments&post=11859"}],"version-history":[{"count":2,"href":"https:\/\/radiorevelacionfm.cl\/index.php?rest_route=\/wp\/v2\/posts\/11859\/revisions"}],"predecessor-version":[{"id":11872,"href":"https:\/\/radiorevelacionfm.cl\/index.php?rest_route=\/wp\/v2\/posts\/11859\/revisions\/11872"}],"wp:featuredmedia":[{"embeddable":true,"href":"https:\/\/radiorevelacionfm.cl\/index.php?rest_route=\/wp\/v2\/media\/11860"}],"wp:attachment":[{"href":"https:\/\/radiorevelacionfm.cl\/index.php?rest_route=%2Fwp%2Fv2%2Fmedia&parent=11859"}],"wp:term":[{"taxonomy":"category","embeddable":true,"href":"https:\/\/radiorevelacionfm.cl\/index.php?rest_route=%2Fwp%2Fv2%2Fcategories&post=11859"},{"taxonomy":"post_tag","embeddable":true,"href":"https:\/\/radiorevelacionfm.cl\/index.php?rest_route=%2Fwp%2Fv2%2Ftags&post=11859"}],"curies":[{"name":"wp","href":"https:\/\/api.w.org\/{rel}","templated":true}]}}