{"id":11856,"date":"2021-12-14T18:10:28","date_gmt":"2021-12-14T21:10:28","guid":{"rendered":"https:\/\/radiorevelacionfm.cl\/?p=11856"},"modified":"2021-12-14T18:10:28","modified_gmt":"2021-12-14T21:10:28","slug":"sistema-de-admision-escolar-conoce-tus-resultados-de-postulacion","status":"publish","type":"post","link":"https:\/\/radiorevelacionfm.cl\/?p=11856","title":{"rendered":"Sistema de Admisi\u00f3n Escolar: \u00a1Conoce tus resultados de postulaci\u00f3n!"},"content":{"rendered":"<div class=\"flex_column av_one_full  flex_column_div av-zero-column-padding first  avia-builder-el-0  el_before_av_one_full  avia-builder-el-first  \" style='border-radius:0px; '><div  class='avia-image-container  av-styling-    avia-builder-el-1  avia-builder-el-no-sibling  avia-align-center '  itemprop=\"image\" itemscope=\"itemscope\" itemtype=\"https:\/\/schema.org\/ImageObject\"  ><div class='avia-image-container-inner'><div class='avia-image-overlay-wrap'><img decoding=\"async\" class='wp-image-6259 avia-img-lazy-loading-not-6259 avia_image' src=\"https:\/\/radiorevelacionfm.cl\/wp-content\/uploads\/2021\/07\/Escuela-B1-1-1.jpg\" alt='' title='Escuela B1 (1) (1)' height=\"600\" width=\"849\"  itemprop=\"thumbnailUrl\" srcset=\"https:\/\/radiorevelacionfm.cl\/wp-content\/uploads\/2021\/07\/Escuela-B1-1-1.jpg 849w, https:\/\/radiorevelacionfm.cl\/wp-content\/uploads\/2021\/07\/Escuela-B1-1-1-300x212.jpg 300w, https:\/\/radiorevelacionfm.cl\/wp-content\/uploads\/2021\/07\/Escuela-B1-1-1-768x543.jpg 768w, https:\/\/radiorevelacionfm.cl\/wp-content\/uploads\/2021\/07\/Escuela-B1-1-1-260x185.jpg 260w, https:\/\/radiorevelacionfm.cl\/wp-content\/uploads\/2021\/07\/Escuela-B1-1-1-705x498.jpg 705w, https:\/\/radiorevelacionfm.cl\/wp-content\/uploads\/2021\/07\/Escuela-B1-1-1-600x424.jpg 600w\" sizes=\"(max-width: 849px) 100vw, 849px\" \/><\/div><\/div><\/div><\/div><div class=\"flex_column av_one_full  flex_column_div av-zero-column-padding first  avia-builder-el-2  el_after_av_one_full  el_before_av_one_full  column-top-margin\" style='border-radius:0px; '><section class=\"av_textblock_section \"  itemscope=\"itemscope\" itemtype=\"https:\/\/schema.org\/BlogPosting\" itemprop=\"blogPost\" ><div class='avia_textblock  '   itemprop=\"text\" ><p style=\"text-align: center;\"><strong><span style=\"font-size: 18pt;\">Sistema de Admisi\u00f3n Escolar: \u00a1Conoce tus resultados de postulaci\u00f3n!<\/span><\/strong><\/p>\n<div id=\"gtx-trans\" style=\"position: absolute; left: -50px; top: 4.31534px;\">\n<div class=\"gtx-trans-icon\"><\/div>\n<\/div>\n<\/div><\/section><\/div><div class=\"flex_column av_one_full  flex_column_div av-zero-column-padding first  avia-builder-el-4  el_after_av_one_full  el_before_av_hr  column-top-margin\" style='border-radius:0px; '><section class=\"av_textblock_section \"  itemscope=\"itemscope\" itemtype=\"https:\/\/schema.org\/BlogPosting\" itemprop=\"blogPost\" ><div class='avia_textblock  '   itemprop=\"text\" ><p class=\"v1MsoNormal\" style=\"text-align: justify;\">Desde este martes 14 de diciembre ya est\u00e1n disponibles los resultados de postulaci\u00f3n al proceso complementario del Sistema de Admisi\u00f3n escolar. En esta etapa no se puede aceptar ni rechazar la asignaci\u00f3n.<\/p>\n<p class=\"v1MsoNormal\" style=\"text-align: justify;\">Para descargar el comprobante con el resultado del establecimiento, lo puede hacer ingresando a <a href=\"https:\/\/nam02.safelinks.protection.outlook.com\/?url=http%3A%2F%2Fwww.sistemadeadmisionescolar.cl%2F&amp;data=04%7C01%7Ccamilo.gomez%40mineduc.cl%7Cc59fa25474e243acc84608d9bf36aa91%7C2e4cfe500580414093874ecde39def60%7C0%7C0%7C637751063791957394%7CUnknown%7CTWFpbGZsb3d8eyJWIjoiMC4wLjAwMDAiLCJQIjoiV2luMzIiLCJBTiI6Ik1haWwiLCJXVCI6Mn0%3D%7C3000&amp;sdata=spfgcmpfnYB7YhEaEtT1U5wTHsctPdITwYBqVuaU9ww%3D&amp;reserved=0\" target=\"_blank\" rel=\"noopener noreferrer\">www.sistemadeadmisionescolar.cl<\/a> y pinchar el bot\u00f3n \u201cDescarga comprobantes anteriores\u201d. Aqu\u00ed debe ingresar el RUN apoderado, contrase\u00f1a y RUN postulante.<\/p>\n<p class=\"v1MsoNormal\" style=\"text-align: justify;\">\u201cInvitamos a todos los padres y apoderados a que ingresen al Sistema de Admisi\u00f3n Escolar y puedan revisar el establecimiento al que fue asignado su hijo. En caso de no contar con internet, el Ministerio de Educaci\u00f3n ha dispuesto diversos puntos de apoyo para ayudar a las familias en este importante proceso y que permite finalmente matricularse en el establecimiento asignado\u201d, explic\u00f3 Jorge Poblete, Subsecretario de Educaci\u00f3n.<\/p>\n<p class=\"v1MsoNormal\" style=\"text-align: justify;\">Con estos resultados ya se puede iniciar el periodo de matr\u00edcula que parte el 15 de diciembre y concluye el 27 de este mes. Esta parte del proceso se debe hacer directamente en el establecimiento educacional al que el postulante fue admitido. Para realizarlo se debe contactar con el colegio y hacer directamente el tr\u00e1mite.<\/p>\n<p class=\"v1MsoNormal\" style=\"text-align: justify;\">Es importante para los apoderados llevar estos documentos obligatorios:<\/p>\n<ol style=\"text-align: justify;\" type=\"1\">\n<li class=\"v1MsoNormalCxSpMiddle\"><span lang=\"ES\">Copia de la c\u00e9dula de identidad del Estudiante o Certificado de Nacimiento o Certificado IPE<\/span><\/li>\n<li class=\"v1MsoNormalCxSpMiddle\"><span lang=\"ES\">Copia de la c\u00e9dula de identidad del Apoderado<\/span><\/li>\n<\/ol>\n<p class=\"v1MsoNormal\" style=\"text-align: justify;\">Si va a asignar a un representante o tercero para realizar la matr\u00edcula:<\/p>\n<ol style=\"text-align: justify;\" type=\"1\">\n<li class=\"v1MsoNormalCxSpMiddle\"><span lang=\"ES\">Poder simple emitido por el apoderado, con los datos del apoderado y los datos de la persona designada en su representaci\u00f3n.<\/span><\/li>\n<li class=\"v1MsoNormalCxSpMiddle\"><span lang=\"ES\">Copia de la c\u00e9dula de identidad del apoderado por ambos lados, o en su defecto, certificado IPA y pasaporte, y copia de la c\u00e9dula de identidad del representante por ambos lados, o en su defecto, certificado IPA y pasaporte.<\/span><\/li>\n<\/ol>\n<p class=\"v1MsoNormal\" style=\"text-align: justify;\">En caso de no matricular al postulante en las fechas establecidas, el cupo quedar\u00e1 disponible para otro estudiante.<\/p>\n<p class=\"v1MsoNormal\" style=\"text-align: justify;\">Para m\u00e1s informaci\u00f3n ingrese a <a href=\"https:\/\/nam02.safelinks.protection.outlook.com\/?url=http%3A%2F%2Fwww.sistemadeadmisionescolar.c%2F&amp;data=04%7C01%7Ccamilo.gomez%40mineduc.cl%7Cc59fa25474e243acc84608d9bf36aa91%7C2e4cfe500580414093874ecde39def60%7C0%7C0%7C637751063791957394%7CUnknown%7CTWFpbGZsb3d8eyJWIjoiMC4wLjAwMDAiLCJQIjoiV2luMzIiLCJBTiI6Ik1haWwiLCJXVCI6Mn0%3D%7C3000&amp;sdata=PjaxHms8z%2B7YuXhdSkjO5Lbi1aN3etd6TKGznMnrwZg%3D&amp;reserved=0\" target=\"_blank\" rel=\"noopener noreferrer\">www.sistemadeadmisionescolar.c<\/a><u>l<\/u>, llame al 600 600 26 26<\/p>\n<\/div><\/section><\/div><div  style='height:50px' class='hr hr-invisible   avia-builder-el-6  el_after_av_one_full  el_before_av_social_share '><span class='hr-inner ' ><span class='hr-inner-style'><\/span><\/span><\/div><\/p>\n<div  class='av-social-sharing-box  avia-builder-el-7  el_after_av_hr  el_before_av_hr  '><div class='av-share-box'><h5 class='av-share-link-description av-no-toc '>Compartir esta noticia<\/h5><ul class='av-share-box-list noLightbox'><li class='av-share-link av-social-link-facebook' ><a target=\"_blank\" aria-label=\"Compartir en Facebook\" href='https:\/\/www.facebook.com\/sharer.php?u=https:\/\/radiorevelacionfm.cl\/?p=11856&#038;t=Sistema%20de%20Admisi%C3%B3n%20Escolar%3A%20%C2%A1Conoce%20tus%20resultados%20de%20postulaci%C3%B3n%21' aria-hidden='false' data-av_icon='\ue8f3' data-av_iconfont='entypo-fontello' title='' data-avia-related-tooltip='Compartir en Facebook' rel=\"noopener\"><span class='avia_hidden_link_text'>Compartir en Facebook<\/span><\/a><\/li><li class='av-share-link av-social-link-twitter' ><a target=\"_blank\" aria-label=\"Compartir en Twitter\" href='https:\/\/twitter.com\/share?text=Sistema%20de%20Admisi%C3%B3n%20Escolar%3A%20%C2%A1Conoce%20tus%20resultados%20de%20postulaci%C3%B3n%21&#038;url=https:\/\/radiorevelacionfm.cl\/?p=11856' aria-hidden='false' data-av_icon='\ue8f1' data-av_iconfont='entypo-fontello' title='' data-avia-related-tooltip='Compartir en Twitter' rel=\"noopener\"><span class='avia_hidden_link_text'>Compartir en Twitter<\/span><\/a><\/li><li class='av-share-link av-social-link-whatsapp' ><a target=\"_blank\" aria-label=\"Compartir en Whatsapp\" href='https:\/\/api.whatsapp.com\/send?text=https:\/\/radiorevelacionfm.cl\/?p=11856' aria-hidden='false' data-av_icon='\uf232' data-av_iconfont='entypo-fontello' title='' data-avia-related-tooltip='Compartir en Whatsapp' rel=\"noopener\"><span class='avia_hidden_link_text'>Compartir en Whatsapp<\/span><\/a><\/li><li class='av-share-link av-social-link-linkedin' ><a target=\"_blank\" aria-label=\"Compartir en LinkedIn\" href='https:\/\/linkedin.com\/shareArticle?mini=true&#038;title=Sistema%20de%20Admisi%C3%B3n%20Escolar%3A%20%C2%A1Conoce%20tus%20resultados%20de%20postulaci%C3%B3n%21&#038;url=https:\/\/radiorevelacionfm.cl\/?p=11856' aria-hidden='false' data-av_icon='\ue8fc' data-av_iconfont='entypo-fontello' title='' data-avia-related-tooltip='Compartir en LinkedIn' rel=\"noopener\"><span class='avia_hidden_link_text'>Compartir en LinkedIn<\/span><\/a><\/li><li class='av-share-link av-social-link-mail' ><a  aria-label=\"Compartir por correo\" href='mailto:?subject=Sistema%20de%20Admisi%C3%B3n%20Escolar%3A%20%C2%A1Conoce%20tus%20resultados%20de%20postulaci%C3%B3n%21&#038;body=https:\/\/radiorevelacionfm.cl\/?p=11856' aria-hidden='false' data-av_icon='\ue805' data-av_iconfont='entypo-fontello' title='' data-avia-related-tooltip='Compartir por correo'><span class='avia_hidden_link_text'>Compartir por correo<\/span><\/a><\/li><\/ul><\/div><\/div>\n<div  style='height:50px' class='hr hr-invisible   avia-builder-el-8  el_after_av_social_share  el_before_av_comments_list '><span class='hr-inner ' ><span class='hr-inner-style'><\/span><\/span><\/div>\n<div  class='av-buildercomment  av-blog-meta-html-info-disabled av-blog-meta-tag-disabled  '><\/div>\n","protected":false},"excerpt":{"rendered":"","protected":false},"author":1,"featured_media":6259,"comment_status":"open","ping_status":"open","sticky":false,"template":"","format":"standard","meta":{"footnotes":""},"categories":[49],"tags":[],"class_list":["post-11856","post","type-post","status-publish","format-standard","has-post-thumbnail","hentry","category-educacion"],"jetpack_featured_media_url":"https:\/\/radiorevelacionfm.cl\/wp-content\/uploads\/2021\/07\/Escuela-B1-1-1.jpg","_links":{"self":[{"href":"https:\/\/radiorevelacionfm.cl\/index.php?rest_route=\/wp\/v2\/posts\/11856","targetHints":{"allow":["GET"]}}],"collection":[{"href":"https:\/\/radiorevelacionfm.cl\/index.php?rest_route=\/wp\/v2\/posts"}],"about":[{"href":"https:\/\/radiorevelacionfm.cl\/index.php?rest_route=\/wp\/v2\/types\/post"}],"author":[{"embeddable":true,"href":"https:\/\/radiorevelacionfm.cl\/index.php?rest_route=\/wp\/v2\/users\/1"}],"replies":[{"embeddable":true,"href":"https:\/\/radiorevelacionfm.cl\/index.php?rest_route=%2Fwp%2Fv2%2Fcomments&post=11856"}],"version-history":[{"count":2,"href":"https:\/\/radiorevelacionfm.cl\/index.php?rest_route=\/wp\/v2\/posts\/11856\/revisions"}],"predecessor-version":[{"id":11858,"href":"https:\/\/radiorevelacionfm.cl\/index.php?rest_route=\/wp\/v2\/posts\/11856\/revisions\/11858"}],"wp:featuredmedia":[{"embeddable":true,"href":"https:\/\/radiorevelacionfm.cl\/index.php?rest_route=\/wp\/v2\/media\/6259"}],"wp:attachment":[{"href":"https:\/\/radiorevelacionfm.cl\/index.php?rest_route=%2Fwp%2Fv2%2Fmedia&parent=11856"}],"wp:term":[{"taxonomy":"category","embeddable":true,"href":"https:\/\/radiorevelacionfm.cl\/index.php?rest_route=%2Fwp%2Fv2%2Fcategories&post=11856"},{"taxonomy":"post_tag","embeddable":true,"href":"https:\/\/radiorevelacionfm.cl\/index.php?rest_route=%2Fwp%2Fv2%2Ftags&post=11856"}],"curies":[{"name":"wp","href":"https:\/\/api.w.org\/{rel}","templated":true}]}}