{"id":11852,"date":"2021-12-14T17:31:55","date_gmt":"2021-12-14T20:31:55","guid":{"rendered":"https:\/\/radiorevelacionfm.cl\/?p=11852"},"modified":"2021-12-14T17:31:55","modified_gmt":"2021-12-14T20:31:55","slug":"injuv-lanza-segunda-version-de-mercado-joven","status":"publish","type":"post","link":"https:\/\/radiorevelacionfm.cl\/?p=11852","title":{"rendered":"INJUV lanza segunda versi\u00f3n de Mercado Joven"},"content":{"rendered":"<div class=\"flex_column av_one_full  flex_column_div av-zero-column-padding first  avia-builder-el-0  el_before_av_one_full  avia-builder-el-first  \" style='border-radius:0px; '><div  class='avia-image-container  av-styling-    avia-builder-el-1  avia-builder-el-no-sibling  avia-align-center '  itemprop=\"image\" itemscope=\"itemscope\" itemtype=\"https:\/\/schema.org\/ImageObject\"  ><div class='avia-image-container-inner'><div class='avia-image-overlay-wrap'><img decoding=\"async\" class='wp-image-11853 avia-img-lazy-loading-not-11853 avia_image' src=\"https:\/\/radiorevelacionfm.cl\/wp-content\/uploads\/2021\/12\/Mercado-Joven-2021-2-2-2-2.jpg\" alt='' title='Mercado Joven 2021-2-2-2-2' height=\"600\" width=\"547\"  itemprop=\"thumbnailUrl\" srcset=\"https:\/\/radiorevelacionfm.cl\/wp-content\/uploads\/2021\/12\/Mercado-Joven-2021-2-2-2-2.jpg 547w, https:\/\/radiorevelacionfm.cl\/wp-content\/uploads\/2021\/12\/Mercado-Joven-2021-2-2-2-2-274x300.jpg 274w\" sizes=\"(max-width: 547px) 100vw, 547px\" \/><\/div><\/div><\/div><\/div><div class=\"flex_column av_one_full  flex_column_div av-zero-column-padding first  avia-builder-el-2  el_after_av_one_full  el_before_av_one_full  column-top-margin\" style='border-radius:0px; '><section class=\"av_textblock_section \"  itemscope=\"itemscope\" itemtype=\"https:\/\/schema.org\/BlogPosting\" itemprop=\"blogPost\" ><div class='avia_textblock  '   itemprop=\"text\" ><p style=\"text-align: center;\"><strong><span style=\"font-size: 18pt;\">INJUV lanza segunda versi\u00f3n de Mercado Joven<\/span><\/strong><\/p>\n<div id=\"gtx-trans\" style=\"position: absolute; left: -50px; top: 4.31534px;\">\n<div class=\"gtx-trans-icon\"><\/div>\n<\/div>\n<\/div><\/section><\/div><div class=\"flex_column av_one_full  flex_column_div av-zero-column-padding first  avia-builder-el-4  el_after_av_one_full  el_before_av_hr  column-top-margin\" style='border-radius:0px; '><section class=\"av_textblock_section \"  itemscope=\"itemscope\" itemtype=\"https:\/\/schema.org\/BlogPosting\" itemprop=\"blogPost\" ><div class='avia_textblock  '   itemprop=\"text\" ><div>\n<p class=\"Cuerpo\" style=\"text-align: justify;\"><span class=\"Ninguno\"><span lang=\"ES-TRAD\">El Instituto Nacional de la Juventud lanza la segunda versi\u00f3n de Mercado Joven, una plataforma online en la que se dan a conocer distintos emprendimientos de j\u00f3venes gran parte del pa\u00eds, con el objetivo aumentar sus ventas previo a Navidad.<\/span><\/span><\/p>\n<\/div>\n<div style=\"text-align: justify;\">\n<p class=\"Cuerpo\">La p\u00e1gina cuenta con un buscador y un filtro de categor\u00edas que van desde belleza y salud, comida y hogar, hasta servicios vestuario y calzado, entre otros. Los visitantes podr\u00e1n seleccionar adem\u00e1s los emprendimientos de su regi\u00f3n y contribuir al desarrollo de la econom\u00eda local.<\/p>\n<\/div>\n<div style=\"text-align: justify;\">\n<p class=\"Cuerpo\">\u201cAdem\u00e1s de entregar una vitrina de emprendimientos juveniles para ayudarles en sus negocios, este programa tambi\u00e9n contribuye a que puedan mejorar su competitividad llegando a nuevos mercados, especialmente a p\u00fablicos m\u00e1s j\u00f3venes, creando un espacio de beneficios de joven a joven\u201d, explica la directora regional (s) de INJUV Ays\u00e9n, G\u00e9nesis Arias Fuentes.<\/p>\n<\/div>\n<div style=\"text-align: justify;\">\n<p class=\"Cuerpo\">Junto con lo anterior, esta iniciativa cuenta con un proceso de seguimiento y aprendizaje, en el que se ponen a disposici\u00f3n de las y los j\u00f3venes que participan mentor\u00edas tanto de dise\u00f1o como de gesti\u00f3n de mercado para entregares herramientas con las que puedan mejorar sus ventas.<\/p>\n<\/div>\n<div style=\"text-align: justify;\">\n<p class=\"Cuerpo\">Mercado Joven tambi\u00e9n promueve la visibilidad de sus productos a trav\u00e9s de la ayuda en difusi\u00f3n desde las redes sociales de Injuv y favorece el an\u00e1lisis de las m\u00e9tricas de sus negocios entreg\u00e1ndoles informaci\u00f3n sobre visualizaciones, contacto e impacto de sus ofertas.<\/p>\n<\/div>\n<div style=\"text-align: justify;\">\n<p class=\"Cuerpo\"><span class=\"Ninguno\"><span lang=\"ES-TRAD\">La plataforma estar\u00e1 vigente hasta el 31 de enero de 2022 y se puede acceder a ella a trav\u00e9s del sitio <\/span><\/span><span class=\"Hyperlink0\"><b><span lang=\"PT\">https:\/\/mercado.injuv.gob.cl\/<\/span><\/b><\/span><\/p>\n<\/div>\n<div style=\"text-align: justify;\">\n<p class=\"Cuerpo\"><span class=\"Hyperlink0\"><b><span lang=\"PT\">\u00a0<\/span><\/b><\/span><\/p>\n<\/div>\n<div style=\"text-align: justify;\">\n<p class=\"CuerpoA\"><span class=\"Ninguno\"><span lang=\"ES-TRAD\">\u00a0<\/span><\/span><\/p>\n<\/div>\n<div>\n<p class=\"Cuerpo\" style=\"text-align: justify;\"><span lang=\"ES-TRAD\">\u00a0<\/span><\/p>\n<\/div>\n<\/div><\/section><\/div><div  style='height:50px' class='hr hr-invisible   avia-builder-el-6  el_after_av_one_full  el_before_av_social_share '><span class='hr-inner ' ><span class='hr-inner-style'><\/span><\/span><\/div><\/p>\n<div  class='av-social-sharing-box  avia-builder-el-7  el_after_av_hr  el_before_av_hr  '><div class='av-share-box'><h5 class='av-share-link-description av-no-toc '>Compartir esta noticia<\/h5><ul class='av-share-box-list noLightbox'><li class='av-share-link av-social-link-facebook' ><a target=\"_blank\" aria-label=\"Compartir en Facebook\" href='https:\/\/www.facebook.com\/sharer.php?u=https:\/\/radiorevelacionfm.cl\/?p=11852&#038;t=INJUV%20lanza%20segunda%20versi%C3%B3n%20de%20Mercado%20Joven' aria-hidden='false' data-av_icon='\ue8f3' data-av_iconfont='entypo-fontello' title='' data-avia-related-tooltip='Compartir en Facebook' rel=\"noopener\"><span class='avia_hidden_link_text'>Compartir en Facebook<\/span><\/a><\/li><li class='av-share-link av-social-link-twitter' ><a target=\"_blank\" aria-label=\"Compartir en Twitter\" href='https:\/\/twitter.com\/share?text=INJUV%20lanza%20segunda%20versi%C3%B3n%20de%20Mercado%20Joven&#038;url=https:\/\/radiorevelacionfm.cl\/?p=11852' aria-hidden='false' data-av_icon='\ue8f1' data-av_iconfont='entypo-fontello' title='' data-avia-related-tooltip='Compartir en Twitter' rel=\"noopener\"><span class='avia_hidden_link_text'>Compartir en Twitter<\/span><\/a><\/li><li class='av-share-link av-social-link-whatsapp' ><a target=\"_blank\" aria-label=\"Compartir en Whatsapp\" href='https:\/\/api.whatsapp.com\/send?text=https:\/\/radiorevelacionfm.cl\/?p=11852' aria-hidden='false' data-av_icon='\uf232' data-av_iconfont='entypo-fontello' title='' data-avia-related-tooltip='Compartir en Whatsapp' rel=\"noopener\"><span class='avia_hidden_link_text'>Compartir en Whatsapp<\/span><\/a><\/li><li class='av-share-link av-social-link-linkedin' ><a target=\"_blank\" aria-label=\"Compartir en LinkedIn\" href='https:\/\/linkedin.com\/shareArticle?mini=true&#038;title=INJUV%20lanza%20segunda%20versi%C3%B3n%20de%20Mercado%20Joven&#038;url=https:\/\/radiorevelacionfm.cl\/?p=11852' aria-hidden='false' data-av_icon='\ue8fc' data-av_iconfont='entypo-fontello' title='' data-avia-related-tooltip='Compartir en LinkedIn' rel=\"noopener\"><span class='avia_hidden_link_text'>Compartir en LinkedIn<\/span><\/a><\/li><li class='av-share-link av-social-link-mail' ><a  aria-label=\"Compartir por correo\" href='mailto:?subject=INJUV%20lanza%20segunda%20versi%C3%B3n%20de%20Mercado%20Joven&#038;body=https:\/\/radiorevelacionfm.cl\/?p=11852' aria-hidden='false' data-av_icon='\ue805' data-av_iconfont='entypo-fontello' title='' data-avia-related-tooltip='Compartir por correo'><span class='avia_hidden_link_text'>Compartir por correo<\/span><\/a><\/li><\/ul><\/div><\/div>\n<div  style='height:50px' class='hr hr-invisible   avia-builder-el-8  el_after_av_social_share  el_before_av_comments_list '><span class='hr-inner ' ><span class='hr-inner-style'><\/span><\/span><\/div>\n<div  class='av-buildercomment  av-blog-meta-html-info-disabled av-blog-meta-tag-disabled  '><\/div>\n","protected":false},"excerpt":{"rendered":"","protected":false},"author":1,"featured_media":11853,"comment_status":"open","ping_status":"open","sticky":false,"template":"","format":"standard","meta":{"footnotes":""},"categories":[38],"tags":[],"class_list":["post-11852","post","type-post","status-publish","format-standard","has-post-thumbnail","hentry","category-regional"],"jetpack_featured_media_url":"https:\/\/radiorevelacionfm.cl\/wp-content\/uploads\/2021\/12\/Mercado-Joven-2021-2-2-2-2.jpg","_links":{"self":[{"href":"https:\/\/radiorevelacionfm.cl\/index.php?rest_route=\/wp\/v2\/posts\/11852","targetHints":{"allow":["GET"]}}],"collection":[{"href":"https:\/\/radiorevelacionfm.cl\/index.php?rest_route=\/wp\/v2\/posts"}],"about":[{"href":"https:\/\/radiorevelacionfm.cl\/index.php?rest_route=\/wp\/v2\/types\/post"}],"author":[{"embeddable":true,"href":"https:\/\/radiorevelacionfm.cl\/index.php?rest_route=\/wp\/v2\/users\/1"}],"replies":[{"embeddable":true,"href":"https:\/\/radiorevelacionfm.cl\/index.php?rest_route=%2Fwp%2Fv2%2Fcomments&post=11852"}],"version-history":[{"count":2,"href":"https:\/\/radiorevelacionfm.cl\/index.php?rest_route=\/wp\/v2\/posts\/11852\/revisions"}],"predecessor-version":[{"id":11855,"href":"https:\/\/radiorevelacionfm.cl\/index.php?rest_route=\/wp\/v2\/posts\/11852\/revisions\/11855"}],"wp:featuredmedia":[{"embeddable":true,"href":"https:\/\/radiorevelacionfm.cl\/index.php?rest_route=\/wp\/v2\/media\/11853"}],"wp:attachment":[{"href":"https:\/\/radiorevelacionfm.cl\/index.php?rest_route=%2Fwp%2Fv2%2Fmedia&parent=11852"}],"wp:term":[{"taxonomy":"category","embeddable":true,"href":"https:\/\/radiorevelacionfm.cl\/index.php?rest_route=%2Fwp%2Fv2%2Fcategories&post=11852"},{"taxonomy":"post_tag","embeddable":true,"href":"https:\/\/radiorevelacionfm.cl\/index.php?rest_route=%2Fwp%2Fv2%2Ftags&post=11852"}],"curies":[{"name":"wp","href":"https:\/\/api.w.org\/{rel}","templated":true}]}}