{"id":11848,"date":"2021-12-14T17:05:28","date_gmt":"2021-12-14T20:05:28","guid":{"rendered":"https:\/\/radiorevelacionfm.cl\/?p=11848"},"modified":"2021-12-14T17:05:28","modified_gmt":"2021-12-14T20:05:28","slug":"ministra-de-la-corte-suprema-angela-vivanco-visito-los-tribunales-de-la-jurisdiccion-de-coyhaique","status":"publish","type":"post","link":"https:\/\/radiorevelacionfm.cl\/?p=11848","title":{"rendered":"Ministra de la Corte Suprema \u00c1ngela Vivanco visit\u00f3 los tribunales de la jurisdicci\u00f3n de Coyhaique"},"content":{"rendered":"<div class=\"flex_column av_one_full  flex_column_div av-zero-column-padding first  avia-builder-el-0  el_before_av_one_full  avia-builder-el-first  \" style='border-radius:0px; '><div  class='avia-image-container  av-styling-    avia-builder-el-1  avia-builder-el-no-sibling  avia-align-center '  itemprop=\"image\" itemscope=\"itemscope\" itemtype=\"https:\/\/schema.org\/ImageObject\"  ><div class='avia-image-container-inner'><div class='avia-image-overlay-wrap'><img decoding=\"async\" class='wp-image-11849 avia-img-lazy-loading-not-11849 avia_image' src=\"https:\/\/radiorevelacionfm.cl\/wp-content\/uploads\/2021\/12\/foto-02-visita-ministra-2_optimized.jpg\" alt='' title='foto-02-visita-ministra--2_optimized' height=\"600\" width=\"1187\"  itemprop=\"thumbnailUrl\" srcset=\"https:\/\/radiorevelacionfm.cl\/wp-content\/uploads\/2021\/12\/foto-02-visita-ministra-2_optimized.jpg 1187w, https:\/\/radiorevelacionfm.cl\/wp-content\/uploads\/2021\/12\/foto-02-visita-ministra-2_optimized-300x152.jpg 300w, https:\/\/radiorevelacionfm.cl\/wp-content\/uploads\/2021\/12\/foto-02-visita-ministra-2_optimized-1030x521.jpg 1030w, https:\/\/radiorevelacionfm.cl\/wp-content\/uploads\/2021\/12\/foto-02-visita-ministra-2_optimized-768x388.jpg 768w, https:\/\/radiorevelacionfm.cl\/wp-content\/uploads\/2021\/12\/foto-02-visita-ministra-2_optimized-705x356.jpg 705w, https:\/\/radiorevelacionfm.cl\/wp-content\/uploads\/2021\/12\/foto-02-visita-ministra-2_optimized-600x303.jpg 600w\" sizes=\"(max-width: 1187px) 100vw, 1187px\" \/><\/div><\/div><\/div><\/div><div class=\"flex_column av_one_full  flex_column_div av-zero-column-padding first  avia-builder-el-2  el_after_av_one_full  el_before_av_one_full  column-top-margin\" style='border-radius:0px; '><section class=\"av_textblock_section \"  itemscope=\"itemscope\" itemtype=\"https:\/\/schema.org\/BlogPosting\" itemprop=\"blogPost\" ><div class='avia_textblock  '   itemprop=\"text\" ><p style=\"text-align: center;\"><strong><span style=\"font-size: 18pt;\">Ministra de la Corte Suprema \u00c1ngela Vivanco visit\u00f3 los tribunales de la jurisdicci\u00f3n de Coyhaique<\/span><\/strong><\/p>\n<div id=\"gtx-trans\" style=\"position: absolute; left: -50px; top: 4.31534px;\">\n<div class=\"gtx-trans-icon\"><\/div>\n<\/div>\n<\/div><\/section><\/div><div class=\"flex_column av_one_full  flex_column_div av-zero-column-padding first  avia-builder-el-4  el_after_av_one_full  el_before_av_hr  column-top-margin\" style='border-radius:0px; '><section class=\"av_textblock_section \"  itemscope=\"itemscope\" itemtype=\"https:\/\/schema.org\/BlogPosting\" itemprop=\"blogPost\" ><div class='avia_textblock  '   itemprop=\"text\" ><p class=\"v1MsoNormal\" style=\"text-align: justify;\">La ministra de la Corte Suprema \u00c1ngela Vivanco Mart\u00ednez desarroll\u00f3 su primera visita jurisdiccional desde que -en agosto de 2018- jur\u00f3 como integrante del m\u00e1ximo tribunal del pa\u00eds. En este contexto fueron los tribunales de la regi\u00f3n de Ays\u00e9n y los principales actores del sistema de justicia, quienes plantearon a la autoridad v\u00eda remota su visi\u00f3n sobre la labor en la administraci\u00f3n de justicia local.<\/p>\n<p class=\"v1MsoNormal\" style=\"text-align: justify;\">La visita desarrollada entre el jueves 9 y viernes 10 de diciembre, inici\u00f3 con el encuentro con la presidenta de la Corte de Apelaciones de Coyhaique, ministra Natalia Rencoret y los ministros Sergio Mora, Pedro Castro y Jos\u00e9 Ignacio Mora, quienes informaron sobre el trabajo jurisdiccional y en especial por el esfuerzo realizado por jueces y funcionarios en este periodo de pandemia.<\/p>\n<p class=\"v1MsoNormal\" style=\"text-align: justify;\">\u00abFue una visita muy grata, muy completa. Me hubiera gustado ir personalmente, pero desgraciadamente por los temas de aforo y fases del Plan Paso a Paso de la regi\u00f3n, ha sido muy dif\u00edcil, esperamos eso s\u00ed que se concrete muy pronto\u00bb, sostuvo la ministra.<\/p>\n<p class=\"v1MsoNormal\" style=\"text-align: justify;\">Agreg\u00f3 que: \u00abA pesar de haberlo hecho telem\u00e1ticamente creo que fue una visita muy grata, muy completa y sincera del punto de vista de conocer la visi\u00f3n de los ministros de la Corte, de los magistrados y adem\u00e1s tuve la ocasi\u00f3n de entrevistarme con diversas autoridades de la regi\u00f3n, tanto del Ministerio P\u00fablico, Defensor\u00eda Penal P\u00fablica, notarios, conservadores, el seremi de justicia y derechos humanos y gendarmer\u00eda\u00bb.<\/p>\n<p class=\"v1MsoNormal\" style=\"text-align: justify;\">Respecto a la labor administrativa, \u00a0la ministra \u00c1ngela Vivanco se reuni\u00f3 remotamente con Patricio Neira, administrador zonal de la Corporaci\u00f3n Administrativa del Poder Judicial y con \u00c1lvaro Guti\u00e9rrez, administrador de la Corte de Apelaciones de Coyhaique.<\/p>\n<p class=\"v1MsoNormal\" style=\"text-align: justify;\">Sobre la visi\u00f3n de funcionarios y jueces la ministra Vivanco sostuvo audiencias con representantes de las asociaciones gremiales de empleados, profesionales y magistrados.<\/p>\n<p class=\"v1MsoNormal\" style=\"text-align: justify;\">Asimismo, y con un importante \u00e9nfasis en el rol que tiene el Poder Judicial en el tema de infancia, la ministra se reuni\u00f3 con Tania Hern\u00e1ndez,\u00a0Supervisora Centro de Observaci\u00f3n y Control de Cumplimiento de Medidas de Protecci\u00f3n para conocer la realidad de los ni\u00f1os, ni\u00f1as y adolescentes, que est\u00e1n bajo medidas de protecci\u00f3n por parte de los juzgados con competencia en familia.<\/p>\n<p class=\"v1MsoNormal\" style=\"text-align: justify;\">\u00abLa visita fue muy importante porque nos permite generar una visi\u00f3n, ya que es el primer a\u00f1o que tengo visita y que estoy a cargo de esta jurisdicci\u00f3n, y en consecuencia mientras\u00a0 m\u00e1s se acerque uno a la realidad y a las necesidades que puedan tener, la visita tendr\u00e1 m\u00e1s importancia y peso\u00bb, concluy\u00f3.<\/p>\n<\/div><\/section><\/div><div  style='height:50px' class='hr hr-invisible   avia-builder-el-6  el_after_av_one_full  el_before_av_social_share '><span class='hr-inner ' ><span class='hr-inner-style'><\/span><\/span><\/div><\/p>\n<div  class='av-social-sharing-box  avia-builder-el-7  el_after_av_hr  el_before_av_hr  '><div class='av-share-box'><h5 class='av-share-link-description av-no-toc '>Compartir esta noticia<\/h5><ul class='av-share-box-list noLightbox'><li class='av-share-link av-social-link-facebook' ><a target=\"_blank\" aria-label=\"Compartir en Facebook\" href='https:\/\/www.facebook.com\/sharer.php?u=https:\/\/radiorevelacionfm.cl\/?p=11848&#038;t=Ministra%20de%20la%20Corte%20Suprema%20%C3%81ngela%20Vivanco%20visit%C3%B3%20los%20tribunales%20de%20la%20jurisdicci%C3%B3n%20de%20Coyhaique' aria-hidden='false' data-av_icon='\ue8f3' data-av_iconfont='entypo-fontello' title='' data-avia-related-tooltip='Compartir en Facebook' rel=\"noopener\"><span class='avia_hidden_link_text'>Compartir en Facebook<\/span><\/a><\/li><li class='av-share-link av-social-link-twitter' ><a target=\"_blank\" aria-label=\"Compartir en Twitter\" href='https:\/\/twitter.com\/share?text=Ministra%20de%20la%20Corte%20Suprema%20%C3%81ngela%20Vivanco%20visit%C3%B3%20los%20tribunales%20de%20la%20jurisdicci%C3%B3n%20de%20Coyhaique&#038;url=https:\/\/radiorevelacionfm.cl\/?p=11848' aria-hidden='false' data-av_icon='\ue8f1' data-av_iconfont='entypo-fontello' title='' data-avia-related-tooltip='Compartir en Twitter' rel=\"noopener\"><span class='avia_hidden_link_text'>Compartir en Twitter<\/span><\/a><\/li><li class='av-share-link av-social-link-whatsapp' ><a target=\"_blank\" aria-label=\"Compartir en Whatsapp\" href='https:\/\/api.whatsapp.com\/send?text=https:\/\/radiorevelacionfm.cl\/?p=11848' aria-hidden='false' data-av_icon='\uf232' data-av_iconfont='entypo-fontello' title='' data-avia-related-tooltip='Compartir en Whatsapp' rel=\"noopener\"><span class='avia_hidden_link_text'>Compartir en Whatsapp<\/span><\/a><\/li><li class='av-share-link av-social-link-linkedin' ><a target=\"_blank\" aria-label=\"Compartir en LinkedIn\" href='https:\/\/linkedin.com\/shareArticle?mini=true&#038;title=Ministra%20de%20la%20Corte%20Suprema%20%C3%81ngela%20Vivanco%20visit%C3%B3%20los%20tribunales%20de%20la%20jurisdicci%C3%B3n%20de%20Coyhaique&#038;url=https:\/\/radiorevelacionfm.cl\/?p=11848' aria-hidden='false' data-av_icon='\ue8fc' data-av_iconfont='entypo-fontello' title='' data-avia-related-tooltip='Compartir en LinkedIn' rel=\"noopener\"><span class='avia_hidden_link_text'>Compartir en LinkedIn<\/span><\/a><\/li><li class='av-share-link av-social-link-mail' ><a  aria-label=\"Compartir por correo\" href='mailto:?subject=Ministra%20de%20la%20Corte%20Suprema%20%C3%81ngela%20Vivanco%20visit%C3%B3%20los%20tribunales%20de%20la%20jurisdicci%C3%B3n%20de%20Coyhaique&#038;body=https:\/\/radiorevelacionfm.cl\/?p=11848' aria-hidden='false' data-av_icon='\ue805' data-av_iconfont='entypo-fontello' title='' data-avia-related-tooltip='Compartir por correo'><span class='avia_hidden_link_text'>Compartir por correo<\/span><\/a><\/li><\/ul><\/div><\/div>\n<div  style='height:50px' class='hr hr-invisible   avia-builder-el-8  el_after_av_social_share  el_before_av_comments_list '><span class='hr-inner ' ><span class='hr-inner-style'><\/span><\/span><\/div>\n<div  class='av-buildercomment  av-blog-meta-html-info-disabled av-blog-meta-tag-disabled  '><\/div>\n","protected":false},"excerpt":{"rendered":"","protected":false},"author":1,"featured_media":11849,"comment_status":"open","ping_status":"open","sticky":false,"template":"","format":"standard","meta":{"footnotes":""},"categories":[55],"tags":[],"class_list":["post-11848","post","type-post","status-publish","format-standard","has-post-thumbnail","hentry","category-justicia"],"jetpack_featured_media_url":"https:\/\/radiorevelacionfm.cl\/wp-content\/uploads\/2021\/12\/foto-02-visita-ministra-2_optimized.jpg","_links":{"self":[{"href":"https:\/\/radiorevelacionfm.cl\/index.php?rest_route=\/wp\/v2\/posts\/11848","targetHints":{"allow":["GET"]}}],"collection":[{"href":"https:\/\/radiorevelacionfm.cl\/index.php?rest_route=\/wp\/v2\/posts"}],"about":[{"href":"https:\/\/radiorevelacionfm.cl\/index.php?rest_route=\/wp\/v2\/types\/post"}],"author":[{"embeddable":true,"href":"https:\/\/radiorevelacionfm.cl\/index.php?rest_route=\/wp\/v2\/users\/1"}],"replies":[{"embeddable":true,"href":"https:\/\/radiorevelacionfm.cl\/index.php?rest_route=%2Fwp%2Fv2%2Fcomments&post=11848"}],"version-history":[{"count":2,"href":"https:\/\/radiorevelacionfm.cl\/index.php?rest_route=\/wp\/v2\/posts\/11848\/revisions"}],"predecessor-version":[{"id":11851,"href":"https:\/\/radiorevelacionfm.cl\/index.php?rest_route=\/wp\/v2\/posts\/11848\/revisions\/11851"}],"wp:featuredmedia":[{"embeddable":true,"href":"https:\/\/radiorevelacionfm.cl\/index.php?rest_route=\/wp\/v2\/media\/11849"}],"wp:attachment":[{"href":"https:\/\/radiorevelacionfm.cl\/index.php?rest_route=%2Fwp%2Fv2%2Fmedia&parent=11848"}],"wp:term":[{"taxonomy":"category","embeddable":true,"href":"https:\/\/radiorevelacionfm.cl\/index.php?rest_route=%2Fwp%2Fv2%2Fcategories&post=11848"},{"taxonomy":"post_tag","embeddable":true,"href":"https:\/\/radiorevelacionfm.cl\/index.php?rest_route=%2Fwp%2Fv2%2Ftags&post=11848"}],"curies":[{"name":"wp","href":"https:\/\/api.w.org\/{rel}","templated":true}]}}