{"id":11844,"date":"2021-12-14T16:03:53","date_gmt":"2021-12-14T19:03:53","guid":{"rendered":"https:\/\/radiorevelacionfm.cl\/?p=11844"},"modified":"2021-12-14T16:03:53","modified_gmt":"2021-12-14T19:03:53","slug":"destacan-nuevo-decreto-que-extiende-la-vigencia-de-las-cedulas-de-identidad-para-personas-chilenas","status":"publish","type":"post","link":"https:\/\/radiorevelacionfm.cl\/?p=11844","title":{"rendered":"Destacan nuevo decreto que extiende la vigencia de las c\u00e9dulas de identidad para personas chilenas"},"content":{"rendered":"<div class=\"flex_column av_one_full  flex_column_div av-zero-column-padding first  avia-builder-el-0  el_before_av_one_full  avia-builder-el-first  \" style='border-radius:0px; '><div  class='avia-image-container  av-styling-    avia-builder-el-1  avia-builder-el-no-sibling  avia-align-center '  itemprop=\"image\" itemscope=\"itemscope\" itemtype=\"https:\/\/schema.org\/ImageObject\"  ><div class='avia-image-container-inner'><div class='avia-image-overlay-wrap'><img decoding=\"async\" class='wp-image-11845 avia-img-lazy-loading-not-11845 avia_image' src=\"https:\/\/radiorevelacionfm.cl\/wp-content\/uploads\/2021\/12\/seremi-cedulas-2-2-2_optimized.jpg\" alt='' title='seremi-cedulas-2-2-2_optimized' height=\"600\" width=\"935\"  itemprop=\"thumbnailUrl\" srcset=\"https:\/\/radiorevelacionfm.cl\/wp-content\/uploads\/2021\/12\/seremi-cedulas-2-2-2_optimized.jpg 935w, https:\/\/radiorevelacionfm.cl\/wp-content\/uploads\/2021\/12\/seremi-cedulas-2-2-2_optimized-300x193.jpg 300w, https:\/\/radiorevelacionfm.cl\/wp-content\/uploads\/2021\/12\/seremi-cedulas-2-2-2_optimized-768x493.jpg 768w, https:\/\/radiorevelacionfm.cl\/wp-content\/uploads\/2021\/12\/seremi-cedulas-2-2-2_optimized-705x452.jpg 705w, https:\/\/radiorevelacionfm.cl\/wp-content\/uploads\/2021\/12\/seremi-cedulas-2-2-2_optimized-600x385.jpg 600w\" sizes=\"(max-width: 935px) 100vw, 935px\" \/><\/div><\/div><\/div><\/div><div class=\"flex_column av_one_full  flex_column_div av-zero-column-padding first  avia-builder-el-2  el_after_av_one_full  el_before_av_one_full  column-top-margin\" style='border-radius:0px; '><section class=\"av_textblock_section \"  itemscope=\"itemscope\" itemtype=\"https:\/\/schema.org\/BlogPosting\" itemprop=\"blogPost\" ><div class='avia_textblock  '   itemprop=\"text\" ><p style=\"text-align: center;\"><strong><span style=\"font-size: 18pt;\">Destacan nuevo decreto que extiende la vigencia de las c\u00e9dulas de identidad para personas chilenas<\/span><\/strong><\/p>\n<div id=\"gtx-trans\" style=\"position: absolute; left: -50px; top: 4.31534px;\">\n<div class=\"gtx-trans-icon\"><\/div>\n<\/div>\n<\/div><\/section><\/div><div class=\"flex_column av_one_full  flex_column_div av-zero-column-padding first  avia-builder-el-4  el_after_av_one_full  el_before_av_hr  column-top-margin\" style='border-radius:0px; '><section class=\"av_textblock_section \"  itemscope=\"itemscope\" itemtype=\"https:\/\/schema.org\/BlogPosting\" itemprop=\"blogPost\" ><div class='avia_textblock  '   itemprop=\"text\" ><p style=\"text-align: justify;\">Este martes el Ministro de Justicia y Derechos Humanos, Hern\u00e1n Larra\u00edn junto al Subsecretario de Justicia, Sebasti\u00e1n Valenzuela, y al director nacional del Registro Civil, Sergio Mierzejewski, anunciaron un nuevo decreto para extender la vigencia de las c\u00e9dulas de identidad de personas chilenas, iniciativa altamente valorada por el Seremi de Justicia y DD.HH Luis Prieto.<\/p>\n<p style=\"text-align: justify;\">Cabe mencionar que esta medida, busca evitar la congesti\u00f3n en las oficinas ante el pr\u00f3ximo vencimiento de 1.4 millones de c\u00e9dulas nacionales este 31 de diciembre, y que a nivel regional alcanza a las 10 mil.<\/p>\n<p style=\"text-align: justify;\">Ahora, este nuevo decreto indica que las c\u00e9dulas vencidas entre marzo y diciembre de 2020 y 2021, durar\u00e1n hasta el mismo d\u00eda y mes que indica el documento, pero del a\u00f1o 2022, mientras que las c\u00e9dulas vencidas en enero o febrero de los a\u00f1os 2020, 2021 y 2022, durar\u00e1n hasta el mismo d\u00eda y mes que indica el documento, pero del a\u00f1o 2023, en efectos pr\u00e1cticos a modo de ejemplo si una c\u00e9dula venci\u00f3 el 4 de abril de 2020, se extiende hasta el 4 de abril de 2022; y si una c\u00e9dula venci\u00f3 el 7 de febrero de 2020, se extiende hasta el 7 de febrero de 2023.<\/p>\n<p style=\"text-align: justify;\">El Seremi de Justicia y DD.HH Luis Prieto explic\u00f3 que \u201cse trata de un nuevo decreto que extiende la vigencia de las c\u00e9dulas a nivel nacional, esto dado que se gener\u00f3 una gran congesti\u00f3n en las oficinas para renovar sus documentos antes del 31 de diciembre, esto motiv\u00f3 a extender la vigencia de c\u00e9dulas para que las personas programen con tiempo su visita al Registro Civil. Ahora mencionar que las oficinas de Coyhaique y Puerto Ays\u00e9n cuentan con el sistema de agendamiento previo por medio de la p\u00e1gina web del servicio, por lo que las personas pueden solicitarlo y concurrir posteriormente con una hora ya tomada a realizar el tr\u00e1mite, la invitaci\u00f3n por tanto, es a revisar su c\u00e9dula y si se encuentra vendida hacer el tr\u00e1mite con la debida anticipaci\u00f3n\u201d.<\/p>\n<p style=\"text-align: justify;\">Finalmente, mencionar que el presente decreto que extiende nuevamente la vigencia de las c\u00e9dulas para chilenos es v\u00e1lido para tr\u00e1mites que se realicen en territorio nacional, en instituciones p\u00fablicas o privadas. Respecto a las personas extranjeras, la pr\u00f3rroga contin\u00faa siendo hasta el 28 de febrero de 2022.<\/p>\n<\/div><\/section><\/div><div  style='height:50px' class='hr hr-invisible   avia-builder-el-6  el_after_av_one_full  el_before_av_social_share '><span class='hr-inner ' ><span class='hr-inner-style'><\/span><\/span><\/div><\/p>\n<div  class='av-social-sharing-box  avia-builder-el-7  el_after_av_hr  el_before_av_hr  '><div class='av-share-box'><h5 class='av-share-link-description av-no-toc '>Compartir esta noticia<\/h5><ul class='av-share-box-list noLightbox'><li class='av-share-link av-social-link-facebook' ><a target=\"_blank\" aria-label=\"Compartir en Facebook\" href='https:\/\/www.facebook.com\/sharer.php?u=https:\/\/radiorevelacionfm.cl\/?p=11844&#038;t=Destacan%20nuevo%20decreto%20que%20extiende%20la%20vigencia%20de%20las%20c%C3%A9dulas%20de%20identidad%20para%20personas%20chilenas' aria-hidden='false' data-av_icon='\ue8f3' data-av_iconfont='entypo-fontello' title='' data-avia-related-tooltip='Compartir en Facebook' rel=\"noopener\"><span class='avia_hidden_link_text'>Compartir en Facebook<\/span><\/a><\/li><li class='av-share-link av-social-link-twitter' ><a target=\"_blank\" aria-label=\"Compartir en Twitter\" href='https:\/\/twitter.com\/share?text=Destacan%20nuevo%20decreto%20que%20extiende%20la%20vigencia%20de%20las%20c%C3%A9dulas%20de%20identidad%20para%20personas%20chilenas&#038;url=https:\/\/radiorevelacionfm.cl\/?p=11844' aria-hidden='false' data-av_icon='\ue8f1' data-av_iconfont='entypo-fontello' title='' data-avia-related-tooltip='Compartir en Twitter' rel=\"noopener\"><span class='avia_hidden_link_text'>Compartir en Twitter<\/span><\/a><\/li><li class='av-share-link av-social-link-whatsapp' ><a target=\"_blank\" aria-label=\"Compartir en Whatsapp\" href='https:\/\/api.whatsapp.com\/send?text=https:\/\/radiorevelacionfm.cl\/?p=11844' aria-hidden='false' data-av_icon='\uf232' data-av_iconfont='entypo-fontello' title='' data-avia-related-tooltip='Compartir en Whatsapp' rel=\"noopener\"><span class='avia_hidden_link_text'>Compartir en Whatsapp<\/span><\/a><\/li><li class='av-share-link av-social-link-linkedin' ><a target=\"_blank\" aria-label=\"Compartir en LinkedIn\" href='https:\/\/linkedin.com\/shareArticle?mini=true&#038;title=Destacan%20nuevo%20decreto%20que%20extiende%20la%20vigencia%20de%20las%20c%C3%A9dulas%20de%20identidad%20para%20personas%20chilenas&#038;url=https:\/\/radiorevelacionfm.cl\/?p=11844' aria-hidden='false' data-av_icon='\ue8fc' data-av_iconfont='entypo-fontello' title='' data-avia-related-tooltip='Compartir en LinkedIn' rel=\"noopener\"><span class='avia_hidden_link_text'>Compartir en LinkedIn<\/span><\/a><\/li><li class='av-share-link av-social-link-mail' ><a  aria-label=\"Compartir por correo\" href='mailto:?subject=Destacan%20nuevo%20decreto%20que%20extiende%20la%20vigencia%20de%20las%20c%C3%A9dulas%20de%20identidad%20para%20personas%20chilenas&#038;body=https:\/\/radiorevelacionfm.cl\/?p=11844' aria-hidden='false' data-av_icon='\ue805' data-av_iconfont='entypo-fontello' title='' data-avia-related-tooltip='Compartir por correo'><span class='avia_hidden_link_text'>Compartir por correo<\/span><\/a><\/li><\/ul><\/div><\/div>\n<div  style='height:50px' class='hr hr-invisible   avia-builder-el-8  el_after_av_social_share  el_before_av_comments_list '><span class='hr-inner ' ><span class='hr-inner-style'><\/span><\/span><\/div>\n<div  class='av-buildercomment  av-blog-meta-html-info-disabled av-blog-meta-tag-disabled  '><\/div>\n","protected":false},"excerpt":{"rendered":"","protected":false},"author":1,"featured_media":11845,"comment_status":"open","ping_status":"open","sticky":false,"template":"","format":"standard","meta":{"footnotes":""},"categories":[55],"tags":[],"class_list":["post-11844","post","type-post","status-publish","format-standard","has-post-thumbnail","hentry","category-justicia"],"jetpack_featured_media_url":"https:\/\/radiorevelacionfm.cl\/wp-content\/uploads\/2021\/12\/seremi-cedulas-2-2-2_optimized.jpg","_links":{"self":[{"href":"https:\/\/radiorevelacionfm.cl\/index.php?rest_route=\/wp\/v2\/posts\/11844","targetHints":{"allow":["GET"]}}],"collection":[{"href":"https:\/\/radiorevelacionfm.cl\/index.php?rest_route=\/wp\/v2\/posts"}],"about":[{"href":"https:\/\/radiorevelacionfm.cl\/index.php?rest_route=\/wp\/v2\/types\/post"}],"author":[{"embeddable":true,"href":"https:\/\/radiorevelacionfm.cl\/index.php?rest_route=\/wp\/v2\/users\/1"}],"replies":[{"embeddable":true,"href":"https:\/\/radiorevelacionfm.cl\/index.php?rest_route=%2Fwp%2Fv2%2Fcomments&post=11844"}],"version-history":[{"count":2,"href":"https:\/\/radiorevelacionfm.cl\/index.php?rest_route=\/wp\/v2\/posts\/11844\/revisions"}],"predecessor-version":[{"id":11847,"href":"https:\/\/radiorevelacionfm.cl\/index.php?rest_route=\/wp\/v2\/posts\/11844\/revisions\/11847"}],"wp:featuredmedia":[{"embeddable":true,"href":"https:\/\/radiorevelacionfm.cl\/index.php?rest_route=\/wp\/v2\/media\/11845"}],"wp:attachment":[{"href":"https:\/\/radiorevelacionfm.cl\/index.php?rest_route=%2Fwp%2Fv2%2Fmedia&parent=11844"}],"wp:term":[{"taxonomy":"category","embeddable":true,"href":"https:\/\/radiorevelacionfm.cl\/index.php?rest_route=%2Fwp%2Fv2%2Fcategories&post=11844"},{"taxonomy":"post_tag","embeddable":true,"href":"https:\/\/radiorevelacionfm.cl\/index.php?rest_route=%2Fwp%2Fv2%2Ftags&post=11844"}],"curies":[{"name":"wp","href":"https:\/\/api.w.org\/{rel}","templated":true}]}}