{"id":11838,"date":"2021-12-14T14:43:14","date_gmt":"2021-12-14T17:43:14","guid":{"rendered":"https:\/\/radiorevelacionfm.cl\/?p=11838"},"modified":"2021-12-14T14:50:35","modified_gmt":"2021-12-14T17:50:35","slug":"realizan-ultima-reunion-de-coordinacion-con-miras-a-la-segunda-vuelta-presidencial","status":"publish","type":"post","link":"https:\/\/radiorevelacionfm.cl\/?p=11838","title":{"rendered":"Realizan \u00faltima reuni\u00f3n de coordinaci\u00f3n con miras a la segunda vuelta presidencial"},"content":{"rendered":"<div class=\"flex_column av_one_full  flex_column_div av-zero-column-padding first  avia-builder-el-0  el_before_av_one_full  avia-builder-el-first  \" style='border-radius:0px; '><div  class='avia-image-container  av-styling-    avia-builder-el-1  avia-builder-el-no-sibling  avia-align-center '  itemprop=\"image\" itemscope=\"itemscope\" itemtype=\"https:\/\/schema.org\/ImageObject\"  ><div class='avia-image-container-inner'><div class='avia-image-overlay-wrap'><img decoding=\"async\" class='wp-image-11842 avia-img-lazy-loading-not-11842 avia_image' src=\"https:\/\/radiorevelacionfm.cl\/wp-content\/uploads\/2021\/12\/5-2-2.jpg\" alt='' title='5-2-2' height=\"600\" width=\"900\"  itemprop=\"thumbnailUrl\" srcset=\"https:\/\/radiorevelacionfm.cl\/wp-content\/uploads\/2021\/12\/5-2-2.jpg 900w, https:\/\/radiorevelacionfm.cl\/wp-content\/uploads\/2021\/12\/5-2-2-300x200.jpg 300w, https:\/\/radiorevelacionfm.cl\/wp-content\/uploads\/2021\/12\/5-2-2-768x512.jpg 768w, https:\/\/radiorevelacionfm.cl\/wp-content\/uploads\/2021\/12\/5-2-2-705x470.jpg 705w, https:\/\/radiorevelacionfm.cl\/wp-content\/uploads\/2021\/12\/5-2-2-600x400.jpg 600w\" sizes=\"(max-width: 900px) 100vw, 900px\" \/><\/div><\/div><\/div><\/div><div class=\"flex_column av_one_full  flex_column_div av-zero-column-padding first  avia-builder-el-2  el_after_av_one_full  el_before_av_one_full  column-top-margin\" style='border-radius:0px; '><section class=\"av_textblock_section \"  itemscope=\"itemscope\" itemtype=\"https:\/\/schema.org\/BlogPosting\" itemprop=\"blogPost\" ><div class='avia_textblock  '   itemprop=\"text\" ><p style=\"text-align: center;\"><span style=\"font-size: 18pt;\"><strong>Realizan \u00faltima reuni\u00f3n de coordinaci\u00f3n con miras a la segunda vuelta presidencial<\/strong><\/span><\/p>\n<div id=\"gtx-trans\" style=\"position: absolute; left: -50px; top: 4.31534px;\">\n<div class=\"gtx-trans-icon\"><\/div>\n<\/div>\n<\/div><\/section><\/div><\/p>\n<div class=\"flex_column av_one_full  flex_column_div av-zero-column-padding first  avia-builder-el-4  el_after_av_one_full  el_before_av_hr  column-top-margin\" style='border-radius:0px; '><section class=\"av_textblock_section \"  itemscope=\"itemscope\" itemtype=\"https:\/\/schema.org\/BlogPosting\" itemprop=\"blogPost\" ><div class='avia_textblock  '   itemprop=\"text\" ><p style=\"text-align: justify;\">La convocatoria la lider\u00f3 el Delegado Presidencial Provincial Manuel Ortiz en la que asisti\u00f3 Ej\u00e9rcito, Carabineros, Armada, Polic\u00eda de Investigaciones, Municipalidad de Ays\u00e9n y el Director Regional del SERVEL N\u00e9stor Sep\u00falveda.<\/p>\n<p style=\"text-align: justify;\">En dependencias de la Delegaci\u00f3n Presidencial se desarroll\u00f3 la \u00faltima reuni\u00f3n de coordinaci\u00f3n entre entidades p\u00fablicas de cara a las elecciones presidenciales de este domingo 19 de diciembre, oportunidad en la que se convers\u00f3 acerca de los protocolos sanitarios y del resguardo que tendr\u00e1n los locales de votaci\u00f3n en la provincia de Ays\u00e9n.<\/p>\n<p style=\"text-align: justify;\">Manuel Ortiz Delegado Presidencial en la provincia relataba acerca de este encuentro a solo d\u00edas de la segunda vuelta presidencial \u201cnos hemos reunido para poder coordinar y clarificar todas las acciones a seguir durante este proceso eleccionario del pr\u00f3ximo domingo 19 en donde esperamos como todas las anteriores que se desarrolle de la forma m\u00e1s segura posible tanto al interior como exterior de cada uno de los locales de votaci\u00f3n y no hemos descuidado nada, por eso mantendremos\u00a0 las medidas sanitarias que como pa\u00eds nos ha dado muy buenos resultados\u201d.<\/p>\n<p style=\"text-align: justify;\">El representante del Presidente de la Rep\u00fablica hac\u00eda un llamado a los\/as electores a participar del proceso eleccionario \u201cllamar a la comunidad a que asista este domingo a marcar su preferencia, todas las condiciones est\u00e1n dada, como Gobierno nos hemos preocupado de cada uno de los detalles\u201d.<\/p>\n<p style=\"text-align: justify;\">Finalmente el Director Regional del SERVEL N\u00e9stor Sep\u00falveda indicaba \u201cacabo de finalizar tambi\u00e9n otra reuni\u00f3n con los delegados de los locales de votaci\u00f3n tambi\u00e9n con la finalidad de realizar las coordinaciones previas\u201d.<\/p>\n<\/div><\/section><\/div>\n<div  style='height:50px' class='hr hr-invisible   avia-builder-el-6  el_after_av_one_full  el_before_av_social_share '><span class='hr-inner ' ><span class='hr-inner-style'><\/span><\/span><\/div>\n<div  class='av-social-sharing-box  avia-builder-el-7  el_after_av_hr  el_before_av_hr  '><div class='av-share-box'><h5 class='av-share-link-description av-no-toc '>Compartir esta noticia<\/h5><ul class='av-share-box-list noLightbox'><li class='av-share-link av-social-link-facebook' ><a target=\"_blank\" aria-label=\"Compartir en Facebook\" href='https:\/\/www.facebook.com\/sharer.php?u=https:\/\/radiorevelacionfm.cl\/?p=11838&#038;t=Realizan%20%C3%BAltima%20reuni%C3%B3n%20de%20coordinaci%C3%B3n%20con%20miras%20a%20la%20segunda%20vuelta%20presidencial' aria-hidden='false' data-av_icon='\ue8f3' data-av_iconfont='entypo-fontello' title='' data-avia-related-tooltip='Compartir en Facebook' rel=\"noopener\"><span class='avia_hidden_link_text'>Compartir en Facebook<\/span><\/a><\/li><li class='av-share-link av-social-link-twitter' ><a target=\"_blank\" aria-label=\"Compartir en Twitter\" href='https:\/\/twitter.com\/share?text=Realizan%20%C3%BAltima%20reuni%C3%B3n%20de%20coordinaci%C3%B3n%20con%20miras%20a%20la%20segunda%20vuelta%20presidencial&#038;url=https:\/\/radiorevelacionfm.cl\/?p=11838' aria-hidden='false' data-av_icon='\ue8f1' data-av_iconfont='entypo-fontello' title='' data-avia-related-tooltip='Compartir en Twitter' rel=\"noopener\"><span class='avia_hidden_link_text'>Compartir en Twitter<\/span><\/a><\/li><li class='av-share-link av-social-link-whatsapp' ><a target=\"_blank\" aria-label=\"Compartir en Whatsapp\" href='https:\/\/api.whatsapp.com\/send?text=https:\/\/radiorevelacionfm.cl\/?p=11838' aria-hidden='false' data-av_icon='\uf232' data-av_iconfont='entypo-fontello' title='' data-avia-related-tooltip='Compartir en Whatsapp' rel=\"noopener\"><span class='avia_hidden_link_text'>Compartir en Whatsapp<\/span><\/a><\/li><li class='av-share-link av-social-link-linkedin' ><a target=\"_blank\" aria-label=\"Compartir en LinkedIn\" href='https:\/\/linkedin.com\/shareArticle?mini=true&#038;title=Realizan%20%C3%BAltima%20reuni%C3%B3n%20de%20coordinaci%C3%B3n%20con%20miras%20a%20la%20segunda%20vuelta%20presidencial&#038;url=https:\/\/radiorevelacionfm.cl\/?p=11838' aria-hidden='false' data-av_icon='\ue8fc' data-av_iconfont='entypo-fontello' title='' data-avia-related-tooltip='Compartir en LinkedIn' rel=\"noopener\"><span class='avia_hidden_link_text'>Compartir en LinkedIn<\/span><\/a><\/li><li class='av-share-link av-social-link-mail' ><a  aria-label=\"Compartir por correo\" href='mailto:?subject=Realizan%20%C3%BAltima%20reuni%C3%B3n%20de%20coordinaci%C3%B3n%20con%20miras%20a%20la%20segunda%20vuelta%20presidencial&#038;body=https:\/\/radiorevelacionfm.cl\/?p=11838' aria-hidden='false' data-av_icon='\ue805' data-av_iconfont='entypo-fontello' title='' data-avia-related-tooltip='Compartir por correo'><span class='avia_hidden_link_text'>Compartir por correo<\/span><\/a><\/li><\/ul><\/div><\/div>\n<div  style='height:50px' class='hr hr-invisible   avia-builder-el-8  el_after_av_social_share  el_before_av_comments_list '><span class='hr-inner ' ><span class='hr-inner-style'><\/span><\/span><\/div>\n<div  class='av-buildercomment  av-blog-meta-html-info-disabled av-blog-meta-tag-disabled  '><\/div>\n","protected":false},"excerpt":{"rendered":"","protected":false},"author":1,"featured_media":11842,"comment_status":"open","ping_status":"open","sticky":false,"template":"","format":"standard","meta":{"footnotes":""},"categories":[38],"tags":[],"class_list":["post-11838","post","type-post","status-publish","format-standard","has-post-thumbnail","hentry","category-regional"],"jetpack_featured_media_url":"https:\/\/radiorevelacionfm.cl\/wp-content\/uploads\/2021\/12\/5-2-2.jpg","_links":{"self":[{"href":"https:\/\/radiorevelacionfm.cl\/index.php?rest_route=\/wp\/v2\/posts\/11838","targetHints":{"allow":["GET"]}}],"collection":[{"href":"https:\/\/radiorevelacionfm.cl\/index.php?rest_route=\/wp\/v2\/posts"}],"about":[{"href":"https:\/\/radiorevelacionfm.cl\/index.php?rest_route=\/wp\/v2\/types\/post"}],"author":[{"embeddable":true,"href":"https:\/\/radiorevelacionfm.cl\/index.php?rest_route=\/wp\/v2\/users\/1"}],"replies":[{"embeddable":true,"href":"https:\/\/radiorevelacionfm.cl\/index.php?rest_route=%2Fwp%2Fv2%2Fcomments&post=11838"}],"version-history":[{"count":3,"href":"https:\/\/radiorevelacionfm.cl\/index.php?rest_route=\/wp\/v2\/posts\/11838\/revisions"}],"predecessor-version":[{"id":11841,"href":"https:\/\/radiorevelacionfm.cl\/index.php?rest_route=\/wp\/v2\/posts\/11838\/revisions\/11841"}],"wp:featuredmedia":[{"embeddable":true,"href":"https:\/\/radiorevelacionfm.cl\/index.php?rest_route=\/wp\/v2\/media\/11842"}],"wp:attachment":[{"href":"https:\/\/radiorevelacionfm.cl\/index.php?rest_route=%2Fwp%2Fv2%2Fmedia&parent=11838"}],"wp:term":[{"taxonomy":"category","embeddable":true,"href":"https:\/\/radiorevelacionfm.cl\/index.php?rest_route=%2Fwp%2Fv2%2Fcategories&post=11838"},{"taxonomy":"post_tag","embeddable":true,"href":"https:\/\/radiorevelacionfm.cl\/index.php?rest_route=%2Fwp%2Fv2%2Ftags&post=11838"}],"curies":[{"name":"wp","href":"https:\/\/api.w.org\/{rel}","templated":true}]}}