{"id":11830,"date":"2021-12-14T10:44:31","date_gmt":"2021-12-14T13:44:31","guid":{"rendered":"https:\/\/radiorevelacionfm.cl\/?p=11830"},"modified":"2021-12-14T10:44:31","modified_gmt":"2021-12-14T13:44:31","slug":"en-puerto-aysen-diversas-organizaciones-se-unen-en-cruzada-solidaria-por-castro","status":"publish","type":"post","link":"https:\/\/radiorevelacionfm.cl\/?p=11830","title":{"rendered":"En Puerto Ays\u00e9n diversas organizaciones se unen en cruzada solidaria por Castro"},"content":{"rendered":"<div class=\"flex_column av_one_full  flex_column_div av-zero-column-padding first  avia-builder-el-0  el_before_av_one_full  avia-builder-el-first  \" style='border-radius:0px; '><div  class='avia-image-container  av-styling-    avia-builder-el-1  avia-builder-el-no-sibling  avia-align-center '  itemprop=\"image\" itemscope=\"itemscope\" itemtype=\"https:\/\/schema.org\/ImageObject\"  ><div class='avia-image-container-inner'><div class='avia-image-overlay-wrap'><img decoding=\"async\" class='wp-image-11831 avia-img-lazy-loading-not-11831 avia_image' src=\"https:\/\/radiorevelacionfm.cl\/wp-content\/uploads\/2021\/12\/DSC_0014-2-2.jpg\" alt='' title='DSC_0014-2-2' height=\"600\" width=\"900\"  itemprop=\"thumbnailUrl\" srcset=\"https:\/\/radiorevelacionfm.cl\/wp-content\/uploads\/2021\/12\/DSC_0014-2-2.jpg 900w, https:\/\/radiorevelacionfm.cl\/wp-content\/uploads\/2021\/12\/DSC_0014-2-2-300x200.jpg 300w, https:\/\/radiorevelacionfm.cl\/wp-content\/uploads\/2021\/12\/DSC_0014-2-2-768x512.jpg 768w, https:\/\/radiorevelacionfm.cl\/wp-content\/uploads\/2021\/12\/DSC_0014-2-2-705x470.jpg 705w, https:\/\/radiorevelacionfm.cl\/wp-content\/uploads\/2021\/12\/DSC_0014-2-2-600x400.jpg 600w\" sizes=\"(max-width: 900px) 100vw, 900px\" \/><\/div><\/div><\/div><\/div><div class=\"flex_column av_one_full  flex_column_div av-zero-column-padding first  avia-builder-el-2  el_after_av_one_full  el_before_av_one_full  column-top-margin\" style='border-radius:0px; '><section class=\"av_textblock_section \"  itemscope=\"itemscope\" itemtype=\"https:\/\/schema.org\/BlogPosting\" itemprop=\"blogPost\" ><div class='avia_textblock  '   itemprop=\"text\" ><p style=\"text-align: center;\"><span style=\"font-size: 18pt;\"><strong>En Puerto Ays\u00e9n diversas organizaciones se unen en cruzada solidaria por Castro<\/strong><\/span><\/p>\n<div id=\"gtx-trans\" style=\"position: absolute; left: -50px; top: 4.31534px;\">\n<div class=\"gtx-trans-icon\"><\/div>\n<\/div>\n<\/div><\/section><\/div><div class=\"flex_column av_one_full  flex_column_div av-zero-column-padding first  avia-builder-el-4  el_after_av_one_full  el_before_av_hr  column-top-margin\" style='border-radius:0px; '><section class=\"av_textblock_section \"  itemscope=\"itemscope\" itemtype=\"https:\/\/schema.org\/BlogPosting\" itemprop=\"blogPost\" ><div class='avia_textblock  '   itemprop=\"text\" ><p style=\"text-align: justify;\">Durante la ma\u00f1ana del lunes 13 de diciembre, la Municipalidad de Ays\u00e9n convoc\u00f3 a un punto de prensa en sus dependencias. En el auditorio estuvieron presentes la primera autoridad comunal, concejales, el comandante del Cuerpo de Bomberos de Ays\u00e9n, representantes del Gremio de Camioneros y de la Uni\u00f3n Comunal, entre otras agrupaciones y funcionarios municipales.<\/p>\n<p style=\"text-align: justify;\">Los asistentes en un esfuerzo de coordinaci\u00f3n extraordinario, generaron un programa de actividades que acompa\u00f1ar\u00e1 el proceso de recolecci\u00f3n de v\u00edveres para las 140 familias afectadas de Castro. M\u00fasica, baile e incluso un d\u00eda dedicado a la Navidad para las donaciones de juguetes en beneficio de los ni\u00f1os y ni\u00f1as incluye la parrilla cultural.<\/p>\n<p style=\"text-align: justify;\">\u201cHoy estamos con los bomberos, la delegaci\u00f3n provincial, las juntas de vecinos y los voluntarios que han sido parte importante del proceso, por lo tanto, creo que demostramos el poder de organizarnos que tenemos, ya que habr\u00e1n actividades hasta el d\u00eda 20 con artistas, juegos y cicletada, por lo que invitamos a la comunidad a participar y hacer llegar sus aportes\u201d, consign\u00f3 el alcalde Julio Uribe Alvarado, quien abri\u00f3 el punto de prensa.<\/p>\n<p style=\"text-align: justify;\">En tanto, el comandante del Cuerpo de Bomberos de Ays\u00e9n, Marco Latorre, detall\u00f3 la naturaleza de la convocatoria, que naci\u00f3 de manera espont\u00e1nea hasta masificarse r\u00e1pidamente, a la que se sumaron con la impronta que los caracteriza. \u201cNos sorprende la comunidad. Siempre ha sido as\u00ed, muy predispuesta a cooperar. Negocios peque\u00f1os, gente muy humilde sali\u00f3 al encuentro de los bomberos; su aporte es muy gratificante\u201d, expres\u00f3.<\/p>\n<p style=\"text-align: justify;\">Mientras que la concejala Rosa Gonz\u00e1lez hizo un llamado a estar atentos a los canales oficiales de comunicaci\u00f3n, en los que se ir\u00e1 informando el cronograma de actividades. \u201cCada d\u00eda va a tener su elemento espec\u00edfico para que las mamitas vengan con sus ni\u00f1os. La Plaza de Armas va estar viva para que en esta cruzada solidaria podamos estar presentes, as\u00ed que desde aqu\u00ed hasta el d\u00eda lunes (20 de diciembre) vamos a estar apoyando los ayseninos y todos los que quieran sumarse a esta cruzada de Ays\u00e9n por Castro\u201d.<\/p>\n<p style=\"text-align: justify;\">Por otra parte, la integrante del Gremio de Camioneros, M\u00f3nica Bast\u00edas, pidi\u00f3 a la comunidad el \u00faltimo esfuerzo. \u201cHay mucha gente que ya nos colabor\u00f3. Estoy agradecida de todo lo que se logr\u00f3 el fin de semana porque fueron horas de bastante trabajo para todo el equipo, pero ahora nos toca dedicarnos a otras cosas que son bien puntuales y que tienen relaci\u00f3n con \u00fatiles de aseo, mascarillas, pa\u00f1ales, golosinas y juguetes\u201d.<\/p>\n<p style=\"text-align: justify;\">La programaci\u00f3n que involucra la campa\u00f1a \u201cCruzada solidaria Ays\u00e9n por Castro\u201d tendr\u00e1 lugar a contar del martes 14 hasta el lunes 20 de diciembre de las 18:00 a 22:00 horas, en la Plaza de Armas de Ays\u00e9n.<\/p>\n<\/div><\/section><\/div><div  style='height:50px' class='hr hr-invisible   avia-builder-el-6  el_after_av_one_full  el_before_av_social_share '><span class='hr-inner ' ><span class='hr-inner-style'><\/span><\/span><\/div><\/p>\n<div  class='av-social-sharing-box  avia-builder-el-7  el_after_av_hr  el_before_av_hr  '><div class='av-share-box'><h5 class='av-share-link-description av-no-toc '>Compartir esta noticia<\/h5><ul class='av-share-box-list noLightbox'><li class='av-share-link av-social-link-facebook' ><a target=\"_blank\" aria-label=\"Compartir en Facebook\" href='https:\/\/www.facebook.com\/sharer.php?u=https:\/\/radiorevelacionfm.cl\/?p=11830&#038;t=En%20Puerto%20Ays%C3%A9n%20diversas%20organizaciones%20se%20unen%20en%20cruzada%20solidaria%20por%20Castro' aria-hidden='false' data-av_icon='\ue8f3' data-av_iconfont='entypo-fontello' title='' data-avia-related-tooltip='Compartir en Facebook' rel=\"noopener\"><span class='avia_hidden_link_text'>Compartir en Facebook<\/span><\/a><\/li><li class='av-share-link av-social-link-twitter' ><a target=\"_blank\" aria-label=\"Compartir en Twitter\" href='https:\/\/twitter.com\/share?text=En%20Puerto%20Ays%C3%A9n%20diversas%20organizaciones%20se%20unen%20en%20cruzada%20solidaria%20por%20Castro&#038;url=https:\/\/radiorevelacionfm.cl\/?p=11830' aria-hidden='false' data-av_icon='\ue8f1' data-av_iconfont='entypo-fontello' title='' data-avia-related-tooltip='Compartir en Twitter' rel=\"noopener\"><span class='avia_hidden_link_text'>Compartir en Twitter<\/span><\/a><\/li><li class='av-share-link av-social-link-whatsapp' ><a target=\"_blank\" aria-label=\"Compartir en Whatsapp\" href='https:\/\/api.whatsapp.com\/send?text=https:\/\/radiorevelacionfm.cl\/?p=11830' aria-hidden='false' data-av_icon='\uf232' data-av_iconfont='entypo-fontello' title='' data-avia-related-tooltip='Compartir en Whatsapp' rel=\"noopener\"><span class='avia_hidden_link_text'>Compartir en Whatsapp<\/span><\/a><\/li><li class='av-share-link av-social-link-linkedin' ><a target=\"_blank\" aria-label=\"Compartir en LinkedIn\" href='https:\/\/linkedin.com\/shareArticle?mini=true&#038;title=En%20Puerto%20Ays%C3%A9n%20diversas%20organizaciones%20se%20unen%20en%20cruzada%20solidaria%20por%20Castro&#038;url=https:\/\/radiorevelacionfm.cl\/?p=11830' aria-hidden='false' data-av_icon='\ue8fc' data-av_iconfont='entypo-fontello' title='' data-avia-related-tooltip='Compartir en LinkedIn' rel=\"noopener\"><span class='avia_hidden_link_text'>Compartir en LinkedIn<\/span><\/a><\/li><li class='av-share-link av-social-link-mail' ><a  aria-label=\"Compartir por correo\" href='mailto:?subject=En%20Puerto%20Ays%C3%A9n%20diversas%20organizaciones%20se%20unen%20en%20cruzada%20solidaria%20por%20Castro&#038;body=https:\/\/radiorevelacionfm.cl\/?p=11830' aria-hidden='false' data-av_icon='\ue805' data-av_iconfont='entypo-fontello' title='' data-avia-related-tooltip='Compartir por correo'><span class='avia_hidden_link_text'>Compartir por correo<\/span><\/a><\/li><\/ul><\/div><\/div>\n<div  style='height:50px' class='hr hr-invisible   avia-builder-el-8  el_after_av_social_share  el_before_av_comments_list '><span class='hr-inner ' ><span class='hr-inner-style'><\/span><\/span><\/div>\n<div  class='av-buildercomment  av-blog-meta-html-info-disabled av-blog-meta-tag-disabled  '><\/div>\n","protected":false},"excerpt":{"rendered":"","protected":false},"author":1,"featured_media":11831,"comment_status":"open","ping_status":"open","sticky":false,"template":"","format":"standard","meta":{"footnotes":""},"categories":[38],"tags":[],"class_list":["post-11830","post","type-post","status-publish","format-standard","has-post-thumbnail","hentry","category-regional"],"jetpack_featured_media_url":"https:\/\/radiorevelacionfm.cl\/wp-content\/uploads\/2021\/12\/DSC_0014-2-2.jpg","_links":{"self":[{"href":"https:\/\/radiorevelacionfm.cl\/index.php?rest_route=\/wp\/v2\/posts\/11830","targetHints":{"allow":["GET"]}}],"collection":[{"href":"https:\/\/radiorevelacionfm.cl\/index.php?rest_route=\/wp\/v2\/posts"}],"about":[{"href":"https:\/\/radiorevelacionfm.cl\/index.php?rest_route=\/wp\/v2\/types\/post"}],"author":[{"embeddable":true,"href":"https:\/\/radiorevelacionfm.cl\/index.php?rest_route=\/wp\/v2\/users\/1"}],"replies":[{"embeddable":true,"href":"https:\/\/radiorevelacionfm.cl\/index.php?rest_route=%2Fwp%2Fv2%2Fcomments&post=11830"}],"version-history":[{"count":2,"href":"https:\/\/radiorevelacionfm.cl\/index.php?rest_route=\/wp\/v2\/posts\/11830\/revisions"}],"predecessor-version":[{"id":11833,"href":"https:\/\/radiorevelacionfm.cl\/index.php?rest_route=\/wp\/v2\/posts\/11830\/revisions\/11833"}],"wp:featuredmedia":[{"embeddable":true,"href":"https:\/\/radiorevelacionfm.cl\/index.php?rest_route=\/wp\/v2\/media\/11831"}],"wp:attachment":[{"href":"https:\/\/radiorevelacionfm.cl\/index.php?rest_route=%2Fwp%2Fv2%2Fmedia&parent=11830"}],"wp:term":[{"taxonomy":"category","embeddable":true,"href":"https:\/\/radiorevelacionfm.cl\/index.php?rest_route=%2Fwp%2Fv2%2Fcategories&post=11830"},{"taxonomy":"post_tag","embeddable":true,"href":"https:\/\/radiorevelacionfm.cl\/index.php?rest_route=%2Fwp%2Fv2%2Ftags&post=11830"}],"curies":[{"name":"wp","href":"https:\/\/api.w.org\/{rel}","templated":true}]}}