{"id":11824,"date":"2021-12-13T19:36:52","date_gmt":"2021-12-13T22:36:52","guid":{"rendered":"https:\/\/radiorevelacionfm.cl\/?p=11824"},"modified":"2021-12-13T19:36:52","modified_gmt":"2021-12-13T22:36:52","slug":"oportuna-denuncia-de-vecinos-permitio-a-carabineros-de-coyhaique-detener-a-un-padre-tras-agredir-a-su-hija-una-lactante-de-ocho-meses-de-vida","status":"publish","type":"post","link":"https:\/\/radiorevelacionfm.cl\/?p=11824","title":{"rendered":"Oportuna denuncia de vecinos permiti\u00f3 a Carabineros de Coyhaique detener a un padre tras agredir a su hija, una lactante de ocho meses de vida"},"content":{"rendered":"<div class=\"flex_column av_one_full  flex_column_div av-zero-column-padding first  avia-builder-el-0  el_before_av_one_full  avia-builder-el-first  \" style='border-radius:0px; '><div  class='avia-image-container  av-styling-    avia-builder-el-1  avia-builder-el-no-sibling  avia-align-center '  itemprop=\"image\" itemscope=\"itemscope\" itemtype=\"https:\/\/schema.org\/ImageObject\"  ><div class='avia-image-container-inner'><div class='avia-image-overlay-wrap'><img decoding=\"async\" class='wp-image-11825 avia-img-lazy-loading-not-11825 avia_image' src=\"https:\/\/radiorevelacionfm.cl\/wp-content\/uploads\/2021\/12\/Untitled-1-2-2.jpg\" alt='' title='Untitled-1-2-2' height=\"600\" width=\"1069\"  itemprop=\"thumbnailUrl\" srcset=\"https:\/\/radiorevelacionfm.cl\/wp-content\/uploads\/2021\/12\/Untitled-1-2-2.jpg 1069w, https:\/\/radiorevelacionfm.cl\/wp-content\/uploads\/2021\/12\/Untitled-1-2-2-300x168.jpg 300w, https:\/\/radiorevelacionfm.cl\/wp-content\/uploads\/2021\/12\/Untitled-1-2-2-1030x578.jpg 1030w, https:\/\/radiorevelacionfm.cl\/wp-content\/uploads\/2021\/12\/Untitled-1-2-2-768x431.jpg 768w, https:\/\/radiorevelacionfm.cl\/wp-content\/uploads\/2021\/12\/Untitled-1-2-2-705x396.jpg 705w, https:\/\/radiorevelacionfm.cl\/wp-content\/uploads\/2021\/12\/Untitled-1-2-2-600x337.jpg 600w\" sizes=\"(max-width: 1069px) 100vw, 1069px\" \/><\/div><\/div><\/div><\/div><div class=\"flex_column av_one_full  flex_column_div av-zero-column-padding first  avia-builder-el-2  el_after_av_one_full  el_before_av_one_full  column-top-margin\" style='border-radius:0px; '><section class=\"av_textblock_section \"  itemscope=\"itemscope\" itemtype=\"https:\/\/schema.org\/BlogPosting\" itemprop=\"blogPost\" ><div class='avia_textblock  '   itemprop=\"text\" ><p style=\"text-align: center;\"><span style=\"font-size: 18pt;\"><b>Oportuna denuncia de vecinos permiti\u00f3 a Carabineros de Coyhaique detener a un padre tras agredir a su hija, una lactante de ocho meses de vida<\/b><\/span><\/p>\n<div id=\"gtx-trans\" style=\"position: absolute; left: -50px; top: 4.31534px;\">\n<div class=\"gtx-trans-icon\"><\/div>\n<\/div>\n<\/div><\/section><\/div><div class=\"flex_column av_one_full  flex_column_div av-zero-column-padding first  avia-builder-el-4  el_after_av_one_full  el_before_av_hr  column-top-margin\" style='border-radius:0px; '><section class=\"av_textblock_section \"  itemscope=\"itemscope\" itemtype=\"https:\/\/schema.org\/BlogPosting\" itemprop=\"blogPost\" ><div class='avia_textblock  '   itemprop=\"text\" ><p class=\"v1MsoNormal\" style=\"text-align: justify;\">Dos minutos despu\u00e9s de ocurrida la denuncia al nivel 133, personal de las patrullas motorizadas, detuvo en situaci\u00f3n de flagrancia al sujeto de 30 a\u00f1os de edad, tras este hecho registrado en la v\u00eda p\u00fablica.<\/p>\n<p class=\"v1MsoNormal\" style=\"text-align: justify;\">Tras una oportuna denuncia, motoristas de Carabineros de dotaci\u00f3n de la Primera Comisar\u00eda de Coyhaique, lograron detener a un sujeto de 30 a\u00f1os de edad por agresi\u00f3n a su hija, una lactante de tan solo ocho meses de vida, hecho registrado en la v\u00eda p\u00fablica, en el sector alto de esta ciudad.<\/p>\n<p class=\"v1MsoNormal\" style=\"text-align: justify;\">\u00abEste tipo de procedimientos son bastante delicados y de no mucho gusto. En un tiempo de respuesta muy favorable, los Carabineros motoristas (&#8230;) se constituyeron con un tiempo de respuesta de dos minutos \u2013muy r\u00e1pido- en Circunvalaci\u00f3n con Escuela Agr\u00edcola, donde a ra\u00edz del llamado de las personas que observaron esta situaci\u00f3n, donde un padre de 30 a\u00f1os estaba agrediendo a una lactante de ocho meses, es algo muy poco com\u00fan, muy triste y lamentable a la vez\u00bb, expres\u00f3 el Subcomisario de los Servicios 2 de la Primera Comisar\u00eda de Coyhaique, Capit\u00e1n Luis Alvarado Pinto.<\/p>\n<p class=\"v1MsoNormal\" style=\"text-align: justify;\">El hecho se conoci\u00f3 alrededor de las 11:00 horas en virtud de una informaci\u00f3n otorgada a la Central de Comunicaciones (Cenco) a trav\u00e9s del nivel de emergencias 133. Ante esto, el personal que realizaba patrullajes en las inmediaciones lleg\u00f3 al lugar y en virtud de la informaci\u00f3n y caracter\u00edsticas aportadas, detuvo en forma flagrante a esta persona.<\/p>\n<p class=\"v1MsoNormal\" style=\"text-align: justify;\"><b>Preocupaci\u00f3n especial<\/b><\/p>\n<p class=\"v1MsoNormal\" style=\"text-align: justify;\">Se trata de un individuo quien posee antecedentes penales por seis delitos, tras lo cual el personal motorizado prest\u00f3 el resguardo a la lactante, lugar hasta el cual se traslad\u00f3 una carabinero, con la finalidad de dar el realce y una preocupaci\u00f3n especial \u2013como mujer- concurriendo con personal del Samu, siendo la lactante trasladada al servicio de urgencia del hospital regional para su evaluaci\u00f3n m\u00e9dica y constataci\u00f3n de lesiones.<\/p>\n<p class=\"v1MsoNormal\" style=\"text-align: justify;\">\u00abNo solo la entrega de informaci\u00f3n oportuna en este caso nos sirvi\u00f3 para concretar esta detenci\u00f3n, sino que tambi\u00e9n, las personas que observan un delito o una acci\u00f3n (&#8230;) efectuaron el llamado al nivel 133 y se transforma en informaci\u00f3n que permiti\u00f3 la llegada oportuna de Carabineros, quienes -teniendo claridad de lo que estaba ocurriendo- llegaron de manera muy r\u00e1pida al lugar\u00bb, destac\u00f3 el Oficial.<\/p>\n<p class=\"v1MsoNormal\" style=\"text-align: justify;\">Los antecedentes del procedimiento fueron remitidos a la Fiscal\u00eda que dirige investigaci\u00f3n por este hecho, cuyas motivaciones est\u00e1n siendo indagadas, en tanto que el detenido fue trasladado a la Unidad, el cual ser\u00e1 derivado a la audiencia de control de detenci\u00f3n en las pr\u00f3ximas horas.<\/p>\n<p class=\"v1MsoNormal\" style=\"text-align: justify;\">\u00abNo solo es importante observar lo que est\u00e1 pasando, sino transmitir esa informaci\u00f3n a nosotros y no tomar la justicia por sus manos (&#8230;). A veces las detenciones civiles se producen en forma espont\u00e1nea, pero la obligaci\u00f3n de las personas es dejar que las polic\u00edas act\u00faen, porque somos los encargados \u2013desde el punto de vista legal- de poner a disposici\u00f3n de la justicia a las personas que cometen delito\u00bb, a\u00f1adi\u00f3 el Subcomisario de los Servicios 2 de esta Unidad.<\/p>\n<\/div><\/section><\/div><div  style='height:50px' class='hr hr-invisible   avia-builder-el-6  el_after_av_one_full  el_before_av_social_share '><span class='hr-inner ' ><span class='hr-inner-style'><\/span><\/span><\/div><\/p>\n<div  class='av-social-sharing-box  avia-builder-el-7  el_after_av_hr  el_before_av_hr  '><div class='av-share-box'><h5 class='av-share-link-description av-no-toc '>Compartir esta noticia<\/h5><ul class='av-share-box-list noLightbox'><li class='av-share-link av-social-link-facebook' ><a target=\"_blank\" aria-label=\"Compartir en Facebook\" href='https:\/\/www.facebook.com\/sharer.php?u=https:\/\/radiorevelacionfm.cl\/?p=11824&#038;t=Oportuna%20denuncia%20de%20vecinos%20permiti%C3%B3%20a%20Carabineros%20de%20Coyhaique%20detener%20a%20un%20padre%20tras%20agredir%20a%20su%20hija%2C%20una%20lactante%20de%20ocho%20meses%20de%20vida' aria-hidden='false' data-av_icon='\ue8f3' data-av_iconfont='entypo-fontello' title='' data-avia-related-tooltip='Compartir en Facebook' rel=\"noopener\"><span class='avia_hidden_link_text'>Compartir en Facebook<\/span><\/a><\/li><li class='av-share-link av-social-link-twitter' ><a target=\"_blank\" aria-label=\"Compartir en Twitter\" href='https:\/\/twitter.com\/share?text=Oportuna%20denuncia%20de%20vecinos%20permiti%C3%B3%20a%20Carabineros%20de%20Coyhaique%20detener%20a%20un%20padre%20tras%20agredir%20a%20su%20hija%2C%20una%20lactante%20de%20ocho%20meses%20de%20vida&#038;url=https:\/\/radiorevelacionfm.cl\/?p=11824' aria-hidden='false' data-av_icon='\ue8f1' data-av_iconfont='entypo-fontello' title='' data-avia-related-tooltip='Compartir en Twitter' rel=\"noopener\"><span class='avia_hidden_link_text'>Compartir en Twitter<\/span><\/a><\/li><li class='av-share-link av-social-link-whatsapp' ><a target=\"_blank\" aria-label=\"Compartir en Whatsapp\" href='https:\/\/api.whatsapp.com\/send?text=https:\/\/radiorevelacionfm.cl\/?p=11824' aria-hidden='false' data-av_icon='\uf232' data-av_iconfont='entypo-fontello' title='' data-avia-related-tooltip='Compartir en Whatsapp' rel=\"noopener\"><span class='avia_hidden_link_text'>Compartir en Whatsapp<\/span><\/a><\/li><li class='av-share-link av-social-link-linkedin' ><a target=\"_blank\" aria-label=\"Compartir en LinkedIn\" href='https:\/\/linkedin.com\/shareArticle?mini=true&#038;title=Oportuna%20denuncia%20de%20vecinos%20permiti%C3%B3%20a%20Carabineros%20de%20Coyhaique%20detener%20a%20un%20padre%20tras%20agredir%20a%20su%20hija%2C%20una%20lactante%20de%20ocho%20meses%20de%20vida&#038;url=https:\/\/radiorevelacionfm.cl\/?p=11824' aria-hidden='false' data-av_icon='\ue8fc' data-av_iconfont='entypo-fontello' title='' data-avia-related-tooltip='Compartir en LinkedIn' rel=\"noopener\"><span class='avia_hidden_link_text'>Compartir en LinkedIn<\/span><\/a><\/li><li class='av-share-link av-social-link-mail' ><a  aria-label=\"Compartir por correo\" href='mailto:?subject=Oportuna%20denuncia%20de%20vecinos%20permiti%C3%B3%20a%20Carabineros%20de%20Coyhaique%20detener%20a%20un%20padre%20tras%20agredir%20a%20su%20hija%2C%20una%20lactante%20de%20ocho%20meses%20de%20vida&#038;body=https:\/\/radiorevelacionfm.cl\/?p=11824' aria-hidden='false' data-av_icon='\ue805' data-av_iconfont='entypo-fontello' title='' data-avia-related-tooltip='Compartir por correo'><span class='avia_hidden_link_text'>Compartir por correo<\/span><\/a><\/li><\/ul><\/div><\/div>\n<div  style='height:50px' class='hr hr-invisible   avia-builder-el-8  el_after_av_social_share  el_before_av_comments_list '><span class='hr-inner ' ><span class='hr-inner-style'><\/span><\/span><\/div>\n<div  class='av-buildercomment  av-blog-meta-html-info-disabled av-blog-meta-tag-disabled  '><\/div>\n","protected":false},"excerpt":{"rendered":"","protected":false},"author":1,"featured_media":11825,"comment_status":"open","ping_status":"open","sticky":false,"template":"","format":"standard","meta":{"footnotes":""},"categories":[36],"tags":[],"class_list":["post-11824","post","type-post","status-publish","format-standard","has-post-thumbnail","hentry","category-policial"],"jetpack_featured_media_url":"https:\/\/radiorevelacionfm.cl\/wp-content\/uploads\/2021\/12\/Untitled-1-2-2.jpg","_links":{"self":[{"href":"https:\/\/radiorevelacionfm.cl\/index.php?rest_route=\/wp\/v2\/posts\/11824","targetHints":{"allow":["GET"]}}],"collection":[{"href":"https:\/\/radiorevelacionfm.cl\/index.php?rest_route=\/wp\/v2\/posts"}],"about":[{"href":"https:\/\/radiorevelacionfm.cl\/index.php?rest_route=\/wp\/v2\/types\/post"}],"author":[{"embeddable":true,"href":"https:\/\/radiorevelacionfm.cl\/index.php?rest_route=\/wp\/v2\/users\/1"}],"replies":[{"embeddable":true,"href":"https:\/\/radiorevelacionfm.cl\/index.php?rest_route=%2Fwp%2Fv2%2Fcomments&post=11824"}],"version-history":[{"count":2,"href":"https:\/\/radiorevelacionfm.cl\/index.php?rest_route=\/wp\/v2\/posts\/11824\/revisions"}],"predecessor-version":[{"id":11827,"href":"https:\/\/radiorevelacionfm.cl\/index.php?rest_route=\/wp\/v2\/posts\/11824\/revisions\/11827"}],"wp:featuredmedia":[{"embeddable":true,"href":"https:\/\/radiorevelacionfm.cl\/index.php?rest_route=\/wp\/v2\/media\/11825"}],"wp:attachment":[{"href":"https:\/\/radiorevelacionfm.cl\/index.php?rest_route=%2Fwp%2Fv2%2Fmedia&parent=11824"}],"wp:term":[{"taxonomy":"category","embeddable":true,"href":"https:\/\/radiorevelacionfm.cl\/index.php?rest_route=%2Fwp%2Fv2%2Fcategories&post=11824"},{"taxonomy":"post_tag","embeddable":true,"href":"https:\/\/radiorevelacionfm.cl\/index.php?rest_route=%2Fwp%2Fv2%2Ftags&post=11824"}],"curies":[{"name":"wp","href":"https:\/\/api.w.org\/{rel}","templated":true}]}}