{"id":11819,"date":"2021-12-13T18:20:46","date_gmt":"2021-12-13T21:20:46","guid":{"rendered":"https:\/\/radiorevelacionfm.cl\/?p=11819"},"modified":"2021-12-13T18:20:46","modified_gmt":"2021-12-13T21:20:46","slug":"invitan-a-estudiantes-de-la-comuna-de-aysen-a-participar-de-tiktok-navideno-2021","status":"publish","type":"post","link":"https:\/\/radiorevelacionfm.cl\/?p=11819","title":{"rendered":"Invitan a estudiantes de la comuna de Ays\u00e9n a participar de TikTok Navide\u00f1o 2021"},"content":{"rendered":"<div class=\"flex_column av_one_full  flex_column_div av-zero-column-padding first  avia-builder-el-0  el_before_av_one_full  avia-builder-el-first  \" style='border-radius:0px; '><div  class='avia-image-container  av-styling-    avia-builder-el-1  avia-builder-el-no-sibling  avia-align-center '  itemprop=\"image\" itemscope=\"itemscope\" itemtype=\"https:\/\/schema.org\/ImageObject\"  ><div class='avia-image-container-inner'><div class='avia-image-overlay-wrap'><img decoding=\"async\" class='wp-image-11820 avia-img-lazy-loading-not-11820 avia_image' src=\"https:\/\/radiorevelacionfm.cl\/wp-content\/uploads\/2021\/12\/IMG-20211213-WA0027-2-2.jpg\" alt='' title='IMG-20211213-WA0027-2-2' height=\"600\" width=\"600\"  itemprop=\"thumbnailUrl\" srcset=\"https:\/\/radiorevelacionfm.cl\/wp-content\/uploads\/2021\/12\/IMG-20211213-WA0027-2-2.jpg 600w, https:\/\/radiorevelacionfm.cl\/wp-content\/uploads\/2021\/12\/IMG-20211213-WA0027-2-2-300x300.jpg 300w, https:\/\/radiorevelacionfm.cl\/wp-content\/uploads\/2021\/12\/IMG-20211213-WA0027-2-2-80x80.jpg 80w, https:\/\/radiorevelacionfm.cl\/wp-content\/uploads\/2021\/12\/IMG-20211213-WA0027-2-2-36x36.jpg 36w, https:\/\/radiorevelacionfm.cl\/wp-content\/uploads\/2021\/12\/IMG-20211213-WA0027-2-2-180x180.jpg 180w, https:\/\/radiorevelacionfm.cl\/wp-content\/uploads\/2021\/12\/IMG-20211213-WA0027-2-2-100x100.jpg 100w\" sizes=\"(max-width: 600px) 100vw, 600px\" \/><\/div><\/div><\/div><\/div><div class=\"flex_column av_one_full  flex_column_div av-zero-column-padding first  avia-builder-el-2  el_after_av_one_full  el_before_av_one_full  column-top-margin\" style='border-radius:0px; '><section class=\"av_textblock_section \"  itemscope=\"itemscope\" itemtype=\"https:\/\/schema.org\/BlogPosting\" itemprop=\"blogPost\" ><div class='avia_textblock  '   itemprop=\"text\" ><p style=\"text-align: center;\"><strong><span style=\"font-size: 18pt;\">Invitan a estudiantes de la comuna de Ays\u00e9n a participar de TikTok Navide\u00f1o 2021<\/span><\/strong><\/p>\n<div id=\"gtx-trans\" style=\"position: absolute; left: -50px; top: 4.31534px;\">\n<div class=\"gtx-trans-icon\"><\/div>\n<\/div>\n<\/div><\/section><\/div><div class=\"flex_column av_one_full  flex_column_div av-zero-column-padding first  avia-builder-el-4  el_after_av_one_full  el_before_av_hr  column-top-margin\" style='border-radius:0px; '><section class=\"av_textblock_section \"  itemscope=\"itemscope\" itemtype=\"https:\/\/schema.org\/BlogPosting\" itemprop=\"blogPost\" ><div class='avia_textblock  '   itemprop=\"text\" ><p style=\"text-align: justify;\">Una extensiva invitaci\u00f3n a toda la comunidad estudiantil municipalizada realiz\u00f3 la Direcci\u00f3n de Educaci\u00f3n Municipal de Ays\u00e9n, a trav\u00e9s de la encargada de la Unidad Extraescolar, Cynthia Arra\u00f1o.<\/p>\n<p style=\"text-align: justify;\">Se trata del denominado \u201cTikTok Navide\u00f1o 2021\u201d, concurso que por estos d\u00edas est\u00e1 promocionando el DEM Ays\u00e9n, y que tiene por objetivo congregar a la familia estudiantil alrededor de la festividad que ya se acerca, en una popular plataforma de compartici\u00f3n de videos como es la de tiktok.<\/p>\n<p style=\"text-align: justify;\">As\u00ed lo se\u00f1al\u00f3 la profesional de Educaci\u00f3n, quien invit\u00f3 a todos los alumnos y alumnas de la red de establecimientos educacionales dependientes del DEM. \u201cEsperamos que nos hagan llegar sus videos con sus mejores coreograf\u00edas con tem\u00e1tica navide\u00f1a, en que participen los estudiantes, cualquiera sea su edad. Para nuestros peque\u00f1os en salas cu\u00f1as, jardines infantiles hasta quienes forman parte de la educaci\u00f3n b\u00e1sica y media en nuestras escuelas y liceos, en Villa Ma\u00f1ihuales, Puerto Chacabuco, Puerto Ays\u00e9n e Islas Huichas\u201d.<\/p>\n<p style=\"text-align: justify;\">Hasta las 23.59 horas del jueves 16 de diciembre ser\u00e1 recepcionado el material audiovisual a trav\u00e9s de la p\u00e1gina de facebook @HabilidadesParaLaVidaHPVAys\u00e9n para, posteriormente, definirse qui\u00e9nes resulten ganadores, lo cual ser\u00e1 determinado por votaci\u00f3n popular mediante el n\u00famero de reacciones \u201cme gusta\u201d, \u201cme encanta\u201d y \u201cme divierte\u201d.<\/p>\n<p style=\"text-align: justify;\">Al respecto, Arra\u00f1o Vera agreg\u00f3 que \u201cpor supuesto, en cada video debe participar al menos un integrante de la familia, incluso las mascotas est\u00e1n invitadas a participar, para que no se lo pierdan porque tenemos grandes premios, como es un mini drone para principiantes, para desarrollar actividades al aire libre y conocer nuestra ciudad a trav\u00e9s de las alturas\u201d.<\/p>\n<p style=\"text-align: justify;\">Es que quien obtenga el primer lugar se llevar\u00e1 un Drone DJI Mini SE + kit de \u00fatiles escolares; en tanto, el segundo lugar obtendr\u00e1 un parlante bluethoot + kit de \u00fatiles escolares; y el tercer puesto, aud\u00edfonos de diadema + una mochila del programa Habilidades para la Vida. Premiaci\u00f3n que se llevar\u00e1 a cabo el pr\u00f3ximo mi\u00e9rcoles 22 de diciembre en el marco de la realizaci\u00f3n de la Feria Extraprogram\u00e1tica del DEM en el sector Paseo Mahu\u00e9n, en Puerto Ays\u00e9n.<\/p>\n<\/div><\/section><\/div><div  style='height:50px' class='hr hr-invisible   avia-builder-el-6  el_after_av_one_full  el_before_av_social_share '><span class='hr-inner ' ><span class='hr-inner-style'><\/span><\/span><\/div><\/p>\n<div  class='av-social-sharing-box  avia-builder-el-7  el_after_av_hr  el_before_av_hr  '><div class='av-share-box'><h5 class='av-share-link-description av-no-toc '>Compartir esta noticia<\/h5><ul class='av-share-box-list noLightbox'><li class='av-share-link av-social-link-facebook' ><a target=\"_blank\" aria-label=\"Compartir en Facebook\" href='https:\/\/www.facebook.com\/sharer.php?u=https:\/\/radiorevelacionfm.cl\/?p=11819&#038;t=Invitan%20a%20estudiantes%20de%20la%20comuna%20de%20Ays%C3%A9n%20a%20participar%20de%20TikTok%20Navide%C3%B1o%202021' aria-hidden='false' data-av_icon='\ue8f3' data-av_iconfont='entypo-fontello' title='' data-avia-related-tooltip='Compartir en Facebook' rel=\"noopener\"><span class='avia_hidden_link_text'>Compartir en Facebook<\/span><\/a><\/li><li class='av-share-link av-social-link-twitter' ><a target=\"_blank\" aria-label=\"Compartir en Twitter\" href='https:\/\/twitter.com\/share?text=Invitan%20a%20estudiantes%20de%20la%20comuna%20de%20Ays%C3%A9n%20a%20participar%20de%20TikTok%20Navide%C3%B1o%202021&#038;url=https:\/\/radiorevelacionfm.cl\/?p=11819' aria-hidden='false' data-av_icon='\ue8f1' data-av_iconfont='entypo-fontello' title='' data-avia-related-tooltip='Compartir en Twitter' rel=\"noopener\"><span class='avia_hidden_link_text'>Compartir en Twitter<\/span><\/a><\/li><li class='av-share-link av-social-link-whatsapp' ><a target=\"_blank\" aria-label=\"Compartir en Whatsapp\" href='https:\/\/api.whatsapp.com\/send?text=https:\/\/radiorevelacionfm.cl\/?p=11819' aria-hidden='false' data-av_icon='\uf232' data-av_iconfont='entypo-fontello' title='' data-avia-related-tooltip='Compartir en Whatsapp' rel=\"noopener\"><span class='avia_hidden_link_text'>Compartir en Whatsapp<\/span><\/a><\/li><li class='av-share-link av-social-link-linkedin' ><a target=\"_blank\" aria-label=\"Compartir en LinkedIn\" href='https:\/\/linkedin.com\/shareArticle?mini=true&#038;title=Invitan%20a%20estudiantes%20de%20la%20comuna%20de%20Ays%C3%A9n%20a%20participar%20de%20TikTok%20Navide%C3%B1o%202021&#038;url=https:\/\/radiorevelacionfm.cl\/?p=11819' aria-hidden='false' data-av_icon='\ue8fc' data-av_iconfont='entypo-fontello' title='' data-avia-related-tooltip='Compartir en LinkedIn' rel=\"noopener\"><span class='avia_hidden_link_text'>Compartir en LinkedIn<\/span><\/a><\/li><li class='av-share-link av-social-link-mail' ><a  aria-label=\"Compartir por correo\" href='mailto:?subject=Invitan%20a%20estudiantes%20de%20la%20comuna%20de%20Ays%C3%A9n%20a%20participar%20de%20TikTok%20Navide%C3%B1o%202021&#038;body=https:\/\/radiorevelacionfm.cl\/?p=11819' aria-hidden='false' data-av_icon='\ue805' data-av_iconfont='entypo-fontello' title='' data-avia-related-tooltip='Compartir por correo'><span class='avia_hidden_link_text'>Compartir por correo<\/span><\/a><\/li><\/ul><\/div><\/div>\n<div  style='height:50px' class='hr hr-invisible   avia-builder-el-8  el_after_av_social_share  el_before_av_comments_list '><span class='hr-inner ' ><span class='hr-inner-style'><\/span><\/span><\/div>\n<div  class='av-buildercomment  av-blog-meta-html-info-disabled av-blog-meta-tag-disabled  '><\/div>\n","protected":false},"excerpt":{"rendered":"","protected":false},"author":1,"featured_media":11820,"comment_status":"open","ping_status":"open","sticky":false,"template":"","format":"standard","meta":{"footnotes":""},"categories":[38],"tags":[],"class_list":["post-11819","post","type-post","status-publish","format-standard","has-post-thumbnail","hentry","category-regional"],"jetpack_featured_media_url":"https:\/\/radiorevelacionfm.cl\/wp-content\/uploads\/2021\/12\/IMG-20211213-WA0027-2-2.jpg","_links":{"self":[{"href":"https:\/\/radiorevelacionfm.cl\/index.php?rest_route=\/wp\/v2\/posts\/11819","targetHints":{"allow":["GET"]}}],"collection":[{"href":"https:\/\/radiorevelacionfm.cl\/index.php?rest_route=\/wp\/v2\/posts"}],"about":[{"href":"https:\/\/radiorevelacionfm.cl\/index.php?rest_route=\/wp\/v2\/types\/post"}],"author":[{"embeddable":true,"href":"https:\/\/radiorevelacionfm.cl\/index.php?rest_route=\/wp\/v2\/users\/1"}],"replies":[{"embeddable":true,"href":"https:\/\/radiorevelacionfm.cl\/index.php?rest_route=%2Fwp%2Fv2%2Fcomments&post=11819"}],"version-history":[{"count":2,"href":"https:\/\/radiorevelacionfm.cl\/index.php?rest_route=\/wp\/v2\/posts\/11819\/revisions"}],"predecessor-version":[{"id":11822,"href":"https:\/\/radiorevelacionfm.cl\/index.php?rest_route=\/wp\/v2\/posts\/11819\/revisions\/11822"}],"wp:featuredmedia":[{"embeddable":true,"href":"https:\/\/radiorevelacionfm.cl\/index.php?rest_route=\/wp\/v2\/media\/11820"}],"wp:attachment":[{"href":"https:\/\/radiorevelacionfm.cl\/index.php?rest_route=%2Fwp%2Fv2%2Fmedia&parent=11819"}],"wp:term":[{"taxonomy":"category","embeddable":true,"href":"https:\/\/radiorevelacionfm.cl\/index.php?rest_route=%2Fwp%2Fv2%2Fcategories&post=11819"},{"taxonomy":"post_tag","embeddable":true,"href":"https:\/\/radiorevelacionfm.cl\/index.php?rest_route=%2Fwp%2Fv2%2Ftags&post=11819"}],"curies":[{"name":"wp","href":"https:\/\/api.w.org\/{rel}","templated":true}]}}