{"id":11816,"date":"2021-12-13T19:28:30","date_gmt":"2021-12-13T22:28:30","guid":{"rendered":"https:\/\/radiorevelacionfm.cl\/?p=11816"},"modified":"2021-12-13T19:28:30","modified_gmt":"2021-12-13T22:28:30","slug":"crean-fondo-concursable-destinado-a-mejorar-infraestructura-de-establecimientos-particulares-subvencionados-rurales","status":"publish","type":"post","link":"https:\/\/radiorevelacionfm.cl\/?p=11816","title":{"rendered":"Crean fondo concursable destinado a mejorar infraestructura de establecimientos particulares subvencionados rurales"},"content":{"rendered":"<div class=\"flex_column av_one_full  flex_column_div av-zero-column-padding first  avia-builder-el-0  el_before_av_one_full  avia-builder-el-first  \" style='border-radius:0px; '><div  class='avia-image-container  av-styling-    avia-builder-el-1  avia-builder-el-no-sibling  avia-align-center '  itemprop=\"image\" itemscope=\"itemscope\" itemtype=\"https:\/\/schema.org\/ImageObject\"  ><div class='avia-image-container-inner'><div class='avia-image-overlay-wrap'><img decoding=\"async\" class='wp-image-11817 avia-img-lazy-loading-not-11817 avia_image' src=\"https:\/\/radiorevelacionfm.cl\/wp-content\/uploads\/2021\/12\/Ministro-Raul-Figuroa-2.jpg\" alt='' title='Ministro Ra\u00fal Figuroa-2' height=\"600\" width=\"900\"  itemprop=\"thumbnailUrl\" srcset=\"https:\/\/radiorevelacionfm.cl\/wp-content\/uploads\/2021\/12\/Ministro-Raul-Figuroa-2.jpg 900w, https:\/\/radiorevelacionfm.cl\/wp-content\/uploads\/2021\/12\/Ministro-Raul-Figuroa-2-300x200.jpg 300w, https:\/\/radiorevelacionfm.cl\/wp-content\/uploads\/2021\/12\/Ministro-Raul-Figuroa-2-768x512.jpg 768w, https:\/\/radiorevelacionfm.cl\/wp-content\/uploads\/2021\/12\/Ministro-Raul-Figuroa-2-705x470.jpg 705w, https:\/\/radiorevelacionfm.cl\/wp-content\/uploads\/2021\/12\/Ministro-Raul-Figuroa-2-600x400.jpg 600w\" sizes=\"(max-width: 900px) 100vw, 900px\" \/><\/div><\/div><\/div><\/div><div class=\"flex_column av_one_full  flex_column_div av-zero-column-padding first  avia-builder-el-2  el_after_av_one_full  el_before_av_one_full  column-top-margin\" style='border-radius:0px; '><section class=\"av_textblock_section \"  itemscope=\"itemscope\" itemtype=\"https:\/\/schema.org\/BlogPosting\" itemprop=\"blogPost\" ><div class='avia_textblock  '   itemprop=\"text\" ><h2 class=\"title\" style=\"text-align: center;\"><span style=\"font-size: 18pt;\"><b>Crean fondo concursable destinado a mejorar infraestructura de establecimientos particulares subvencionados rurales<\/b><\/span><\/h2>\n<div id=\"gtx-trans\" style=\"position: absolute; left: -50px; top: 4.31534px;\">\n<div class=\"gtx-trans-icon\"><\/div>\n<\/div>\n<\/div><\/section><\/div><div class=\"flex_column av_one_full  flex_column_div av-zero-column-padding first  avia-builder-el-4  el_after_av_one_full  el_before_av_hr  column-top-margin\" style='border-radius:0px; '><section class=\"av_textblock_section \"  itemscope=\"itemscope\" itemtype=\"https:\/\/schema.org\/BlogPosting\" itemprop=\"blogPost\" ><div class='avia_textblock  '   itemprop=\"text\" ><p class=\"v1MsoNormal\" style=\"text-align: justify;\">Como una forma de apoyar y mejorar las condiciones de infraestructura de los establecimientos particulares subvencionados de zonas rurales del pa\u00eds, el ministro de Educaci\u00f3n, Ra\u00fal Figueroa, anunci\u00f3 durante una visita a la regi\u00f3n de La Araucan\u00eda, la creaci\u00f3n de un fondo concursable que dispondr\u00e1 un total de $2 mil millones para este tipo de establecimientos.<\/p>\n<p class=\"v1MsoNormal\" style=\"text-align: justify;\">Los fondos permitir\u00e1n construir, remodelar o reparar aulas, espacios deportivos o de recreaci\u00f3n, casinos y ba\u00f1os, adem\u00e1s de adquirir equipamiento y mobiliario para mejorar los espacios del recinto y obtener implementos educativos para mejorar el aprendizaje de los alumnos.<\/p>\n<p class=\"v1MsoNormal\" style=\"text-align: justify;\">\u201cTradicionalmente los recursos de infraestructura se entregaban solo a las escuelas municipales o pertenecientes a los Servicios Locales de Educaci\u00f3n, pero con este fondo, por primera vez de manera sistem\u00e1tica, se asignan recursos de mejoras en la infraestructura en la educaci\u00f3n particular subvencionada, en el entendido que son un aporte sustancial para la calidad de nuestra educaci\u00f3n y que es fundamental que el foco de la pol\u00edtica p\u00fablica est\u00e9 en el bienestar de los ni\u00f1os\u201d, remarc\u00f3 el ministro Figueroa, quien agreg\u00f3 que \u201cpara la regi\u00f3n de La Araucan\u00eda en particular es una muy buena noticia porque pr\u00e1cticamente la mitad de las escuelas rurales particulares subvencionados del pa\u00eds est\u00e1n concentradas en esta regi\u00f3n\u201d.<\/p>\n<p class=\"v1MsoNormal\" style=\"text-align: justify;\">La convocatoria, a la que podr\u00e1n postular los m\u00e1s de 700 recintos rurales del pa\u00eds, se iniciar\u00e1 en diciembre y contemplar\u00e1 un financiamiento de entre $75 y $200 millones para los distintos proyectos, y para la priorizaci\u00f3n de las iniciativas se considerar\u00e1n criterios como la matr\u00edcula de procedencia ind\u00edgena, el \u00edndice de vulnerabilidad de los establecimientos y el deterioro de sus instalaciones.<\/p>\n<p class=\"v1MsoNormal\" style=\"text-align: justify;\">En la actividad tambi\u00e9n estuvo presente Eduardo Cur\u00edn, presidente de la Asociaci\u00f3n de Sostenedores Mapuche de Chile (Asoma), que sostuvo encuentros con Mineduc para el desarrollo de esta pol\u00edtica p\u00fablica. \u201cEl anuncio que viene a hacer el ministro a la regi\u00f3n nos alegra bastante. Es un trabajo fruto de lo que hemos venido desarrollando durante mucho tiempo como agrupaci\u00f3n en distintas instancias, donde hemos puesto sobre la mesa la realidad que vive el sector particular subvencionado desde el punto de vista del financiamiento, de lo que son los apoyos que muchas veces vemos pasar por fuera. En muchos casos la infraestructura de nuestras escuelas genera mucha preocupaci\u00f3n y vemos la necesidad de poder hacer mejoras, y estos recursos que se van a adicionar ahora v\u00eda proyectos, sin duda contribuyen a mejorar los espacios educativos y seguir contribuyendo como lo hemos hecho siempre a mejorar la educaci\u00f3n de nuestra regi\u00f3n\u201d.<\/p>\n<p class=\"v1MsoNormal\" style=\"text-align: justify;\"><b>Tradiciones<\/b><\/p>\n<p class=\"v1MsoNormal\" style=\"text-align: justify;\">Durante la visita a la regi\u00f3n, el ministro Figueroa tambi\u00e9n visit\u00f3 la Escuela Roble Huacho, de Temuco, recinto que est\u00e1 inserto entre 14 comunidades mapuches que, adem\u00e1s, representan a un 98% de sus estudiantes. En la oportunidad se realiz\u00f3 un rewe donde se pidi\u00f3 por el bienestar de la comunidad.<\/p>\n<p class=\"v1MsoNormal\" style=\"text-align: justify;\">\u201cEs fundamental la multiculturalidad, para nosotros es sumamente importante que ellos tengan una\u00a0 educaci\u00f3n de calidad, que se les brinden las mismas oportunidades, porque son ni\u00f1os capaces y esta escuela tiene altas expectativas en nuestros estudiantes\u201d, coment\u00f3 Jocelyne Calder\u00f3n, directora del establecimiento.<\/p>\n<p class=\"v1MsoNormal\" style=\"text-align: justify;\">Tambi\u00e9n aprovech\u00f3 de agradecer la creaci\u00f3n de este fondo destinado a las escuelas rurales particulares subvencionadas ya que asegura es \u201cuna oportunidad de poder crecer. Y eso nos tiene contentos y estamos motivados porque va a ser una oportunidad para las escuelas como estas\u201d.<\/p>\n<\/div><\/section><\/div><div  style='height:50px' class='hr hr-invisible   avia-builder-el-6  el_after_av_one_full  el_before_av_social_share '><span class='hr-inner ' ><span class='hr-inner-style'><\/span><\/span><\/div><\/p>\n<div  class='av-social-sharing-box  avia-builder-el-7  el_after_av_hr  el_before_av_hr  '><div class='av-share-box'><h5 class='av-share-link-description av-no-toc '>Compartir esta noticia<\/h5><ul class='av-share-box-list noLightbox'><li class='av-share-link av-social-link-facebook' ><a target=\"_blank\" aria-label=\"Compartir en Facebook\" href='https:\/\/www.facebook.com\/sharer.php?u=https:\/\/radiorevelacionfm.cl\/?p=11816&#038;t=Crean%20fondo%20concursable%20destinado%20a%20mejorar%20infraestructura%20de%20establecimientos%20particulares%20subvencionados%20rurales' aria-hidden='false' data-av_icon='\ue8f3' data-av_iconfont='entypo-fontello' title='' data-avia-related-tooltip='Compartir en Facebook' rel=\"noopener\"><span class='avia_hidden_link_text'>Compartir en Facebook<\/span><\/a><\/li><li class='av-share-link av-social-link-twitter' ><a target=\"_blank\" aria-label=\"Compartir en Twitter\" href='https:\/\/twitter.com\/share?text=Crean%20fondo%20concursable%20destinado%20a%20mejorar%20infraestructura%20de%20establecimientos%20particulares%20subvencionados%20rurales&#038;url=https:\/\/radiorevelacionfm.cl\/?p=11816' aria-hidden='false' data-av_icon='\ue8f1' data-av_iconfont='entypo-fontello' title='' data-avia-related-tooltip='Compartir en Twitter' rel=\"noopener\"><span class='avia_hidden_link_text'>Compartir en Twitter<\/span><\/a><\/li><li class='av-share-link av-social-link-whatsapp' ><a target=\"_blank\" aria-label=\"Compartir en Whatsapp\" href='https:\/\/api.whatsapp.com\/send?text=https:\/\/radiorevelacionfm.cl\/?p=11816' aria-hidden='false' data-av_icon='\uf232' data-av_iconfont='entypo-fontello' title='' data-avia-related-tooltip='Compartir en Whatsapp' rel=\"noopener\"><span class='avia_hidden_link_text'>Compartir en Whatsapp<\/span><\/a><\/li><li class='av-share-link av-social-link-linkedin' ><a target=\"_blank\" aria-label=\"Compartir en LinkedIn\" href='https:\/\/linkedin.com\/shareArticle?mini=true&#038;title=Crean%20fondo%20concursable%20destinado%20a%20mejorar%20infraestructura%20de%20establecimientos%20particulares%20subvencionados%20rurales&#038;url=https:\/\/radiorevelacionfm.cl\/?p=11816' aria-hidden='false' data-av_icon='\ue8fc' data-av_iconfont='entypo-fontello' title='' data-avia-related-tooltip='Compartir en LinkedIn' rel=\"noopener\"><span class='avia_hidden_link_text'>Compartir en LinkedIn<\/span><\/a><\/li><li class='av-share-link av-social-link-mail' ><a  aria-label=\"Compartir por correo\" href='mailto:?subject=Crean%20fondo%20concursable%20destinado%20a%20mejorar%20infraestructura%20de%20establecimientos%20particulares%20subvencionados%20rurales&#038;body=https:\/\/radiorevelacionfm.cl\/?p=11816' aria-hidden='false' data-av_icon='\ue805' data-av_iconfont='entypo-fontello' title='' data-avia-related-tooltip='Compartir por correo'><span class='avia_hidden_link_text'>Compartir por correo<\/span><\/a><\/li><\/ul><\/div><\/div>\n<div  style='height:50px' class='hr hr-invisible   avia-builder-el-8  el_after_av_social_share  el_before_av_comments_list '><span class='hr-inner ' ><span class='hr-inner-style'><\/span><\/span><\/div>\n<div  class='av-buildercomment  av-blog-meta-html-info-disabled av-blog-meta-tag-disabled  '><\/div>\n","protected":false},"excerpt":{"rendered":"","protected":false},"author":1,"featured_media":11817,"comment_status":"open","ping_status":"open","sticky":false,"template":"","format":"standard","meta":{"footnotes":""},"categories":[49],"tags":[],"class_list":["post-11816","post","type-post","status-publish","format-standard","has-post-thumbnail","hentry","category-educacion"],"jetpack_featured_media_url":"https:\/\/radiorevelacionfm.cl\/wp-content\/uploads\/2021\/12\/Ministro-Raul-Figuroa-2.jpg","_links":{"self":[{"href":"https:\/\/radiorevelacionfm.cl\/index.php?rest_route=\/wp\/v2\/posts\/11816","targetHints":{"allow":["GET"]}}],"collection":[{"href":"https:\/\/radiorevelacionfm.cl\/index.php?rest_route=\/wp\/v2\/posts"}],"about":[{"href":"https:\/\/radiorevelacionfm.cl\/index.php?rest_route=\/wp\/v2\/types\/post"}],"author":[{"embeddable":true,"href":"https:\/\/radiorevelacionfm.cl\/index.php?rest_route=\/wp\/v2\/users\/1"}],"replies":[{"embeddable":true,"href":"https:\/\/radiorevelacionfm.cl\/index.php?rest_route=%2Fwp%2Fv2%2Fcomments&post=11816"}],"version-history":[{"count":2,"href":"https:\/\/radiorevelacionfm.cl\/index.php?rest_route=\/wp\/v2\/posts\/11816\/revisions"}],"predecessor-version":[{"id":11823,"href":"https:\/\/radiorevelacionfm.cl\/index.php?rest_route=\/wp\/v2\/posts\/11816\/revisions\/11823"}],"wp:featuredmedia":[{"embeddable":true,"href":"https:\/\/radiorevelacionfm.cl\/index.php?rest_route=\/wp\/v2\/media\/11817"}],"wp:attachment":[{"href":"https:\/\/radiorevelacionfm.cl\/index.php?rest_route=%2Fwp%2Fv2%2Fmedia&parent=11816"}],"wp:term":[{"taxonomy":"category","embeddable":true,"href":"https:\/\/radiorevelacionfm.cl\/index.php?rest_route=%2Fwp%2Fv2%2Fcategories&post=11816"},{"taxonomy":"post_tag","embeddable":true,"href":"https:\/\/radiorevelacionfm.cl\/index.php?rest_route=%2Fwp%2Fv2%2Ftags&post=11816"}],"curies":[{"name":"wp","href":"https:\/\/api.w.org\/{rel}","templated":true}]}}