{"id":11810,"date":"2021-12-13T16:13:09","date_gmt":"2021-12-13T19:13:09","guid":{"rendered":"https:\/\/radiorevelacionfm.cl\/?p=11810"},"modified":"2021-12-13T16:13:09","modified_gmt":"2021-12-13T19:13:09","slug":"inauguran-nueva-oficina-del-registro-civil-en-la-junta","status":"publish","type":"post","link":"https:\/\/radiorevelacionfm.cl\/?p=11810","title":{"rendered":"Inauguran nueva oficina del Registro Civil en La Junta"},"content":{"rendered":"<div class=\"flex_column av_one_full  flex_column_div av-zero-column-padding first  avia-builder-el-0  el_before_av_one_full  avia-builder-el-first  \" style='border-radius:0px; '><div  class='avia-image-container  av-styling-    avia-builder-el-1  avia-builder-el-no-sibling  avia-align-center '  itemprop=\"image\" itemscope=\"itemscope\" itemtype=\"https:\/\/schema.org\/ImageObject\"  ><div class='avia-image-container-inner'><div class='avia-image-overlay-wrap'><img decoding=\"async\" class='wp-image-11811 avia-img-lazy-loading-not-11811 avia_image' src=\"https:\/\/radiorevelacionfm.cl\/wp-content\/uploads\/2021\/12\/INAUGURACION-LA-JUNTA-2-2-2.jpg\" alt='' title='INAUGURACION LA JUNTA 2-2-2' height=\"600\" width=\"800\"  itemprop=\"thumbnailUrl\" srcset=\"https:\/\/radiorevelacionfm.cl\/wp-content\/uploads\/2021\/12\/INAUGURACION-LA-JUNTA-2-2-2.jpg 800w, https:\/\/radiorevelacionfm.cl\/wp-content\/uploads\/2021\/12\/INAUGURACION-LA-JUNTA-2-2-2-300x225.jpg 300w, https:\/\/radiorevelacionfm.cl\/wp-content\/uploads\/2021\/12\/INAUGURACION-LA-JUNTA-2-2-2-768x576.jpg 768w, https:\/\/radiorevelacionfm.cl\/wp-content\/uploads\/2021\/12\/INAUGURACION-LA-JUNTA-2-2-2-705x529.jpg 705w, https:\/\/radiorevelacionfm.cl\/wp-content\/uploads\/2021\/12\/INAUGURACION-LA-JUNTA-2-2-2-600x450.jpg 600w\" sizes=\"(max-width: 800px) 100vw, 800px\" \/><\/div><\/div><\/div><\/div><div class=\"flex_column av_one_full  flex_column_div av-zero-column-padding first  avia-builder-el-2  el_after_av_one_full  el_before_av_one_full  column-top-margin\" style='border-radius:0px; '><section class=\"av_textblock_section \"  itemscope=\"itemscope\" itemtype=\"https:\/\/schema.org\/BlogPosting\" itemprop=\"blogPost\" ><div class='avia_textblock  '   itemprop=\"text\" ><p style=\"text-align: center;\"><span style=\"font-size: 18pt;\"><strong>Inauguran nueva oficina del Registro Civil en La Junta <\/strong><\/span><\/p>\n<div id=\"gtx-trans\" style=\"position: absolute; left: -50px; top: 4.31534px;\">\n<div class=\"gtx-trans-icon\"><\/div>\n<\/div>\n<\/div><\/section><\/div><div class=\"flex_column av_one_full  flex_column_div av-zero-column-padding first  avia-builder-el-4  el_after_av_one_full  el_before_av_hr  column-top-margin\" style='border-radius:0px; '><section class=\"av_textblock_section \"  itemscope=\"itemscope\" itemtype=\"https:\/\/schema.org\/BlogPosting\" itemprop=\"blogPost\" ><div class='avia_textblock  '   itemprop=\"text\" ><p style=\"text-align: justify;\">Con la presencia del Seremi de Justicia y DD.HH Luis Prieto, el Alcalde de la comuna de Cisnes Francisco Roncagliolo, el Director Regional del Servicio de Registro Civil e Identificaci\u00f3n Rodrigo Aguilera, concejales y representantes de la comunidad, se llev\u00f3 a cabo el pasado s\u00e1bado la ceremonia de inauguraci\u00f3n de las nuevas dependencias del Registro Civil e Identificaci\u00f3n en la localidad de La Junta.<\/p>\n<p style=\"text-align: justify;\">Con una inversi\u00f3n superior a los 60 millones de pesos y un trabajo coordinado entre el Registro Civil y la Municipalidad de Cisnes, quienes facilitaron un terreno e inmueble existente permitiendo con ello la habilitaci\u00f3n y relocalizaci\u00f3n del mismo, trabajo que se inici\u00f3 en septiembre pasado, y que en una superficie estimada de 96,4 M2 dise\u00f1ados de acuerdo al nuevo est\u00e1ndar del servicio para las oficinas de atenci\u00f3n al p\u00fablico, distribuidos en un hall de espera, una sala de ceremonias, equipos y mobiliario nuevo, rampa de acceso y servicios sanitarios dise\u00f1ados en virtud del cumplimiento del DS N\u00b050 de Accesibilidad Universal.<\/p>\n<p style=\"text-align: justify;\">Respecto a la inauguraci\u00f3n de esta nueva oficina, el alcalde de la comuna de Cisnes Francisco Roncagliolo indic\u00f3 \u201cestoy muy contento por este logro para la comunidad, hace un tiempo atr\u00e1s estuvimos inaugurando la oficina de Puyuhuapi, lo que signific\u00f3 una transformaci\u00f3n muy profunda de lo que es acceder a un servicio que nos acompa\u00f1a desde que uno nace hasta que se muere, est\u00e1 el registro de toda nuestra vida de una u otra forma, y por lo mismo un servicio que es muy importante para cada uno de nosotros, hoy estamos en la oficina de la localidad de La Junta, una oficina que cumple con los est\u00e1ndares necesarios no solamente de accesibilidad, sino que tambi\u00e9n cumple con los est\u00e1ndares necesarios de calidad para la atenci\u00f3n como lo merecen nuestros vecinos y sobre todo de calidad de trabajo para nuestra oficial civil, se logr\u00f3 cumplir un sue\u00f1o muy anhelado para toda nuestra comunidad\u201d.<\/p>\n<p style=\"text-align: justify;\">En tanto, el Seremi de Justicia y DD.HH Luis Prieto manifest\u00f3 que \u201cestamos terminando este 2021 de igual forma como terminamos el 2020 inaugurando la oficina de Puyuhuapi una oficina totalmente reacondicionada, y hoy en La Junta ponemos a disposici\u00f3n esta oficina de alto nivel para todos los habitantes de la localidad, la cual es fruto del trabajo colaborativo que se ha desarrollado con el Municipio, en donde se han sumado voluntades para llegar a puerto en corto plazo, lo cual demuestra que la mejor forma de avanzar es colaborativamente y con un sentido de descentralizaci\u00f3n, ya que se han dispuesto recursos sectoriales hacia las localidades, y en ese sentido el Registro Civil ha sido un ejemplo, mejorando el est\u00e1ndar de distintas oficinas a nivel regional\u201d.<\/p>\n<p style=\"text-align: justify;\">Finalmente, el Director Regional del Registro Civil e Identificaci\u00f3n, Rodrigo Aguilera \u00a0explic\u00f3 que \u201csolo me resta agradecer al alcalde qui\u00e9n tuvo la disposici\u00f3n y la voluntad de acudir al llamado de nuestra oficial civil con la idea de poder mejorar las condiciones de trabajo para ella y de atenci\u00f3n para sus usuarios, lo que hoy es una realidad, dado que estamos inaugurando y entregando a la comunidad estas nuevas dependencias, que cuentan con todos los espacios que tienen las oficinas a nivel nacional\u201d.<\/p>\n<\/div><\/section><\/div><div  style='height:50px' class='hr hr-invisible   avia-builder-el-6  el_after_av_one_full  el_before_av_social_share '><span class='hr-inner ' ><span class='hr-inner-style'><\/span><\/span><\/div><\/p>\n<div  class='av-social-sharing-box  avia-builder-el-7  el_after_av_hr  el_before_av_hr  '><div class='av-share-box'><h5 class='av-share-link-description av-no-toc '>Compartir esta noticia<\/h5><ul class='av-share-box-list noLightbox'><li class='av-share-link av-social-link-facebook' ><a target=\"_blank\" aria-label=\"Compartir en Facebook\" href='https:\/\/www.facebook.com\/sharer.php?u=https:\/\/radiorevelacionfm.cl\/?p=11810&#038;t=Inauguran%20nueva%20oficina%20del%20Registro%20Civil%20en%20La%20Junta' aria-hidden='false' data-av_icon='\ue8f3' data-av_iconfont='entypo-fontello' title='' data-avia-related-tooltip='Compartir en Facebook' rel=\"noopener\"><span class='avia_hidden_link_text'>Compartir en Facebook<\/span><\/a><\/li><li class='av-share-link av-social-link-twitter' ><a target=\"_blank\" aria-label=\"Compartir en Twitter\" href='https:\/\/twitter.com\/share?text=Inauguran%20nueva%20oficina%20del%20Registro%20Civil%20en%20La%20Junta&#038;url=https:\/\/radiorevelacionfm.cl\/?p=11810' aria-hidden='false' data-av_icon='\ue8f1' data-av_iconfont='entypo-fontello' title='' data-avia-related-tooltip='Compartir en Twitter' rel=\"noopener\"><span class='avia_hidden_link_text'>Compartir en Twitter<\/span><\/a><\/li><li class='av-share-link av-social-link-whatsapp' ><a target=\"_blank\" aria-label=\"Compartir en Whatsapp\" href='https:\/\/api.whatsapp.com\/send?text=https:\/\/radiorevelacionfm.cl\/?p=11810' aria-hidden='false' data-av_icon='\uf232' data-av_iconfont='entypo-fontello' title='' data-avia-related-tooltip='Compartir en Whatsapp' rel=\"noopener\"><span class='avia_hidden_link_text'>Compartir en Whatsapp<\/span><\/a><\/li><li class='av-share-link av-social-link-linkedin' ><a target=\"_blank\" aria-label=\"Compartir en LinkedIn\" href='https:\/\/linkedin.com\/shareArticle?mini=true&#038;title=Inauguran%20nueva%20oficina%20del%20Registro%20Civil%20en%20La%20Junta&#038;url=https:\/\/radiorevelacionfm.cl\/?p=11810' aria-hidden='false' data-av_icon='\ue8fc' data-av_iconfont='entypo-fontello' title='' data-avia-related-tooltip='Compartir en LinkedIn' rel=\"noopener\"><span class='avia_hidden_link_text'>Compartir en LinkedIn<\/span><\/a><\/li><li class='av-share-link av-social-link-mail' ><a  aria-label=\"Compartir por correo\" href='mailto:?subject=Inauguran%20nueva%20oficina%20del%20Registro%20Civil%20en%20La%20Junta&#038;body=https:\/\/radiorevelacionfm.cl\/?p=11810' aria-hidden='false' data-av_icon='\ue805' data-av_iconfont='entypo-fontello' title='' data-avia-related-tooltip='Compartir por correo'><span class='avia_hidden_link_text'>Compartir por correo<\/span><\/a><\/li><\/ul><\/div><\/div>\n<div  style='height:50px' class='hr hr-invisible   avia-builder-el-8  el_after_av_social_share  el_before_av_comments_list '><span class='hr-inner ' ><span class='hr-inner-style'><\/span><\/span><\/div>\n<div  class='av-buildercomment  av-blog-meta-html-info-disabled av-blog-meta-tag-disabled  '><\/div>\n","protected":false},"excerpt":{"rendered":"","protected":false},"author":1,"featured_media":11811,"comment_status":"open","ping_status":"open","sticky":false,"template":"","format":"standard","meta":{"footnotes":""},"categories":[38],"tags":[],"class_list":["post-11810","post","type-post","status-publish","format-standard","has-post-thumbnail","hentry","category-regional"],"jetpack_featured_media_url":"https:\/\/radiorevelacionfm.cl\/wp-content\/uploads\/2021\/12\/INAUGURACION-LA-JUNTA-2-2-2.jpg","_links":{"self":[{"href":"https:\/\/radiorevelacionfm.cl\/index.php?rest_route=\/wp\/v2\/posts\/11810","targetHints":{"allow":["GET"]}}],"collection":[{"href":"https:\/\/radiorevelacionfm.cl\/index.php?rest_route=\/wp\/v2\/posts"}],"about":[{"href":"https:\/\/radiorevelacionfm.cl\/index.php?rest_route=\/wp\/v2\/types\/post"}],"author":[{"embeddable":true,"href":"https:\/\/radiorevelacionfm.cl\/index.php?rest_route=\/wp\/v2\/users\/1"}],"replies":[{"embeddable":true,"href":"https:\/\/radiorevelacionfm.cl\/index.php?rest_route=%2Fwp%2Fv2%2Fcomments&post=11810"}],"version-history":[{"count":2,"href":"https:\/\/radiorevelacionfm.cl\/index.php?rest_route=\/wp\/v2\/posts\/11810\/revisions"}],"predecessor-version":[{"id":11815,"href":"https:\/\/radiorevelacionfm.cl\/index.php?rest_route=\/wp\/v2\/posts\/11810\/revisions\/11815"}],"wp:featuredmedia":[{"embeddable":true,"href":"https:\/\/radiorevelacionfm.cl\/index.php?rest_route=\/wp\/v2\/media\/11811"}],"wp:attachment":[{"href":"https:\/\/radiorevelacionfm.cl\/index.php?rest_route=%2Fwp%2Fv2%2Fmedia&parent=11810"}],"wp:term":[{"taxonomy":"category","embeddable":true,"href":"https:\/\/radiorevelacionfm.cl\/index.php?rest_route=%2Fwp%2Fv2%2Fcategories&post=11810"},{"taxonomy":"post_tag","embeddable":true,"href":"https:\/\/radiorevelacionfm.cl\/index.php?rest_route=%2Fwp%2Fv2%2Ftags&post=11810"}],"curies":[{"name":"wp","href":"https:\/\/api.w.org\/{rel}","templated":true}]}}