{"id":11807,"date":"2021-12-13T15:45:32","date_gmt":"2021-12-13T18:45:32","guid":{"rendered":"https:\/\/radiorevelacionfm.cl\/?p=11807"},"modified":"2021-12-13T20:53:46","modified_gmt":"2021-12-13T23:53:46","slug":"calisto-pide-al-gobierno-crear-ife-permanente-para-adultos-mayores-y-personas-en-situacion-de-discapacidad","status":"publish","type":"post","link":"https:\/\/radiorevelacionfm.cl\/?p=11807","title":{"rendered":"Calisto pide al Gobierno crear IFE permanente para adultos mayores y personas en situaci\u00f3n de discapacidad"},"content":{"rendered":"<div class=\"flex_column av_one_full  flex_column_div av-zero-column-padding first  avia-builder-el-0  el_before_av_one_full  avia-builder-el-first  \" style='border-radius:0px; '><div  class='avia-image-container  av-styling-    avia-builder-el-1  avia-builder-el-no-sibling  avia-align-center '  itemprop=\"image\" itemscope=\"itemscope\" itemtype=\"https:\/\/schema.org\/ImageObject\"  ><div class='avia-image-container-inner'><div class='avia-image-overlay-wrap'><img decoding=\"async\" class='wp-image-5120 avia-img-lazy-loading-not-5120 avia_image' src=\"https:\/\/radiorevelacionfm.cl\/wp-content\/uploads\/2021\/06\/calisto-3-1-1.jpg\" alt='' title='calisto 3 (1) (1)' height=\"590\" width=\"846\"  itemprop=\"thumbnailUrl\" srcset=\"https:\/\/radiorevelacionfm.cl\/wp-content\/uploads\/2021\/06\/calisto-3-1-1.jpg 846w, https:\/\/radiorevelacionfm.cl\/wp-content\/uploads\/2021\/06\/calisto-3-1-1-300x209.jpg 300w, https:\/\/radiorevelacionfm.cl\/wp-content\/uploads\/2021\/06\/calisto-3-1-1-768x536.jpg 768w, https:\/\/radiorevelacionfm.cl\/wp-content\/uploads\/2021\/06\/calisto-3-1-1-705x492.jpg 705w, https:\/\/radiorevelacionfm.cl\/wp-content\/uploads\/2021\/06\/calisto-3-1-1-600x418.jpg 600w\" sizes=\"(max-width: 846px) 100vw, 846px\" \/><\/div><\/div><\/div><\/div>\n<div class=\"flex_column av_one_full  flex_column_div av-zero-column-padding first  avia-builder-el-2  el_after_av_one_full  el_before_av_one_full  column-top-margin\" style='border-radius:0px; '><section class=\"av_textblock_section \"  itemscope=\"itemscope\" itemtype=\"https:\/\/schema.org\/BlogPosting\" itemprop=\"blogPost\" ><div class='avia_textblock  '   itemprop=\"text\" ><h2 class=\"title\" style=\"text-align: center;\"><b><span lang=\"ES\">Calisto pide al Gobierno crear IFE permanente para adultos mayores y personas en situaci\u00f3n de discapacidad<\/span><\/b><\/h2>\n<div id=\"gtx-trans\" style=\"position: absolute; left: -50px; top: 4.31534px;\">\n<div class=\"gtx-trans-icon\"><\/div>\n<\/div>\n<\/div><\/section><\/div>\n<div class=\"flex_column av_one_full  flex_column_div av-zero-column-padding first  avia-builder-el-4  el_after_av_one_full  el_before_av_hr  column-top-margin\" style='border-radius:0px; '><section class=\"av_textblock_section \"  itemscope=\"itemscope\" itemtype=\"https:\/\/schema.org\/BlogPosting\" itemprop=\"blogPost\" ><div class='avia_textblock  '   itemprop=\"text\" ><p style=\"text-align: justify;\">Luego de la confirmaci\u00f3n por parte del Gobierno de que no presentar\u00e1 una nueva propuesta para extender el Bono IFE Universal hasta marzo y en el marco del anuncio del proyecto de Pensi\u00f3n Garantizada Universal, el diputado Miguel \u00c1ngel Calisto inst\u00f3 al ejecutivo a crear un beneficio especial para los adultos mayores y personas en situaci\u00f3n de discapacidad, por lo que adelant\u00f3 la presentaci\u00f3n de un proyecto de resoluci\u00f3n en esta l\u00ednea.<\/p>\n<p style=\"text-align: justify;\">Seg\u00fan el legislador, \u201ces lamentable que no se pueda continuar con el IFE Universal, porque a\u00fan muchas familias no han podido salir de las deudas y las p\u00e9rdidas que tuvieron durante los meses m\u00e1s duros de la pandemia. Hay personas que est\u00e1n en una situaci\u00f3n cr\u00edtica, como adultos mayores con pensiones miserables que apenas pueden vivir el d\u00eda a d\u00eda o personas en situaci\u00f3n de discapacidad que no han podido y muchos no podr\u00e1n volver a trabajar\u00bb<\/p>\n<p style=\"text-align: justify;\">\u201cAnte esto, es fundamental que el Gobierno y el parlamento garanticen seguridad social, por lo que el llamado es a que se cree un beneficio para los adultos mayores y las personas en situaci\u00f3n de discapacidad, el que debiera tener car\u00e1cter de complementario y permanente. Este apoyo deber\u00eda ser una pol\u00edtica p\u00fablica\u201d, indic\u00f3 el diputado.<\/p>\n<p style=\"text-align: justify;\">Con respecto a los montos, el legislador DC indic\u00f3 que \u201cla idea es que ninguna persona reciba menos del Ingreso M\u00ednimo. Es por esto que quienes tengan pensiones b\u00e1sicas, puedan recibir el dinero que falta para completar los $337.000. Si una persona en situaci\u00f3n de invalidez, por ejemplo, recibe la pensi\u00f3n b\u00e1sica de invalidez equivalente a $164.000, le podr\u00eda corresponder un IFE de $173.000\u201d.<\/p>\n<p style=\"text-align: justify;\">Finalmente, Miguel \u00c1ngel Calisto afirm\u00f3 que \u201cpor estos motivos, presentar\u00e9 un proyecto de resoluci\u00f3n pidiendo formalmente que el Gobierno considere la creaci\u00f3n de este beneficio. Creo que podr\u00eda ser transversal el apoyo de las dem\u00e1s bancadas, porque se trata de un tema muy sensible que afecta a quienes lo siguen pasando mal por la crisis sanitaria\u201d.<\/p>\n<\/div><\/section><\/div><div  style='height:50px' class='hr hr-invisible   avia-builder-el-6  el_after_av_one_full  el_before_av_social_share '><span class='hr-inner ' ><span class='hr-inner-style'><\/span><\/span><\/div><\/p>\n<div  class='av-social-sharing-box  avia-builder-el-7  el_after_av_hr  el_before_av_hr  '><div class='av-share-box'><h5 class='av-share-link-description av-no-toc '>Compartir esta noticia<\/h5><ul class='av-share-box-list noLightbox'><li class='av-share-link av-social-link-facebook' ><a target=\"_blank\" aria-label=\"Compartir en Facebook\" href='https:\/\/www.facebook.com\/sharer.php?u=https:\/\/radiorevelacionfm.cl\/?p=11807&#038;t=Calisto%20pide%20al%20Gobierno%20crear%20IFE%20permanente%20para%20adultos%20mayores%20y%20personas%20en%20situaci%C3%B3n%20de%20discapacidad' aria-hidden='false' data-av_icon='\ue8f3' data-av_iconfont='entypo-fontello' title='' data-avia-related-tooltip='Compartir en Facebook' rel=\"noopener\"><span class='avia_hidden_link_text'>Compartir en Facebook<\/span><\/a><\/li><li class='av-share-link av-social-link-twitter' ><a target=\"_blank\" aria-label=\"Compartir en Twitter\" href='https:\/\/twitter.com\/share?text=Calisto%20pide%20al%20Gobierno%20crear%20IFE%20permanente%20para%20adultos%20mayores%20y%20personas%20en%20situaci%C3%B3n%20de%20discapacidad&#038;url=https:\/\/radiorevelacionfm.cl\/?p=11807' aria-hidden='false' data-av_icon='\ue8f1' data-av_iconfont='entypo-fontello' title='' data-avia-related-tooltip='Compartir en Twitter' rel=\"noopener\"><span class='avia_hidden_link_text'>Compartir en Twitter<\/span><\/a><\/li><li class='av-share-link av-social-link-whatsapp' ><a target=\"_blank\" aria-label=\"Compartir en Whatsapp\" href='https:\/\/api.whatsapp.com\/send?text=https:\/\/radiorevelacionfm.cl\/?p=11807' aria-hidden='false' data-av_icon='\uf232' data-av_iconfont='entypo-fontello' title='' data-avia-related-tooltip='Compartir en Whatsapp' rel=\"noopener\"><span class='avia_hidden_link_text'>Compartir en Whatsapp<\/span><\/a><\/li><li class='av-share-link av-social-link-linkedin' ><a target=\"_blank\" aria-label=\"Compartir en LinkedIn\" href='https:\/\/linkedin.com\/shareArticle?mini=true&#038;title=Calisto%20pide%20al%20Gobierno%20crear%20IFE%20permanente%20para%20adultos%20mayores%20y%20personas%20en%20situaci%C3%B3n%20de%20discapacidad&#038;url=https:\/\/radiorevelacionfm.cl\/?p=11807' aria-hidden='false' data-av_icon='\ue8fc' data-av_iconfont='entypo-fontello' title='' data-avia-related-tooltip='Compartir en LinkedIn' rel=\"noopener\"><span class='avia_hidden_link_text'>Compartir en LinkedIn<\/span><\/a><\/li><li class='av-share-link av-social-link-mail' ><a  aria-label=\"Compartir por correo\" href='mailto:?subject=Calisto%20pide%20al%20Gobierno%20crear%20IFE%20permanente%20para%20adultos%20mayores%20y%20personas%20en%20situaci%C3%B3n%20de%20discapacidad&#038;body=https:\/\/radiorevelacionfm.cl\/?p=11807' aria-hidden='false' data-av_icon='\ue805' data-av_iconfont='entypo-fontello' title='' data-avia-related-tooltip='Compartir por correo'><span class='avia_hidden_link_text'>Compartir por correo<\/span><\/a><\/li><\/ul><\/div><\/div>\n<div  style='height:50px' class='hr hr-invisible   avia-builder-el-8  el_after_av_social_share  el_before_av_comments_list '><span class='hr-inner ' ><span class='hr-inner-style'><\/span><\/span><\/div>\n<div  class='av-buildercomment  av-blog-meta-html-info-disabled av-blog-meta-tag-disabled  '><\/div>\n","protected":false},"excerpt":{"rendered":"","protected":false},"author":1,"featured_media":5120,"comment_status":"open","ping_status":"open","sticky":false,"template":"","format":"standard","meta":{"footnotes":""},"categories":[35],"tags":[],"class_list":["post-11807","post","type-post","status-publish","format-standard","has-post-thumbnail","hentry","category-politica"],"jetpack_featured_media_url":"https:\/\/radiorevelacionfm.cl\/wp-content\/uploads\/2021\/06\/calisto-3-1-1.jpg","_links":{"self":[{"href":"https:\/\/radiorevelacionfm.cl\/index.php?rest_route=\/wp\/v2\/posts\/11807","targetHints":{"allow":["GET"]}}],"collection":[{"href":"https:\/\/radiorevelacionfm.cl\/index.php?rest_route=\/wp\/v2\/posts"}],"about":[{"href":"https:\/\/radiorevelacionfm.cl\/index.php?rest_route=\/wp\/v2\/types\/post"}],"author":[{"embeddable":true,"href":"https:\/\/radiorevelacionfm.cl\/index.php?rest_route=\/wp\/v2\/users\/1"}],"replies":[{"embeddable":true,"href":"https:\/\/radiorevelacionfm.cl\/index.php?rest_route=%2Fwp%2Fv2%2Fcomments&post=11807"}],"version-history":[{"count":3,"href":"https:\/\/radiorevelacionfm.cl\/index.php?rest_route=\/wp\/v2\/posts\/11807\/revisions"}],"predecessor-version":[{"id":11828,"href":"https:\/\/radiorevelacionfm.cl\/index.php?rest_route=\/wp\/v2\/posts\/11807\/revisions\/11828"}],"wp:featuredmedia":[{"embeddable":true,"href":"https:\/\/radiorevelacionfm.cl\/index.php?rest_route=\/wp\/v2\/media\/5120"}],"wp:attachment":[{"href":"https:\/\/radiorevelacionfm.cl\/index.php?rest_route=%2Fwp%2Fv2%2Fmedia&parent=11807"}],"wp:term":[{"taxonomy":"category","embeddable":true,"href":"https:\/\/radiorevelacionfm.cl\/index.php?rest_route=%2Fwp%2Fv2%2Fcategories&post=11807"},{"taxonomy":"post_tag","embeddable":true,"href":"https:\/\/radiorevelacionfm.cl\/index.php?rest_route=%2Fwp%2Fv2%2Ftags&post=11807"}],"curies":[{"name":"wp","href":"https:\/\/api.w.org\/{rel}","templated":true}]}}