{"id":11802,"date":"2021-12-13T15:26:15","date_gmt":"2021-12-13T18:26:15","guid":{"rendered":"https:\/\/radiorevelacionfm.cl\/?p=11802"},"modified":"2021-12-13T15:34:05","modified_gmt":"2021-12-13T18:34:05","slug":"alcalde-cisnes-y-presupuesto-2022-concejales-de-oposicion-querian-dar-la-espalda-a-los-trabajadores-frenar-el-avance-y-beneficios-sociales-a-la-comunidad","status":"publish","type":"post","link":"https:\/\/radiorevelacionfm.cl\/?p=11802","title":{"rendered":"Alcalde Cisnes y presupuesto 2022: \u201cConcejales de Oposici\u00f3n quer\u00edan dar la espalda a los trabajadores, frenar el avance y beneficios sociales a la comunidad\u201d"},"content":{"rendered":"<div class=\"flex_column av_one_full  flex_column_div av-zero-column-padding first  avia-builder-el-0  el_before_av_one_full  avia-builder-el-first  \" style='border-radius:0px; '><div  class='avia-image-container  av-styling-    avia-builder-el-1  avia-builder-el-no-sibling  avia-align-center '  itemprop=\"image\" itemscope=\"itemscope\" itemtype=\"https:\/\/schema.org\/ImageObject\"  ><div class='avia-image-container-inner'><div class='avia-image-overlay-wrap'><img decoding=\"async\" class='wp-image-11803 avia-img-lazy-loading-not-11803 avia_image' src=\"https:\/\/radiorevelacionfm.cl\/wp-content\/uploads\/2021\/12\/CISNES1-2-2.jpg\" alt='' title='CISNES1-2-2' height=\"600\" width=\"1304\"  itemprop=\"thumbnailUrl\" srcset=\"https:\/\/radiorevelacionfm.cl\/wp-content\/uploads\/2021\/12\/CISNES1-2-2.jpg 1304w, https:\/\/radiorevelacionfm.cl\/wp-content\/uploads\/2021\/12\/CISNES1-2-2-300x138.jpg 300w, https:\/\/radiorevelacionfm.cl\/wp-content\/uploads\/2021\/12\/CISNES1-2-2-1030x474.jpg 1030w, https:\/\/radiorevelacionfm.cl\/wp-content\/uploads\/2021\/12\/CISNES1-2-2-768x353.jpg 768w, https:\/\/radiorevelacionfm.cl\/wp-content\/uploads\/2021\/12\/CISNES1-2-2-705x324.jpg 705w, https:\/\/radiorevelacionfm.cl\/wp-content\/uploads\/2021\/12\/CISNES1-2-2-600x276.jpg 600w\" sizes=\"(max-width: 1304px) 100vw, 1304px\" \/><\/div><\/div><\/div><\/div>\n<div class=\"flex_column av_one_full  flex_column_div av-zero-column-padding first  avia-builder-el-2  el_after_av_one_full  el_before_av_one_full  column-top-margin\" style='border-radius:0px; '><section class=\"av_textblock_section \"  itemscope=\"itemscope\" itemtype=\"https:\/\/schema.org\/BlogPosting\" itemprop=\"blogPost\" ><div class='avia_textblock  '   itemprop=\"text\" ><p style=\"text-align: center;\"><strong><span style=\"font-size: 18pt;\">Alcalde Cisnes y presupuesto 2022: \u201cConcejales de Oposici\u00f3n quer\u00edan dar la espalda a los trabajadores, frenar el avance y beneficios sociales a la comunidad\u201d<\/span><\/strong><\/p>\n<div id=\"gtx-trans\" style=\"position: absolute; left: -50px; top: 4.31534px;\">\n<div class=\"gtx-trans-icon\"><\/div>\n<\/div>\n<\/div><\/section><\/div><div class=\"flex_column av_one_full  flex_column_div av-zero-column-padding first  avia-builder-el-4  el_after_av_one_full  el_before_av_hr  column-top-margin\" style='border-radius:0px; '><section class=\"av_textblock_section \"  itemscope=\"itemscope\" itemtype=\"https:\/\/schema.org\/BlogPosting\" itemprop=\"blogPost\" ><div class='avia_textblock  '   itemprop=\"text\" ><p style=\"text-align: justify;\">En la \u00faltima sesi\u00f3n del Concejo Municipal de Cisnes, correspondi\u00f3 la votaci\u00f3n del presupuesto 2022, oportunidad en la que se esperaba que el respaldo sea un\u00e1nime a los recursos que permiten el funcionamiento de la casa edilicia, pago de remuneraciones a los funcionarios, funcionamiento de los distintos departamentos, entrega de ayudas sociales y programas en beneficio de la comunidad, son algunas de las cosas que permiten estos recursos.<\/p>\n<p style=\"text-align: justify;\">Sin embargo y al parecer basados \u00fanica y exclusivamente en diferencias pol\u00edticas, los tres Concejales de oposici\u00f3n, Francisco Abarca Arap, Carlos Vald\u00e9s Anti\u00f1anco y Almendra Silva Millalonco, votaron en contra del presupuesto municipal y de educaci\u00f3n para el pr\u00f3ximo a\u00f1o. Un hecho que fue criticado por el Alcalde, Francisco Roncagliolo Lepio, ya que con esto, \u201cdan la espalda a los trabajadores y trabajadoras, de igual forma, pretenden frenar el avance de la comuna\u201d, indic\u00f3.<\/p>\n<p style=\"text-align: justify;\">\u201cPodemos tener diferencias pol\u00edticas, no podemos estar de acuerdo en muchas cosas pero aqu\u00ed se votaba algo muy importante para el a\u00f1o 2022. Se votaban los recursos para el pago de sueldos de funcionarios municipales, profesores y asistentes de la educaci\u00f3n, las ayudas sociales a los adultos mayores, las ayudas sociales que entregamos siempre a la comunidad que lo requiere, el pago de la beca municipal para los m\u00e1s de 200 estudiantes que van a educaci\u00f3n superior, el apoyo al mundo campesino a trav\u00e9s de caminos intraprediales o entrega de coset\u00e1n, el apoyo a las organizaciones sociales, deportivas o culturales, los recursos para el correcto funcionamiento de los siete establecimientos educacionales de la comuna, e incluso el pago de sus propios sueldos como concejales y optaron estos tres concejales por rechazar la propuesta\u201d.<\/p>\n<p style=\"text-align: justify;\">A pesar de este actuar negativo de tres Concejales de oposici\u00f3n, el Alcalde Roncagliolo, destac\u00f3 el respaldo al presupuesto 2022 de los Concejales Ximena Ar\u00e9valo Soto, Larry Letcher Mercier y Cristian Jaramillo Pineda, quienes, en bien de la comunidad, el normal funcionamiento de la Municipalidad y los trabajadores, dieron su voto positivo, lo que finalmente permiti\u00f3 dar por aprobado el presupuesto.<\/p>\n<p style=\"text-align: justify;\">La concejala Ximena Ar\u00e9valo Soto, se refiri\u00f3 a la discusi\u00f3n y aprobaci\u00f3n del presupuesto \u201cComo concejo ten\u00edamos la informaci\u00f3n suficiente y con tiempo para cumplir con la Ley y aprobar esta fundamental herramienta de gesti\u00f3n para el a\u00f1o 2022. Pero tres colegas se focalizaron en diferencias m\u00e1s personales con el Alcalde o con argumentaci\u00f3n que s\u00f3lo buscaba no aprobar, olvid\u00e1ndose que este presupuesto ayuda a toda nuestra comunidad. Adem\u00e1s, desde ellos mismos surgi\u00f3 la necesidad de capacitarse en tema presupuestario para lo que el municipio puso a disposici\u00f3n al Director de Control hace bastante tiempo atr\u00e1s\u201d.<\/p>\n<p style=\"text-align: justify;\">Finalmente, con el voto del Alcalde Francisco Roncagliolo Lepio, los Concejales Ximena Ar\u00e9valo Soto, Larry Letcher Mercier y Cristian Jaramillo Pineda se aprob\u00f3 el presupuesto municipal de Cisnes 2022. El jefe comunal, cerr\u00f3 sus palabras, llamando a los Concejales de oposici\u00f3n a dejar de lado las mezquindades pol\u00edticas, sobre todo en temas tan relevantes como este, donde est\u00e1 en juego el sueldo de los trabajadores y trabajadoras, el normal funcionamiento de la Municipalidad, la entrega de ayudas sociales y el apoyo a las distintas localidades mediante los departamentos que posee el Municipio.<\/p>\n<\/div><\/section><\/div><\/p>\n<div  style='height:50px' class='hr hr-invisible   avia-builder-el-6  el_after_av_one_full  el_before_av_social_share '><span class='hr-inner ' ><span class='hr-inner-style'><\/span><\/span><\/div>\n<div  class='av-social-sharing-box  avia-builder-el-7  el_after_av_hr  el_before_av_hr  '><div class='av-share-box'><h5 class='av-share-link-description av-no-toc '>Compartir esta noticia<\/h5><ul class='av-share-box-list noLightbox'><li class='av-share-link av-social-link-facebook' ><a target=\"_blank\" aria-label=\"Compartir en Facebook\" href='https:\/\/www.facebook.com\/sharer.php?u=https:\/\/radiorevelacionfm.cl\/?p=11802&#038;t=Alcalde%20Cisnes%20y%20presupuesto%202022%3A%20%E2%80%9CConcejales%20de%20Oposici%C3%B3n%20quer%C3%ADan%20dar%20la%20espalda%20a%20los%20trabajadores%2C%20frenar%20el%20avance%20y%20beneficios%20sociales%20a%20la%20comunidad%E2%80%9D' aria-hidden='false' data-av_icon='\ue8f3' data-av_iconfont='entypo-fontello' title='' data-avia-related-tooltip='Compartir en Facebook' rel=\"noopener\"><span class='avia_hidden_link_text'>Compartir en Facebook<\/span><\/a><\/li><li class='av-share-link av-social-link-twitter' ><a target=\"_blank\" aria-label=\"Compartir en Twitter\" href='https:\/\/twitter.com\/share?text=Alcalde%20Cisnes%20y%20presupuesto%202022%3A%20%E2%80%9CConcejales%20de%20Oposici%C3%B3n%20quer%C3%ADan%20dar%20la%20espalda%20a%20los%20trabajadores%2C%20frenar%20el%20avance%20y%20beneficios%20sociales%20a%20la%20comunidad%E2%80%9D&#038;url=https:\/\/radiorevelacionfm.cl\/?p=11802' aria-hidden='false' data-av_icon='\ue8f1' data-av_iconfont='entypo-fontello' title='' data-avia-related-tooltip='Compartir en Twitter' rel=\"noopener\"><span class='avia_hidden_link_text'>Compartir en Twitter<\/span><\/a><\/li><li class='av-share-link av-social-link-whatsapp' ><a target=\"_blank\" aria-label=\"Compartir en Whatsapp\" href='https:\/\/api.whatsapp.com\/send?text=https:\/\/radiorevelacionfm.cl\/?p=11802' aria-hidden='false' data-av_icon='\uf232' data-av_iconfont='entypo-fontello' title='' data-avia-related-tooltip='Compartir en Whatsapp' rel=\"noopener\"><span class='avia_hidden_link_text'>Compartir en Whatsapp<\/span><\/a><\/li><li class='av-share-link av-social-link-linkedin' ><a target=\"_blank\" aria-label=\"Compartir en LinkedIn\" href='https:\/\/linkedin.com\/shareArticle?mini=true&#038;title=Alcalde%20Cisnes%20y%20presupuesto%202022%3A%20%E2%80%9CConcejales%20de%20Oposici%C3%B3n%20quer%C3%ADan%20dar%20la%20espalda%20a%20los%20trabajadores%2C%20frenar%20el%20avance%20y%20beneficios%20sociales%20a%20la%20comunidad%E2%80%9D&#038;url=https:\/\/radiorevelacionfm.cl\/?p=11802' aria-hidden='false' data-av_icon='\ue8fc' data-av_iconfont='entypo-fontello' title='' data-avia-related-tooltip='Compartir en LinkedIn' rel=\"noopener\"><span class='avia_hidden_link_text'>Compartir en LinkedIn<\/span><\/a><\/li><li class='av-share-link av-social-link-mail' ><a  aria-label=\"Compartir por correo\" href='mailto:?subject=Alcalde%20Cisnes%20y%20presupuesto%202022%3A%20%E2%80%9CConcejales%20de%20Oposici%C3%B3n%20quer%C3%ADan%20dar%20la%20espalda%20a%20los%20trabajadores%2C%20frenar%20el%20avance%20y%20beneficios%20sociales%20a%20la%20comunidad%E2%80%9D&#038;body=https:\/\/radiorevelacionfm.cl\/?p=11802' aria-hidden='false' data-av_icon='\ue805' data-av_iconfont='entypo-fontello' title='' data-avia-related-tooltip='Compartir por correo'><span class='avia_hidden_link_text'>Compartir por correo<\/span><\/a><\/li><\/ul><\/div><\/div>\n<div  style='height:50px' class='hr hr-invisible   avia-builder-el-8  el_after_av_social_share  el_before_av_comments_list '><span class='hr-inner ' ><span class='hr-inner-style'><\/span><\/span><\/div>\n<div  class='av-buildercomment  av-blog-meta-html-info-disabled av-blog-meta-tag-disabled  '><\/div>\n","protected":false},"excerpt":{"rendered":"","protected":false},"author":1,"featured_media":11803,"comment_status":"open","ping_status":"open","sticky":false,"template":"","format":"standard","meta":{"footnotes":""},"categories":[38],"tags":[],"class_list":["post-11802","post","type-post","status-publish","format-standard","has-post-thumbnail","hentry","category-regional"],"jetpack_featured_media_url":"https:\/\/radiorevelacionfm.cl\/wp-content\/uploads\/2021\/12\/CISNES1-2-2.jpg","_links":{"self":[{"href":"https:\/\/radiorevelacionfm.cl\/index.php?rest_route=\/wp\/v2\/posts\/11802","targetHints":{"allow":["GET"]}}],"collection":[{"href":"https:\/\/radiorevelacionfm.cl\/index.php?rest_route=\/wp\/v2\/posts"}],"about":[{"href":"https:\/\/radiorevelacionfm.cl\/index.php?rest_route=\/wp\/v2\/types\/post"}],"author":[{"embeddable":true,"href":"https:\/\/radiorevelacionfm.cl\/index.php?rest_route=\/wp\/v2\/users\/1"}],"replies":[{"embeddable":true,"href":"https:\/\/radiorevelacionfm.cl\/index.php?rest_route=%2Fwp%2Fv2%2Fcomments&post=11802"}],"version-history":[{"count":3,"href":"https:\/\/radiorevelacionfm.cl\/index.php?rest_route=\/wp\/v2\/posts\/11802\/revisions"}],"predecessor-version":[{"id":11805,"href":"https:\/\/radiorevelacionfm.cl\/index.php?rest_route=\/wp\/v2\/posts\/11802\/revisions\/11805"}],"wp:featuredmedia":[{"embeddable":true,"href":"https:\/\/radiorevelacionfm.cl\/index.php?rest_route=\/wp\/v2\/media\/11803"}],"wp:attachment":[{"href":"https:\/\/radiorevelacionfm.cl\/index.php?rest_route=%2Fwp%2Fv2%2Fmedia&parent=11802"}],"wp:term":[{"taxonomy":"category","embeddable":true,"href":"https:\/\/radiorevelacionfm.cl\/index.php?rest_route=%2Fwp%2Fv2%2Fcategories&post=11802"},{"taxonomy":"post_tag","embeddable":true,"href":"https:\/\/radiorevelacionfm.cl\/index.php?rest_route=%2Fwp%2Fv2%2Ftags&post=11802"}],"curies":[{"name":"wp","href":"https:\/\/api.w.org\/{rel}","templated":true}]}}