{"id":11798,"date":"2021-12-13T14:55:49","date_gmt":"2021-12-13T17:55:49","guid":{"rendered":"https:\/\/radiorevelacionfm.cl\/?p=11798"},"modified":"2021-12-13T14:55:49","modified_gmt":"2021-12-13T17:55:49","slug":"juzgado-de-chile-chico-acoge-demanda-por-despido-injustificado-de-ex-funcionarios-municipales","status":"publish","type":"post","link":"https:\/\/radiorevelacionfm.cl\/?p=11798","title":{"rendered":"Juzgado de Chile Chico acoge demanda por despido injustificado de ex funcionarios municipales"},"content":{"rendered":"<div class=\"flex_column av_one_full  flex_column_div av-zero-column-padding first  avia-builder-el-0  el_before_av_one_full  avia-builder-el-first  \" style='border-radius:0px; '><div  class='avia-image-container  av-styling-    avia-builder-el-1  avia-builder-el-no-sibling  avia-align-center '  itemprop=\"image\" itemscope=\"itemscope\" itemtype=\"https:\/\/schema.org\/ImageObject\"  ><div class='avia-image-container-inner'><div class='avia-image-overlay-wrap'><img decoding=\"async\" class='wp-image-11799 avia-img-lazy-loading-not-11799 avia_image' src=\"https:\/\/radiorevelacionfm.cl\/wp-content\/uploads\/2021\/12\/Foto-tribunal-Chile-Chico-2-2.jpg\" alt='' title='Foto tribunal Chile Chico-2-2' height=\"600\" width=\"1068\"  itemprop=\"thumbnailUrl\" srcset=\"https:\/\/radiorevelacionfm.cl\/wp-content\/uploads\/2021\/12\/Foto-tribunal-Chile-Chico-2-2.jpg 1068w, https:\/\/radiorevelacionfm.cl\/wp-content\/uploads\/2021\/12\/Foto-tribunal-Chile-Chico-2-2-300x169.jpg 300w, https:\/\/radiorevelacionfm.cl\/wp-content\/uploads\/2021\/12\/Foto-tribunal-Chile-Chico-2-2-1030x579.jpg 1030w, https:\/\/radiorevelacionfm.cl\/wp-content\/uploads\/2021\/12\/Foto-tribunal-Chile-Chico-2-2-768x431.jpg 768w, https:\/\/radiorevelacionfm.cl\/wp-content\/uploads\/2021\/12\/Foto-tribunal-Chile-Chico-2-2-705x396.jpg 705w, https:\/\/radiorevelacionfm.cl\/wp-content\/uploads\/2021\/12\/Foto-tribunal-Chile-Chico-2-2-600x337.jpg 600w\" sizes=\"(max-width: 1068px) 100vw, 1068px\" \/><\/div><\/div><\/div><\/div><div class=\"flex_column av_one_full  flex_column_div av-zero-column-padding first  avia-builder-el-2  el_after_av_one_full  el_before_av_one_full  column-top-margin\" style='border-radius:0px; '><section class=\"av_textblock_section \"  itemscope=\"itemscope\" itemtype=\"https:\/\/schema.org\/BlogPosting\" itemprop=\"blogPost\" ><div class='avia_textblock  '   itemprop=\"text\" ><p style=\"text-align: center;\"><strong><span style=\"font-size: 18pt;\">Juzgado de Chile Chico acoge demanda por despido injustificado de ex funcionarios municipales<\/span><\/strong><\/p>\n<div id=\"gtx-trans\" style=\"position: absolute; left: -50px; top: 4.31534px;\">\n<div class=\"gtx-trans-icon\"><\/div>\n<\/div>\n<\/div><\/section><\/div><div class=\"flex_column av_one_full  flex_column_div av-zero-column-padding first  avia-builder-el-4  el_after_av_one_full  el_before_av_hr  column-top-margin\" style='border-radius:0px; '><section class=\"av_textblock_section \"  itemscope=\"itemscope\" itemtype=\"https:\/\/schema.org\/BlogPosting\" itemprop=\"blogPost\" ><div class='avia_textblock  '   itemprop=\"text\" ><p class=\"v1MsoNormal\" style=\"text-align: justify;\">El Juzgado de Letras y Garant\u00eda de Chile Chico acogi\u00f3 la demanda colectiva por despido injustificado y cobro de prestaciones laborales presentado en representaci\u00f3n de 30 funcionarios desvinculados por la municipalidad local, entre junio y julio pasados.<\/p>\n<p class=\"v1MsoNormal\" style=\"text-align: justify;\">En los fallos (causas roles 4-2021 y 5-2021), el magistrado Guillermo Frene Candia acogi\u00f3 las demandas colectivas, tras establecer la existencia de relaci\u00f3n laboral continua entre las partes.<\/p>\n<p class=\"v1MsoNormal\" style=\"text-align: justify;\">\u00abQue en efecto, la restante prueba rendida da cuenta de un modo fehaciente que en los contratos suscritos por las partes, a excepci\u00f3n del caso que se indicar\u00e1, la municipalidad demandante ejecut\u00f3 un poder de mando y direcci\u00f3n en relaci\u00f3n con la actividad de las demandantes, poder que se manifestaba tanto en la descripci\u00f3n formal de las actividades, obligaciones y derechos pactados en el contrato suscrito por las partes, sino que tambi\u00e9n en el control material de las funciones mediante la direcci\u00f3n de un superior jer\u00e1rquico que se manifestaba tanto en la emisi\u00f3n de instrucciones como en la validaci\u00f3n de las actividades realizadas por los demandantes para dar lugar al pago por sus servicios; horarios de trabajo controlados mediante un reloj control; el establecimiento y aplicaci\u00f3n de sanciones como consecuencia de inasistencias y retrasos; as\u00ed como la consagraci\u00f3n de derechos propios de la legislaci\u00f3n laboral a la que acced\u00edan los demandantes bajo cumplimiento de los supuestos establecidos por las partes\u00bb, sostiene el fallo.<\/p>\n<p class=\"v1MsoNormal\" style=\"text-align: justify;\">La resoluci\u00f3n agrega:\u00bb Que establecido lo anterior, corresponder\u00e1 acceder a la demandada intentada de conformidad a lo dispuesto en los art\u00edculos 162 y 163 del C\u00f3digo del Trabajo, por los periodos y montos que se expresar\u00e1 en lo resolutivo de la sentencia y con los recargos dispuestos por el art\u00edculo 168 b) del mismo C\u00f3digo, teniendo como base de c\u00e1lculo para los efectos de los art\u00edculos 163 y 172 del C\u00f3digo del Trabajo, el periodo de tiempo servido por los demandantes y la remuneraci\u00f3n percibida, seg\u00fan lo expresado en el considerando D\u00c9CIMO SEXTO precedente, con excepci\u00f3n de aquellos demandantes que no cuenta con el tiempo m\u00ednimo de permanencia para acceder a las indemnizaciones establecidas en el art\u00edculo 163 ya citado\u00bb.<\/p>\n<p class=\"v1MsoNormal\" style=\"text-align: justify;\">\u00abPor otra parte, no habi\u00e9ndose incorporado por la demandada prueba alguna que pueda sostener el cumplimiento de las disposiciones de los contratos suscritos y art\u00edculo 67 del C\u00f3digo de Trabajo, en relaci\u00f3n a los d\u00edas administrativos y al feriado demandado respecto de los demandantes se\u00f1alados en la demanda, se acceder\u00e1 a este concepto, en la forma como se establecer\u00e1 en lo resolutivo de la sentencia, teniendo como base de c\u00e1lculo la remuneraci\u00f3n establecida en el considerando ya indicado\u00bb, a\u00f1ade.<\/p>\n<p class=\"v1MsoNormal\" style=\"text-align: justify;\">Para el tribunal: \u00ab(&#8230;) en relaci\u00f3n a lo demandado por cotizaciones de seguridad social, habi\u00e9ndose establecido la existencia de la relaci\u00f3n laboral entre las partes y no aportando el demandado comprobante que den cuenta del pago de las cotizaciones de previsi\u00f3n y seguridad social que correspond\u00eda retener y enterar, se acceder\u00e1 a su vez a lo solicitado en cuanto a imponer a la misma el entero de las cotizaciones impagas ante las instituciones previsionales respectivas por el tiempo de vigencia de la relaci\u00f3n laboral\u00bb.<\/p>\n<p class=\"v1MsoNormal\" style=\"text-align: justify;\">Por tanto, se resuelve:<\/p>\n<p class=\"v1MsoNormal\" style=\"text-align: justify;\">\u00abI. Que se RECHAZA LA EXCEPCI\u00d3N DE INCOMPETENCIA del tribunal opuesta por la demandada.<\/p>\n<p class=\"v1MsoNormal\" style=\"text-align: justify;\">II. Que SE ACOGEN LAS DEMANDAS interpuestas en contra de la Ilustre Municipalidad de Chile Chico.<\/p>\n<p class=\"v1MsoNormal\" style=\"text-align: justify;\">III. Que las sumas se\u00f1aladas deber\u00e1n pagarse con los reajustes e intereses que establecen los art\u00edculos 63 y 173 del C\u00f3digo del Trabajo.<\/p>\n<p class=\"v1MsoNormal\" style=\"text-align: justify;\">IV. Que respecto de los demandantes indicados en el Resuelvo II precedente, la demandada deber\u00e1 enterar adem\u00e1s las cotizaciones previsionales devengadas durante el tiempo de duraci\u00f3n de la relaci\u00f3n laboral.<\/p>\n<p class=\"v1MsoNormal\" style=\"text-align: justify;\">V. Que en relaci\u00f3n al demandante H\u00c9CTOR BERNARDO PADILLA SALGADO, se rechaza la demanda.<\/p>\n<p class=\"v1MsoNormal\" style=\"text-align: justify;\">VI. Que en lo relativo a las dem\u00e1s prestaciones demandadas, se rechaza, la demanda.<\/p>\n<p class=\"v1MsoNormal\" style=\"text-align: justify;\">VII. Que no se condena en costas a la demandada por no haber sido totalmente vencida.<\/p>\n<p class=\"v1MsoNormal\" style=\"text-align: justify;\">VIII. Ejecutoriada que se encuentre la presente sentencia, c\u00famplase con lo dispuesto en ella dentro de quinto d\u00eda y en caso contrario certif\u00edquese dicha\u00a0circunstancia y pasen los antecedentes a Cobranza Laboral y Previsional, para\u00a0el cumplimiento forzoso y compulsivo del mismo, de conformidad a lo previsto\u00a0en el art\u00edculo 466 del C\u00f3digo del Trabajo\u00bb.<\/p>\n<\/div><\/section><\/div><div  style='height:50px' class='hr hr-invisible   avia-builder-el-6  el_after_av_one_full  el_before_av_social_share '><span class='hr-inner ' ><span class='hr-inner-style'><\/span><\/span><\/div><\/p>\n<div  class='av-social-sharing-box  avia-builder-el-7  el_after_av_hr  el_before_av_hr  '><div class='av-share-box'><h5 class='av-share-link-description av-no-toc '>Compartir esta noticia<\/h5><ul class='av-share-box-list noLightbox'><li class='av-share-link av-social-link-facebook' ><a target=\"_blank\" aria-label=\"Compartir en Facebook\" href='https:\/\/www.facebook.com\/sharer.php?u=https:\/\/radiorevelacionfm.cl\/?p=11798&#038;t=Juzgado%20de%20Chile%20Chico%20acoge%20demanda%20por%20despido%20injustificado%20de%20ex%20funcionarios%20municipales' aria-hidden='false' data-av_icon='\ue8f3' data-av_iconfont='entypo-fontello' title='' data-avia-related-tooltip='Compartir en Facebook' rel=\"noopener\"><span class='avia_hidden_link_text'>Compartir en Facebook<\/span><\/a><\/li><li class='av-share-link av-social-link-twitter' ><a target=\"_blank\" aria-label=\"Compartir en Twitter\" href='https:\/\/twitter.com\/share?text=Juzgado%20de%20Chile%20Chico%20acoge%20demanda%20por%20despido%20injustificado%20de%20ex%20funcionarios%20municipales&#038;url=https:\/\/radiorevelacionfm.cl\/?p=11798' aria-hidden='false' data-av_icon='\ue8f1' data-av_iconfont='entypo-fontello' title='' data-avia-related-tooltip='Compartir en Twitter' rel=\"noopener\"><span class='avia_hidden_link_text'>Compartir en Twitter<\/span><\/a><\/li><li class='av-share-link av-social-link-whatsapp' ><a target=\"_blank\" aria-label=\"Compartir en Whatsapp\" href='https:\/\/api.whatsapp.com\/send?text=https:\/\/radiorevelacionfm.cl\/?p=11798' aria-hidden='false' data-av_icon='\uf232' data-av_iconfont='entypo-fontello' title='' data-avia-related-tooltip='Compartir en Whatsapp' rel=\"noopener\"><span class='avia_hidden_link_text'>Compartir en Whatsapp<\/span><\/a><\/li><li class='av-share-link av-social-link-linkedin' ><a target=\"_blank\" aria-label=\"Compartir en LinkedIn\" href='https:\/\/linkedin.com\/shareArticle?mini=true&#038;title=Juzgado%20de%20Chile%20Chico%20acoge%20demanda%20por%20despido%20injustificado%20de%20ex%20funcionarios%20municipales&#038;url=https:\/\/radiorevelacionfm.cl\/?p=11798' aria-hidden='false' data-av_icon='\ue8fc' data-av_iconfont='entypo-fontello' title='' data-avia-related-tooltip='Compartir en LinkedIn' rel=\"noopener\"><span class='avia_hidden_link_text'>Compartir en LinkedIn<\/span><\/a><\/li><li class='av-share-link av-social-link-mail' ><a  aria-label=\"Compartir por correo\" href='mailto:?subject=Juzgado%20de%20Chile%20Chico%20acoge%20demanda%20por%20despido%20injustificado%20de%20ex%20funcionarios%20municipales&#038;body=https:\/\/radiorevelacionfm.cl\/?p=11798' aria-hidden='false' data-av_icon='\ue805' data-av_iconfont='entypo-fontello' title='' data-avia-related-tooltip='Compartir por correo'><span class='avia_hidden_link_text'>Compartir por correo<\/span><\/a><\/li><\/ul><\/div><\/div>\n<div  style='height:50px' class='hr hr-invisible   avia-builder-el-8  el_after_av_social_share  el_before_av_comments_list '><span class='hr-inner ' ><span class='hr-inner-style'><\/span><\/span><\/div>\n<div  class='av-buildercomment  av-blog-meta-html-info-disabled av-blog-meta-tag-disabled  '><\/div>\n","protected":false},"excerpt":{"rendered":"","protected":false},"author":1,"featured_media":11799,"comment_status":"open","ping_status":"open","sticky":false,"template":"","format":"standard","meta":{"footnotes":""},"categories":[55],"tags":[],"class_list":["post-11798","post","type-post","status-publish","format-standard","has-post-thumbnail","hentry","category-justicia"],"jetpack_featured_media_url":"https:\/\/radiorevelacionfm.cl\/wp-content\/uploads\/2021\/12\/Foto-tribunal-Chile-Chico-2-2.jpg","_links":{"self":[{"href":"https:\/\/radiorevelacionfm.cl\/index.php?rest_route=\/wp\/v2\/posts\/11798","targetHints":{"allow":["GET"]}}],"collection":[{"href":"https:\/\/radiorevelacionfm.cl\/index.php?rest_route=\/wp\/v2\/posts"}],"about":[{"href":"https:\/\/radiorevelacionfm.cl\/index.php?rest_route=\/wp\/v2\/types\/post"}],"author":[{"embeddable":true,"href":"https:\/\/radiorevelacionfm.cl\/index.php?rest_route=\/wp\/v2\/users\/1"}],"replies":[{"embeddable":true,"href":"https:\/\/radiorevelacionfm.cl\/index.php?rest_route=%2Fwp%2Fv2%2Fcomments&post=11798"}],"version-history":[{"count":2,"href":"https:\/\/radiorevelacionfm.cl\/index.php?rest_route=\/wp\/v2\/posts\/11798\/revisions"}],"predecessor-version":[{"id":11801,"href":"https:\/\/radiorevelacionfm.cl\/index.php?rest_route=\/wp\/v2\/posts\/11798\/revisions\/11801"}],"wp:featuredmedia":[{"embeddable":true,"href":"https:\/\/radiorevelacionfm.cl\/index.php?rest_route=\/wp\/v2\/media\/11799"}],"wp:attachment":[{"href":"https:\/\/radiorevelacionfm.cl\/index.php?rest_route=%2Fwp%2Fv2%2Fmedia&parent=11798"}],"wp:term":[{"taxonomy":"category","embeddable":true,"href":"https:\/\/radiorevelacionfm.cl\/index.php?rest_route=%2Fwp%2Fv2%2Fcategories&post=11798"},{"taxonomy":"post_tag","embeddable":true,"href":"https:\/\/radiorevelacionfm.cl\/index.php?rest_route=%2Fwp%2Fv2%2Ftags&post=11798"}],"curies":[{"name":"wp","href":"https:\/\/api.w.org\/{rel}","templated":true}]}}