{"id":11791,"date":"2021-12-13T10:28:58","date_gmt":"2021-12-13T13:28:58","guid":{"rendered":"https:\/\/radiorevelacionfm.cl\/?p=11791"},"modified":"2021-12-13T10:28:58","modified_gmt":"2021-12-13T13:28:58","slug":"pensionados-recibiran-aguinaldo-navideno-junto-con-su-pago-del-mes-de-diciembre","status":"publish","type":"post","link":"https:\/\/radiorevelacionfm.cl\/?p=11791","title":{"rendered":"Pensionados recibir\u00e1n aguinaldo navide\u00f1o junto con su pago del mes de diciembre"},"content":{"rendered":"<div class=\"flex_column av_one_full  flex_column_div av-zero-column-padding first  avia-builder-el-0  el_before_av_one_full  avia-builder-el-first  \" style='border-radius:0px; '><div  class='avia-image-container  av-styling-    avia-builder-el-1  avia-builder-el-no-sibling  avia-align-center '  itemprop=\"image\" itemscope=\"itemscope\" itemtype=\"https:\/\/schema.org\/ImageObject\"  ><div class='avia-image-container-inner'><div class='avia-image-overlay-wrap'><img decoding=\"async\" class='wp-image-11792 avia-img-lazy-loading-not-11792 avia_image' src=\"https:\/\/radiorevelacionfm.cl\/wp-content\/uploads\/2021\/12\/aguinaldo-navidad-3.jpg\" alt='' title='aguinaldo-navidad-3' height=\"400\" width=\"750\"  itemprop=\"thumbnailUrl\" srcset=\"https:\/\/radiorevelacionfm.cl\/wp-content\/uploads\/2021\/12\/aguinaldo-navidad-3.jpg 750w, https:\/\/radiorevelacionfm.cl\/wp-content\/uploads\/2021\/12\/aguinaldo-navidad-3-300x160.jpg 300w, https:\/\/radiorevelacionfm.cl\/wp-content\/uploads\/2021\/12\/aguinaldo-navidad-3-705x376.jpg 705w, https:\/\/radiorevelacionfm.cl\/wp-content\/uploads\/2021\/12\/aguinaldo-navidad-3-600x320.jpg 600w\" sizes=\"(max-width: 750px) 100vw, 750px\" \/><\/div><\/div><\/div><\/div><div class=\"flex_column av_one_full  flex_column_div av-zero-column-padding first  avia-builder-el-2  el_after_av_one_full  el_before_av_one_full  column-top-margin\" style='border-radius:0px; '><section class=\"av_textblock_section \"  itemscope=\"itemscope\" itemtype=\"https:\/\/schema.org\/BlogPosting\" itemprop=\"blogPost\" ><div class='avia_textblock  '   itemprop=\"text\" ><h2 style=\"text-align: center;\"><span style=\"color: #ffcc00; font-size: 18pt;\">Pensionados recibir\u00e1n aguinaldo navide\u00f1o junto con su pago del mes\u00a0de diciembre<\/span><\/h2>\n<div id=\"gtx-trans\" style=\"position: absolute; left: -50px; top: 4.31534px;\">\n<div class=\"gtx-trans-icon\"><\/div>\n<\/div>\n<\/div><\/section><\/div><div class=\"flex_column av_one_full  flex_column_div av-zero-column-padding first  avia-builder-el-4  el_after_av_one_full  el_before_av_hr  column-top-margin\" style='border-radius:0px; '><section class=\"av_textblock_section \"  itemscope=\"itemscope\" itemtype=\"https:\/\/schema.org\/BlogPosting\" itemprop=\"blogPost\" ><div class='avia_textblock  '   itemprop=\"text\" ><p style=\"text-align: justify;\">El Aguinaldo de Navidad\u00a0para este a\u00f1o es de\u00a0$23.704, y se pagar\u00e1 a quienes est\u00e9n pensionados al 30 de noviembre de 2021.\u00a0Es importante conocer que el dinero del Aguinaldo de Navidad no est\u00e1 afecto a descuentos. Adem\u00e1s, no se considera para el pago de impuestos (no es tributable) ni de cotizaciones previsionales y\/o de salud (no es imponible).<\/p>\n<p style=\"text-align: justify;\">Este\u00a0se incrementar\u00e1 en 13.392 pesos por cada persona\u00a0que, al 30 de noviembre de 2021, la persona pensionada tenga acreditada como carga familiar.\u00a0El incremento del aguinaldo deber\u00e1 pagarse a quien perciba o hubiera podido percibir la asignaci\u00f3n familiar en caso de que estas asignaciones sean recibidas por una persona distinta del pensionado.<\/p>\n<p style=\"text-align: justify;\">Son beneficiarios de este apoyo:<\/p>\n<p style=\"text-align: justify;\">&#8211; Pensionados del Instituto de Previsi\u00f3n Social (IPS) que tengan una Pensi\u00f3n B\u00e1sica Solidaria\u00a0de Vejez\u00a0o\u00a0de Invalidez.<br \/>\n&#8211; Pensionados del Instituto de Seguridad Laboral (ISL).<br \/>\n&#8211; Pensionados de las ex Cajas de Previsi\u00f3n y ex Servicio de Seguro Social (INP, actualmente IPS).<br \/>\n&#8211; Pensionados de Caja de Previsi\u00f3n de Dipreca y Capredena.<br \/>\n&#8211; Pensionados de las Mutualidades de Empleadores de la\u00a0Ley N\u00ba 16.744.<br \/>\n&#8211; Pensionados de reparaci\u00f3n:\u00a0Ley N\u00ba 19.123 (Rettig)\u00a0y\u00a0Ley N\u00ba 19.992 (Valech).<br \/>\n&#8211; Pensionados de AFP o compa\u00f1\u00edas de seguro con garant\u00eda estatal o Aporte Previsional Solidario (de Vejez\u00a0o\u00a0de Invalidez).<br \/>\n&#8211; Beneficiarios de la indemnizaci\u00f3n compensatoria especial para la industria del carb\u00f3n (Ley N\u00ba 19.129, art\u00edculo 11).<br \/>\n&#8211; Beneficiarios del Subsidio por Discapacidad Mental.<\/p>\n<\/div><\/section><\/div><div  style='height:50px' class='hr hr-invisible   avia-builder-el-6  el_after_av_one_full  el_before_av_social_share '><span class='hr-inner ' ><span class='hr-inner-style'><\/span><\/span><\/div><\/p>\n<div  class='av-social-sharing-box  avia-builder-el-7  el_after_av_hr  el_before_av_hr  '><div class='av-share-box'><h5 class='av-share-link-description av-no-toc '>Compartir esta noticia<\/h5><ul class='av-share-box-list noLightbox'><li class='av-share-link av-social-link-facebook' ><a target=\"_blank\" aria-label=\"Compartir en Facebook\" href='https:\/\/www.facebook.com\/sharer.php?u=https:\/\/radiorevelacionfm.cl\/?p=11791&#038;t=Pensionados%20recibir%C3%A1n%20aguinaldo%20navide%C3%B1o%20junto%20con%20su%20pago%20del%20mes%20de%20diciembre' aria-hidden='false' data-av_icon='\ue8f3' data-av_iconfont='entypo-fontello' title='' data-avia-related-tooltip='Compartir en Facebook' rel=\"noopener\"><span class='avia_hidden_link_text'>Compartir en Facebook<\/span><\/a><\/li><li class='av-share-link av-social-link-twitter' ><a target=\"_blank\" aria-label=\"Compartir en Twitter\" href='https:\/\/twitter.com\/share?text=Pensionados%20recibir%C3%A1n%20aguinaldo%20navide%C3%B1o%20junto%20con%20su%20pago%20del%20mes%20de%20diciembre&#038;url=https:\/\/radiorevelacionfm.cl\/?p=11791' aria-hidden='false' data-av_icon='\ue8f1' data-av_iconfont='entypo-fontello' title='' data-avia-related-tooltip='Compartir en Twitter' rel=\"noopener\"><span class='avia_hidden_link_text'>Compartir en Twitter<\/span><\/a><\/li><li class='av-share-link av-social-link-whatsapp' ><a target=\"_blank\" aria-label=\"Compartir en Whatsapp\" href='https:\/\/api.whatsapp.com\/send?text=https:\/\/radiorevelacionfm.cl\/?p=11791' aria-hidden='false' data-av_icon='\uf232' data-av_iconfont='entypo-fontello' title='' data-avia-related-tooltip='Compartir en Whatsapp' rel=\"noopener\"><span class='avia_hidden_link_text'>Compartir en Whatsapp<\/span><\/a><\/li><li class='av-share-link av-social-link-linkedin' ><a target=\"_blank\" aria-label=\"Compartir en LinkedIn\" href='https:\/\/linkedin.com\/shareArticle?mini=true&#038;title=Pensionados%20recibir%C3%A1n%20aguinaldo%20navide%C3%B1o%20junto%20con%20su%20pago%20del%20mes%20de%20diciembre&#038;url=https:\/\/radiorevelacionfm.cl\/?p=11791' aria-hidden='false' data-av_icon='\ue8fc' data-av_iconfont='entypo-fontello' title='' data-avia-related-tooltip='Compartir en LinkedIn' rel=\"noopener\"><span class='avia_hidden_link_text'>Compartir en LinkedIn<\/span><\/a><\/li><li class='av-share-link av-social-link-mail' ><a  aria-label=\"Compartir por correo\" href='mailto:?subject=Pensionados%20recibir%C3%A1n%20aguinaldo%20navide%C3%B1o%20junto%20con%20su%20pago%20del%20mes%20de%20diciembre&#038;body=https:\/\/radiorevelacionfm.cl\/?p=11791' aria-hidden='false' data-av_icon='\ue805' data-av_iconfont='entypo-fontello' title='' data-avia-related-tooltip='Compartir por correo'><span class='avia_hidden_link_text'>Compartir por correo<\/span><\/a><\/li><\/ul><\/div><\/div>\n<div  style='height:50px' class='hr hr-invisible   avia-builder-el-8  el_after_av_social_share  el_before_av_comments_list '><span class='hr-inner ' ><span class='hr-inner-style'><\/span><\/span><\/div>\n<div  class='av-buildercomment  av-blog-meta-html-info-disabled av-blog-meta-tag-disabled  '><\/div>\n","protected":false},"excerpt":{"rendered":"","protected":false},"author":1,"featured_media":11792,"comment_status":"open","ping_status":"open","sticky":false,"template":"","format":"standard","meta":{"footnotes":""},"categories":[38],"tags":[],"class_list":["post-11791","post","type-post","status-publish","format-standard","has-post-thumbnail","hentry","category-regional"],"jetpack_featured_media_url":"https:\/\/radiorevelacionfm.cl\/wp-content\/uploads\/2021\/12\/aguinaldo-navidad-3.jpg","_links":{"self":[{"href":"https:\/\/radiorevelacionfm.cl\/index.php?rest_route=\/wp\/v2\/posts\/11791","targetHints":{"allow":["GET"]}}],"collection":[{"href":"https:\/\/radiorevelacionfm.cl\/index.php?rest_route=\/wp\/v2\/posts"}],"about":[{"href":"https:\/\/radiorevelacionfm.cl\/index.php?rest_route=\/wp\/v2\/types\/post"}],"author":[{"embeddable":true,"href":"https:\/\/radiorevelacionfm.cl\/index.php?rest_route=\/wp\/v2\/users\/1"}],"replies":[{"embeddable":true,"href":"https:\/\/radiorevelacionfm.cl\/index.php?rest_route=%2Fwp%2Fv2%2Fcomments&post=11791"}],"version-history":[{"count":2,"href":"https:\/\/radiorevelacionfm.cl\/index.php?rest_route=\/wp\/v2\/posts\/11791\/revisions"}],"predecessor-version":[{"id":11797,"href":"https:\/\/radiorevelacionfm.cl\/index.php?rest_route=\/wp\/v2\/posts\/11791\/revisions\/11797"}],"wp:featuredmedia":[{"embeddable":true,"href":"https:\/\/radiorevelacionfm.cl\/index.php?rest_route=\/wp\/v2\/media\/11792"}],"wp:attachment":[{"href":"https:\/\/radiorevelacionfm.cl\/index.php?rest_route=%2Fwp%2Fv2%2Fmedia&parent=11791"}],"wp:term":[{"taxonomy":"category","embeddable":true,"href":"https:\/\/radiorevelacionfm.cl\/index.php?rest_route=%2Fwp%2Fv2%2Fcategories&post=11791"},{"taxonomy":"post_tag","embeddable":true,"href":"https:\/\/radiorevelacionfm.cl\/index.php?rest_route=%2Fwp%2Fv2%2Ftags&post=11791"}],"curies":[{"name":"wp","href":"https:\/\/api.w.org\/{rel}","templated":true}]}}